{"id":10149,"date":"2018-06-28T16:54:48","date_gmt":"2018-06-28T14:54:48","guid":{"rendered":"http:\/\/www.thesignspeaking.com\/?p=10149"},"modified":"2018-07-03T14:10:27","modified_gmt":"2018-07-03T12:10:27","slug":"fashioners-of-the-world-ied-barcelona-fashion-show-2018","status":"publish","type":"post","link":"https:\/\/www.thesignspeaking.com\/it\/fashioners-of-the-world-ied-barcelona-fashion-show-2018\/","title":{"rendered":"Fashioners of the World, IED Barcelona Fashion Show 2018"},"content":{"rendered":"<span class=\"cb-itemprop\" itemprop=\"reviewBody\"><p style=\"text-align: left;\">Gli studenti del corso di laurea in Fashion Design e il BA (Hons) in Fashion Design hanno presentato le loro collezioni di fine corso con una sfilata organizzata dallo <strong><a href=\"https:\/\/iedbarcelona.es\/en\/\">IED Barcelona<\/a><\/strong> Design University al Design Hub di Barcellona il 21 giugno scorso. Il risultato rivela una significativa dedizione da parte degli studenti e riflette i criteri e l&#8217;abilit\u00e0 del team didattico dello IED Barcelona che li ha guidati nel processo. Gli studenti hanno avuto la fortuna di ricevere consigli da professionisti come Pilar Pasamontes e Julia Weems, Fashion Director dello IED Barcelona, ma anche Juan Salvad\u00f3, Jos\u00e9 Castro, Txell Miras, Ren\u00e9 Zamudio, Sebasti\u00e1n Pons e lo stilista Jaume Vidiella, che hanno condiviso il loro patrimonio di conoscenze dando un contributo alla realizzazione dei progetti.<\/p>\n<p style=\"text-align: center;\"><img decoding=\"async\" class=\"size-large wp-image-10152 aligncenter\" src=\"http:\/\/www.thesignspeaking.com\/wp-content\/uploads\/2018\/06\/GemmaGasion_019-.jpg\" alt=\"\" width=\"680\" height=\"1020\" srcset=\"https:\/\/www.thesignspeaking.com\/wp-content\/uploads\/2018\/06\/GemmaGasion_019-.jpg 680w, https:\/\/www.thesignspeaking.com\/wp-content\/uploads\/2018\/06\/GemmaGasion_019--200x300.jpg 200w\" sizes=\"(max-width: 680px) 100vw, 680px\" \/> Gemma Gasion<img decoding=\"async\" class=\"size-large wp-image-10153 aligncenter\" src=\"http:\/\/www.thesignspeaking.com\/wp-content\/uploads\/2018\/06\/GemmaGasion_002-.jpg\" alt=\"\" width=\"680\" height=\"1020\" srcset=\"https:\/\/www.thesignspeaking.com\/wp-content\/uploads\/2018\/06\/GemmaGasion_002-.jpg 680w, https:\/\/www.thesignspeaking.com\/wp-content\/uploads\/2018\/06\/GemmaGasion_002--200x300.jpg 200w\" sizes=\"(max-width: 680px) 100vw, 680px\" \/>Gemma Gasion<img decoding=\"async\" class=\"size-large wp-image-10158 aligncenter\" src=\"http:\/\/www.thesignspeaking.com\/wp-content\/uploads\/2018\/06\/ClaudiaAleu_002.jpg\" alt=\"\" width=\"680\" height=\"1020\" srcset=\"https:\/\/www.thesignspeaking.com\/wp-content\/uploads\/2018\/06\/ClaudiaAleu_002.jpg 680w, https:\/\/www.thesignspeaking.com\/wp-content\/uploads\/2018\/06\/ClaudiaAleu_002-200x300.jpg 200w\" sizes=\"(max-width: 680px) 100vw, 680px\" \/>Claudia Aleu<\/p>\n<p style=\"text-align: left;\">La collezione &#8220;Man oTo&#8221; di Ines Monjo \u00e8 stata scelta come vincitrice del premio Franca Sozzani Best Collection da una prestigiosa giuria internazionale composta da Elisa Pervinca Bellini, Talent Editor per Vogue Italia, Francine Pairon, Fashion Consultant e Co-founder di La Cambre Mode e direttore di FMI, Inmaculada Jim\u00e9nez, direttore creativo e moda di Elle Spagna, e dal designer belga Jean-Paul Lespagnard. La studentessa Ines Monjo del corso di laurea in Fashion Design \u00e8 stata ispirata da un disturbo alimentare di cui ha sofferto e dal rapporto mente-corpo che lei stessa ha vissuto fino a quando non ha trovato una stabilit\u00e0. La collezione \u00e8 composta da sei stili che rappresentano i diversi stati d&#8217;animo causati da questa condizione. Il tema di fondo di tutta la collezione \u2013 nella quale ha giocato magistralmente con tinte, consistenze e volumi &#8211; sono i fiori e i loro colori vivaci, che tracciano un legame tra loro e le varie fasi del suo disturbo. La collezione ci porta da un fiore appassito dalla mancanza d&#8217;acqua (anoressia) a un fiore gonfio d\u2019acqua (bulimia), finendo con un&#8217;esplosione di colore e luce quando ha superato la condizione trasmettendo grazie ai volumi contrastanti il legame tra mente e corpo nel corso degli anni.<\/p>\n<p style=\"text-align: center;\"><img decoding=\"async\" class=\"size-large wp-image-10151 aligncenter\" src=\"http:\/\/www.thesignspeaking.com\/wp-content\/uploads\/2018\/06\/InesMonjo_011.jpg\" alt=\"\" width=\"680\" height=\"1020\" srcset=\"https:\/\/www.thesignspeaking.com\/wp-content\/uploads\/2018\/06\/InesMonjo_011.jpg 680w, https:\/\/www.thesignspeaking.com\/wp-content\/uploads\/2018\/06\/InesMonjo_011-200x300.jpg 200w\" sizes=\"(max-width: 680px) 100vw, 680px\" \/>In\u00e9s Monjo<\/p>\n<p style=\"text-align: left;\">Nell&#8217;edizione 2018 sono stati assegnati anche altri due premi speciali: il pluripremiato film di moda &#8220;SANTMERCAT&#8221; di Anna Masclans ha ricevuto l\u2019<em>Isabel Coixet <\/em><em>Best Fashion Film<\/em>\u00a0<em>Prize<\/em> direttamente dalle mani dell\u2019acclamata regista; e, per la prima volta, il <em>Manuel Outumuro Prize<\/em><em>\u00a0for Best Shooting<\/em>, \u00e8 stato consegnato personalmente dal prestigioso fotografo che ha scelto due progetti vincitori: rispettivamente nelle categorie fashion design e style. &#8220;Man oTo&#8221; di <strong>In\u00e9s Monjo<\/strong> prodotto da <strong>The Red Light Studio<\/strong> ha vinto il premio per il miglior shooting nella categoria fashion design, mentre il vincitore del premio Best Shooting-Style \u00e8 stato vinto da <strong>Berta Ricard<\/strong> del corso di laurea in Fashion Styling e comunicazione con il progetto &#8220;Kinopsia&#8221;. Con le immagini di <strong>Alexandra Cepeda<\/strong>, il progetto ricorda l&#8217;atmosfera triste e misteriosa che si respira in un luogo che \u00e8 stato recentemente abbandonato. Nello specifico, \u00e8 ispirato allo tsunami in Tailandia del 2004 e gli elementi come corda, acqua e reti da pesca vogliono trasmettere la sensazione di tensione, soffocamento e ansia.<\/p>\n<p style=\"text-align: left;\">&#8220;<em>Fashioners of the World presenta un\u2019ampia gamma di abiti molto eclettici ispirati a culture diverse per simboleggiare la complessit\u00e0 del tessuto sociale e relazionale di oggi, nonch\u00e9 il ruolo ufficiale del design come interprete universale delle numerose identit\u00e0 globali del 21\u00b0 secolo<\/em>&#8220;, ha spiegato Alessandro Manetti, direttore generale di IED Barcelona per tutte le diciannove collezioni presentate al Design Hub. &#8220;Ognuno di questi outfit \u00e8 il risultato di ore di duro lavoro nei laboratori della scuola e dimostra la padronanza tecnica di questi giovani designer, che grazie alla loro creativit\u00e0 sono riusciti a sviluppare proposte innovative, la maggior parte delle quali legate a storie personali molto originali&#8221;, ha aggiunto il direttore di IED.<\/p>\n<p style=\"text-align: center;\"><img decoding=\"async\" class=\"size-full wp-image-10186 aligncenter\" src=\"http:\/\/www.thesignspeaking.com\/wp-content\/uploads\/2018\/06\/DanielaVelez_013-1.jpg\" alt=\"\" width=\"680\" height=\"1020\" srcset=\"https:\/\/www.thesignspeaking.com\/wp-content\/uploads\/2018\/06\/DanielaVelez_013-1.jpg 680w, https:\/\/www.thesignspeaking.com\/wp-content\/uploads\/2018\/06\/DanielaVelez_013-1-200x300.jpg 200w\" sizes=\"(max-width: 680px) 100vw, 680px\" \/>Daniela Velez<img decoding=\"async\" class=\"size-large wp-image-10155 aligncenter\" src=\"http:\/\/www.thesignspeaking.com\/wp-content\/uploads\/2018\/06\/DanielaVelez_010.jpg\" alt=\"\" width=\"680\" height=\"1020\" srcset=\"https:\/\/www.thesignspeaking.com\/wp-content\/uploads\/2018\/06\/DanielaVelez_010.jpg 680w, https:\/\/www.thesignspeaking.com\/wp-content\/uploads\/2018\/06\/DanielaVelez_010-200x300.jpg 200w\" sizes=\"(max-width: 680px) 100vw, 680px\" \/>Daniela Velez<img decoding=\"async\" class=\"size-large wp-image-10156 aligncenter\" src=\"http:\/\/www.thesignspeaking.com\/wp-content\/uploads\/2018\/06\/DanielaVelez_002.jpg\" alt=\"\" width=\"680\" height=\"1020\" srcset=\"https:\/\/www.thesignspeaking.com\/wp-content\/uploads\/2018\/06\/DanielaVelez_002.jpg 680w, https:\/\/www.thesignspeaking.com\/wp-content\/uploads\/2018\/06\/DanielaVelez_002-200x300.jpg 200w\" sizes=\"(max-width: 680px) 100vw, 680px\" \/>Daniela Velez<img decoding=\"async\" class=\"size-full wp-image-10150 aligncenter\" src=\"http:\/\/www.thesignspeaking.com\/wp-content\/uploads\/2018\/06\/JuliaMartin_010.jpg\" alt=\"\" width=\"680\" height=\"1020\" srcset=\"https:\/\/www.thesignspeaking.com\/wp-content\/uploads\/2018\/06\/JuliaMartin_010.jpg 680w, https:\/\/www.thesignspeaking.com\/wp-content\/uploads\/2018\/06\/JuliaMartin_010-200x300.jpg 200w\" sizes=\"(max-width: 680px) 100vw, 680px\" \/>Julia Martin<\/p>\n<p style=\"text-align: left;\">Dal 2002 il campus IED di Barcellona si consolida come una delle scuole pi\u00f9 importanti nella formazione del design ed \u00e8 stata riconosciuta come School of Higher Studies in Design dal governo della Catalogna (Generalitat de Catalunya). Offre corsi di laurea in Product Design, Interior Design, Fashion Design e Graphic Design, oltre a diplomi universitari (Diplomi IED) in Management per le industrie creative, Bachelor of Arts (Honours) convalidati dall&#8217;Universit\u00e0 di Westminster, master e corsi post laurea, programmi di studio continuativi e corsi estivi, che ogni anno attirano circa mille studenti provenienti da oltre cento diversi paesi, contribuendo a creare un ambiente multiculturale e interdisciplinare.<\/p>\n<p style=\"text-align: center;\"><img decoding=\"async\" class=\"size-large wp-image-10159 aligncenter\" src=\"http:\/\/www.thesignspeaking.com\/wp-content\/uploads\/2018\/06\/CarlaCanadell_016.jpg\" alt=\"\" width=\"680\" height=\"1020\" srcset=\"https:\/\/www.thesignspeaking.com\/wp-content\/uploads\/2018\/06\/CarlaCanadell_016.jpg 680w, https:\/\/www.thesignspeaking.com\/wp-content\/uploads\/2018\/06\/CarlaCanadell_016-200x300.jpg 200w\" sizes=\"(max-width: 680px) 100vw, 680px\" \/>Carla Canadell<img decoding=\"async\" class=\"size-large wp-image-10157 aligncenter\" src=\"http:\/\/www.thesignspeaking.com\/wp-content\/uploads\/2018\/06\/ClaudiaCardona_003.jpg\" alt=\"\" width=\"680\" height=\"1020\" srcset=\"https:\/\/www.thesignspeaking.com\/wp-content\/uploads\/2018\/06\/ClaudiaCardona_003.jpg 680w, https:\/\/www.thesignspeaking.com\/wp-content\/uploads\/2018\/06\/ClaudiaCardona_003-200x300.jpg 200w\" sizes=\"(max-width: 680px) 100vw, 680px\" \/>Claudia Cardona<\/p>\n<\/span>","protected":false},"excerpt":{"rendered":"<p>Gli studenti del corso di laurea in Fashion Design e il BA (Hons) in Fashion Design hanno presentato le loro collezioni di fine corso con una sfilata organizzata dallo IED Barcelona Design University al Design Hub di Barcellona il 21 giugno scorso. Il risultato rivela una significativa dedizione da parte degli studenti e riflette i [&hellip;]<\/p>\n","protected":false},"author":3,"featured_media":10186,"comment_status":"open","ping_status":"open","sticky":false,"template":"","format":"standard","meta":[],"categories":[4],"tags":[27,207,229,227,33,225,228,226,186],"_links":{"self":[{"href":"https:\/\/www.thesignspeaking.com\/it\/wp-json\/wp\/v2\/posts\/10149"}],"collection":[{"href":"https:\/\/www.thesignspeaking.com\/it\/wp-json\/wp\/v2\/posts"}],"about":[{"href":"https:\/\/www.thesignspeaking.com\/it\/wp-json\/wp\/v2\/types\/post"}],"author":[{"embeddable":true,"href":"https:\/\/www.thesignspeaking.com\/it\/wp-json\/wp\/v2\/users\/3"}],"replies":[{"embeddable":true,"href":"https:\/\/www.thesignspeaking.com\/it\/wp-json\/wp\/v2\/comments?post=10149"}],"version-history":[{"count":0,"href":"https:\/\/www.thesignspeaking.com\/it\/wp-json\/wp\/v2\/posts\/10149\/revisions"}],"wp:featuredmedia":[{"embeddable":true,"href":"https:\/\/www.thesignspeaking.com\/it\/wp-json\/wp\/v2\/media\/10186"}],"wp:attachment":[{"href":"https:\/\/www.thesignspeaking.com\/it\/wp-json\/wp\/v2\/media?parent=10149"}],"wp:term":[{"taxonomy":"category","embeddable":true,"href":"https:\/\/www.thesignspeaking.com\/it\/wp-json\/wp\/v2\/categories?post=10149"},{"taxonomy":"post_tag","embeddable":true,"href":"https:\/\/www.thesignspeaking.com\/it\/wp-json\/wp\/v2\/tags?post=10149"}],"curies":[{"name":"wp","href":"https:\/\/api.w.org\/{rel}","templated":true}]}}