{"id":10318,"date":"2018-07-20T14:57:25","date_gmt":"2018-07-20T12:57:25","guid":{"rendered":"http:\/\/www.thesignspeaking.com\/?p=10318"},"modified":"2018-07-20T15:15:57","modified_gmt":"2018-07-20T13:15:57","slug":"10318-2","status":"publish","type":"post","link":"https:\/\/www.thesignspeaking.com\/it\/10318-2\/","title":{"rendered":"MARIANNA CIMINI, MEDITERRANEAN AUDACITY AND MINIMALISM"},"content":{"rendered":"<span class=\"cb-itemprop\" itemprop=\"reviewBody\"><p>Il lancio del brand\u00a0<strong><a href=\"http:\/\/www.mariannacimini.it\/\">Marianna Cimini<\/a><\/strong>\u00a0\u00e8 del 2012, quando in occasione della Mercedes Benz Fashion Week di Milano riceve l\u2019apprezzamento da parte della critica. Nel 2014 la fashion designer italiana viene inserita da Vogue Talents tra i migliori duecento designer emergenti e sfila a Roma alla decima edizione del concorso \u201cWho is on next?\u201d organizzato da Vogue Italia e AltaRoma. Cresciuta nella Costiera Amalfitana, Marianna Cimini, dopo gli studi all\u2019Istituto Marangoni a Milano, inizia a collaborare con importanti brand italiani tra cui MaxMara, dove disegna per pi\u00f9 di tre anni la linea \u2018S MaxMara e Tod\u2019s, dove \u00e8 responsabile di una capsule collection per Fay Donna. Vince numerosi premi tra cui \u201cPremio Moda Italia\u201d sponsorizzato dal CNA, finalista con menzione speciale del concorso\u00a0\u201cNext Generation\u201d organizzato dalla Camera Nazionale della Moda Italiana\u00a0<strong><a href=\"https:\/\/www.cameramoda.it\/en\/\">Camera Nazionale <\/a>della Moda Italiana<\/strong> ed \u00e8 finalista al concorso Muuse per Vogue Talents for The Young Vision Awards.<img decoding=\"async\" class=\"size-large wp-image-10323 aligncenter\" src=\"http:\/\/www.thesignspeaking.com\/wp-content\/uploads\/2018\/07\/IMG_5195-682x1024.jpeg\" alt=\"\" width=\"682\" height=\"1024\" srcset=\"https:\/\/www.thesignspeaking.com\/wp-content\/uploads\/2018\/07\/IMG_5195-682x1024.jpeg 682w, https:\/\/www.thesignspeaking.com\/wp-content\/uploads\/2018\/07\/IMG_5195-200x300.jpeg 200w, https:\/\/www.thesignspeaking.com\/wp-content\/uploads\/2018\/07\/IMG_5195-768x1154.jpeg 768w, https:\/\/www.thesignspeaking.com\/wp-content\/uploads\/2018\/07\/IMG_5195.jpeg 852w\" sizes=\"(max-width: 682px) 100vw, 682px\" \/>Il marchio, interamente Made in Italy, si distingue per l\u2019equilibro tra femminilit\u00e0 e attualit\u00e0. Marianna Cimini \u00e8 un marchio che unendo l\u2019amore per linee ben definite alla semplicit\u00e0 e la funzionalit\u00e0 dell\u2019abbigliamento sportivo imprime alle collezioni un\u2019essenza sportswear-chic. La sua donna impone una presenza raffinata, ma non rigorosa, elegante ma contemporanea: freschezza e leggerezza delle linee e stampe per un fascino sofisticato che non passa inosservato. I colori sono taglienti e potenti e creano abbinamenti arditi e contrastanti, che Marianna riassume in quella che lei definisce \u201cgrafica metropolitana\u201d, che tuttavia conserva nel suo minimalismo anche l\u2019audacia mediterranea in cui il brand trova le sue radici.<img decoding=\"async\" class=\"size-large wp-image-10319 aligncenter\" src=\"http:\/\/www.thesignspeaking.com\/wp-content\/uploads\/2018\/07\/Collage_Fotor-Cimini-1024x1024.jpg\" alt=\"\" width=\"1024\" height=\"1024\" srcset=\"https:\/\/www.thesignspeaking.com\/wp-content\/uploads\/2018\/07\/Collage_Fotor-Cimini-1024x1024.jpg 1024w, https:\/\/www.thesignspeaking.com\/wp-content\/uploads\/2018\/07\/Collage_Fotor-Cimini-150x150.jpg 150w, https:\/\/www.thesignspeaking.com\/wp-content\/uploads\/2018\/07\/Collage_Fotor-Cimini-300x300.jpg 300w, https:\/\/www.thesignspeaking.com\/wp-content\/uploads\/2018\/07\/Collage_Fotor-Cimini-768x768.jpg 768w, https:\/\/www.thesignspeaking.com\/wp-content\/uploads\/2018\/07\/Collage_Fotor-Cimini-125x125.jpg 125w\" sizes=\"(max-width: 1024px) 100vw, 1024px\" \/>Nella collezione Marianna Cimini Donna autunno\/inverno 2018-2019 si vuole raccontare una femminilit\u00e0 moderna, ma capace di gesti romantici. Una donna consapevole ed energica in grado di superare i limiti imposti da chi l\u2019ha immaginata e dipinta. La luce impressionista e i colori brillanti della tela \u201cLa Femme \u00e0 l\u2019ombrelle\u201d di Claude Monet sono il mezzo di un\u2019espressione libera e vitale, trovando oltre il dipinto un\u2019estensione fisica in materiali lucidi e specchiati. L\u2019attenzione \u00e8 subito rubata da un giardino fiorito di pennellate rapide e vivaci, un vortice di luce e colore dinamico e attuale. Fit over e scivolati, con volumi e capi pensati per accompagnare una donna romantica e dinamica nelle diverse occasioni di una giornata in citt\u00e0.<img decoding=\"async\" class=\"size-large wp-image-10320 aligncenter\" src=\"http:\/\/www.thesignspeaking.com\/wp-content\/uploads\/2018\/07\/Collage_Fotor-cimini-fiori-1024x1024.jpg\" alt=\"\" width=\"1024\" height=\"1024\" srcset=\"https:\/\/www.thesignspeaking.com\/wp-content\/uploads\/2018\/07\/Collage_Fotor-cimini-fiori-1024x1024.jpg 1024w, https:\/\/www.thesignspeaking.com\/wp-content\/uploads\/2018\/07\/Collage_Fotor-cimini-fiori-150x150.jpg 150w, https:\/\/www.thesignspeaking.com\/wp-content\/uploads\/2018\/07\/Collage_Fotor-cimini-fiori-300x300.jpg 300w, https:\/\/www.thesignspeaking.com\/wp-content\/uploads\/2018\/07\/Collage_Fotor-cimini-fiori-768x768.jpg 768w, https:\/\/www.thesignspeaking.com\/wp-content\/uploads\/2018\/07\/Collage_Fotor-cimini-fiori-125x125.jpg 125w\" sizes=\"(max-width: 1024px) 100vw, 1024px\" \/>Maxi-cappotti e crop top in eco pelliccia stampata, gonne pencil, pea coat in doppia cr\u00eape di lana, completi giacca-pantalone dal taglio maschile prendono forma dalle tonalit\u00e0 verdi e dei marroni bruciati. Il grigio metallico delle nuvole di Monet e le rapide pennellate di luce si traducono in bagliori vivaci e inaspettati di macro-paillettes su abiti boxy e top. Abiti coulisse reversibili in nylon water proof, gonne midi e trench in vernice donano una continua iridescenza a una nuova donna, ormai lontana dalla tela impressionista. Una \u201cSuzanne\u201d, non pi\u00f9 stretta e costretta in corsetti, che si appropria ora di capospalla tecnici e di abiti lunghi in seta, privati dei volumi impressionisti. Un fiore sfugge alla tela e accompagna il racconto in stampe macro in rosso e in nero, con una nuova verve energica e sensuale: in nylon su maxi coat e su habotai in seta per camicie e chemisier.<img decoding=\"async\" class=\"size-large wp-image-10321 aligncenter\" src=\"http:\/\/www.thesignspeaking.com\/wp-content\/uploads\/2018\/07\/IMG_5187-682x1024.jpeg\" alt=\"\" width=\"682\" height=\"1024\" srcset=\"https:\/\/www.thesignspeaking.com\/wp-content\/uploads\/2018\/07\/IMG_5187-682x1024.jpeg 682w, https:\/\/www.thesignspeaking.com\/wp-content\/uploads\/2018\/07\/IMG_5187-200x300.jpeg 200w, https:\/\/www.thesignspeaking.com\/wp-content\/uploads\/2018\/07\/IMG_5187-768x1154.jpeg 768w, https:\/\/www.thesignspeaking.com\/wp-content\/uploads\/2018\/07\/IMG_5187.jpeg 852w\" sizes=\"(max-width: 682px) 100vw, 682px\" \/><img decoding=\"async\" class=\"size-large wp-image-10324 aligncenter\" src=\"http:\/\/www.thesignspeaking.com\/wp-content\/uploads\/2018\/07\/IMG_5189-682x1024.jpeg\" alt=\"\" width=\"682\" height=\"1024\" srcset=\"https:\/\/www.thesignspeaking.com\/wp-content\/uploads\/2018\/07\/IMG_5189-682x1024.jpeg 682w, https:\/\/www.thesignspeaking.com\/wp-content\/uploads\/2018\/07\/IMG_5189-200x300.jpeg 200w, https:\/\/www.thesignspeaking.com\/wp-content\/uploads\/2018\/07\/IMG_5189-768x1154.jpeg 768w, https:\/\/www.thesignspeaking.com\/wp-content\/uploads\/2018\/07\/IMG_5189.jpeg 852w\" sizes=\"(max-width: 682px) 100vw, 682px\" \/><img decoding=\"async\" class=\"size-large wp-image-10322 aligncenter\" src=\"http:\/\/www.thesignspeaking.com\/wp-content\/uploads\/2018\/07\/IMG_5205-682x1024.jpeg\" alt=\"\" width=\"682\" height=\"1024\" srcset=\"https:\/\/www.thesignspeaking.com\/wp-content\/uploads\/2018\/07\/IMG_5205-682x1024.jpeg 682w, https:\/\/www.thesignspeaking.com\/wp-content\/uploads\/2018\/07\/IMG_5205-200x300.jpeg 200w, https:\/\/www.thesignspeaking.com\/wp-content\/uploads\/2018\/07\/IMG_5205-768x1154.jpeg 768w, https:\/\/www.thesignspeaking.com\/wp-content\/uploads\/2018\/07\/IMG_5205.jpeg 852w\" sizes=\"(max-width: 682px) 100vw, 682px\" \/><\/p>\n<\/span>","protected":false},"excerpt":{"rendered":"<p>Il lancio del brand\u00a0Marianna Cimini\u00a0\u00e8 del 2012, quando in occasione della Mercedes Benz Fashion Week di Milano riceve l\u2019apprezzamento da parte della critica. Nel 2014 la fashion designer italiana viene inserita da Vogue Talents tra i migliori duecento designer emergenti e sfila a Roma alla decima edizione del concorso \u201cWho is on next?\u201d organizzato da [&hellip;]<\/p>\n","protected":false},"author":3,"featured_media":10319,"comment_status":"open","ping_status":"open","sticky":false,"template":"","format":"standard","meta":[],"categories":[4],"tags":[291,292,288,289,227,33,290,293,286,200],"_links":{"self":[{"href":"https:\/\/www.thesignspeaking.com\/it\/wp-json\/wp\/v2\/posts\/10318"}],"collection":[{"href":"https:\/\/www.thesignspeaking.com\/it\/wp-json\/wp\/v2\/posts"}],"about":[{"href":"https:\/\/www.thesignspeaking.com\/it\/wp-json\/wp\/v2\/types\/post"}],"author":[{"embeddable":true,"href":"https:\/\/www.thesignspeaking.com\/it\/wp-json\/wp\/v2\/users\/3"}],"replies":[{"embeddable":true,"href":"https:\/\/www.thesignspeaking.com\/it\/wp-json\/wp\/v2\/comments?post=10318"}],"version-history":[{"count":0,"href":"https:\/\/www.thesignspeaking.com\/it\/wp-json\/wp\/v2\/posts\/10318\/revisions"}],"wp:featuredmedia":[{"embeddable":true,"href":"https:\/\/www.thesignspeaking.com\/it\/wp-json\/wp\/v2\/media\/10319"}],"wp:attachment":[{"href":"https:\/\/www.thesignspeaking.com\/it\/wp-json\/wp\/v2\/media?parent=10318"}],"wp:term":[{"taxonomy":"category","embeddable":true,"href":"https:\/\/www.thesignspeaking.com\/it\/wp-json\/wp\/v2\/categories?post=10318"},{"taxonomy":"post_tag","embeddable":true,"href":"https:\/\/www.thesignspeaking.com\/it\/wp-json\/wp\/v2\/tags?post=10318"}],"curies":[{"name":"wp","href":"https:\/\/api.w.org\/{rel}","templated":true}]}}