{"id":10632,"date":"2018-09-18T09:36:04","date_gmt":"2018-09-18T07:36:04","guid":{"rendered":"http:\/\/www.thesignspeaking.com\/?p=10632"},"modified":"2018-09-18T09:43:41","modified_gmt":"2018-09-18T07:43:41","slug":"nude-a-design-talent-place-in-valencia","status":"publish","type":"post","link":"https:\/\/www.thesignspeaking.com\/it\/nude-a-design-talent-place-in-valencia\/","title":{"rendered":"nude, a design talent place in Valencia"},"content":{"rendered":"<span class=\"cb-itemprop\" itemprop=\"reviewBody\"><p>Il fil rouge che collega gli oggetti esposti a\u00a0<strong><a href=\"http:\/\/www.nudegeneration.com\/\">Nude<\/a><\/strong> 2018 &#8211; a\u00a0<strong><a href=\"https:\/\/www.feriahabitatvalencia.com\/en\/\">Habitat<\/a><\/strong>\u00a0a Valencia &#8211;<\/p>\n<p>sono le nuove funzionalit\u00e0 e i nuovi materiali per gli arredi e i complementi progettati per fornire soluzioni per la vita di tutti i giorni. Sempre ricco di sorprese \u00e8 un trampolino di lancio per i designer del futuro. I partecipanti a Sal\u00f3n nude di quest&#8217;anno sono stati selezionati da una giuria composta dal Dean of the College of Interior Designers della Comunitat Valenciana, Pepe Cos\u00edn, la designer Eva Prego di Stone Designs, Pilar Tendero, rappresentante per la Spagna della nota rivista italiana Domus e Actiu CMO Jes\u00fas Moreno. In rappresentanza di Feria Valencia Ana Segovia e Mar\u00eda Fontes in qualit\u00e0 rispettivamente di art director per Feria H\u00e1bitat Valencia e di manager per Sal\u00f3n nude.<\/p>\n<p>Sono stati selezionati in totale di undici designer e studi di design con giovani talenti provenienti da Comunitat Valenciana, Catalunya, La Rioja, Madrid, Galicia, Euskadi and M\u00e9xico: Aggaro, Alberto Vera, Estudio Dalangi, Eugenia Bosc\u00e1, Jaume Molina, Konkrit Blu Arquitectura, May Arratia Estudio, Octavio Asensio, Tabuhome e Versus Ecodesign Estudio. Oltre a loro, anche Germ\u00e1n Mu\u00f1oz Carvajal studente di design messicano.<\/p>\n<p>A Sal\u00f3n nude 2018 saranno ancora presenti un numero significativo di universit\u00e0 e scuole di design, che scelgono sempre di pi\u00f9 Feria H\u00e1bitat Valencia come piattaforma per mostrare le aree in cui si specializzano, la ricerca e l&#8217;innovazione che intraprendono nel loro percorso formativo. Partecipano quest&#8217;anno: \u2018Barreira Arte y Dise\u00f1o (Valencia)\u2019, \u2018Escuela de Arte y Superior de Cer\u00e1mica de Manises\u2019, \u2018Valencia, Escuela de Arte y Superior de Dise\u00f1o de Valencia\u2019, \u2018Escuela de Dise\u00f1o de Anahuac\u2019, Mexico, \u2018Tecnun \u2013 Universidad de Navarra\u2019, \u2018Universidad Cardenal Herrera \u2013 CEU San Pablo Valencia\u2019, \u2018Universitat Jaume I Castell\u00f3n\u2019, \u2018Universidad Polit\u00e9cnica de Valencia \u2013 ETSID\u2019 e \u2018Universidad Polit\u00e9cnica de Valencia Campus de Alcoi\u2019.<\/p>\n<p>Tra i giovani designer, abbiamo scelto\u00a0<strong><a href=\"https:\/\/dalangi.com\/\">Dalangi<\/a><\/strong>, un nuovo studio specializzato in design e arredamento per la casa fondato dalla giovane architetto Angela F-Liedo, specializzata nella progettazione di mobili per la casa. Il suo lavoro \u00e8 caratterizzato dalla chiarezza della composizione: i suoi pezzi hanno forme semplici e materiali puri che rispettano e enfatizzano la natura di ogni elemento. In ogni disegno \u00e8 impressa la sua personalit\u00e0. Estudio Dalangi presenta a Nude 2018 due tavoli che mostrano una chiara influenza geometrica, ma anche diversi tentativi di bilanciare le forme. Il risultato sono piccole sculture che, caratterizzate da una particolare attenzione ai dettagli, conferiscono originalit\u00e0 agli spazi che abitano.<\/p>\n<p><img decoding=\"async\" class=\"size-large wp-image-10634 aligncenter\" src=\"http:\/\/www.thesignspeaking.com\/wp-content\/uploads\/2018\/09\/proyectos-megot-portada-1024x633.jpg\" alt=\"\" width=\"1024\" height=\"633\" srcset=\"https:\/\/www.thesignspeaking.com\/wp-content\/uploads\/2018\/09\/proyectos-megot-portada-1024x633.jpg 1024w, https:\/\/www.thesignspeaking.com\/wp-content\/uploads\/2018\/09\/proyectos-megot-portada-300x185.jpg 300w, https:\/\/www.thesignspeaking.com\/wp-content\/uploads\/2018\/09\/proyectos-megot-portada-768x475.jpg 768w, https:\/\/www.thesignspeaking.com\/wp-content\/uploads\/2018\/09\/proyectos-megot-portada.jpg 1920w\" sizes=\"(max-width: 1024px) 100vw, 1024px\" \/> <img decoding=\"async\" class=\"size-large wp-image-10635 aligncenter\" src=\"http:\/\/www.thesignspeaking.com\/wp-content\/uploads\/2018\/09\/proyectos-cobuc-exterior-2-1024x633.jpg\" alt=\"\" width=\"1024\" height=\"633\" srcset=\"https:\/\/www.thesignspeaking.com\/wp-content\/uploads\/2018\/09\/proyectos-cobuc-exterior-2-1024x633.jpg 1024w, https:\/\/www.thesignspeaking.com\/wp-content\/uploads\/2018\/09\/proyectos-cobuc-exterior-2-300x185.jpg 300w, https:\/\/www.thesignspeaking.com\/wp-content\/uploads\/2018\/09\/proyectos-cobuc-exterior-2-768x475.jpg 768w, https:\/\/www.thesignspeaking.com\/wp-content\/uploads\/2018\/09\/proyectos-cobuc-exterior-2.jpg 1920w\" sizes=\"(max-width: 1024px) 100vw, 1024px\" \/> <img decoding=\"async\" class=\"size-large wp-image-10636 aligncenter\" src=\"http:\/\/www.thesignspeaking.com\/wp-content\/uploads\/2018\/09\/proyectos-cobuc-portada-dalangi-1024x633.jpg\" alt=\"\" width=\"1024\" height=\"633\" srcset=\"https:\/\/www.thesignspeaking.com\/wp-content\/uploads\/2018\/09\/proyectos-cobuc-portada-dalangi-1024x633.jpg 1024w, https:\/\/www.thesignspeaking.com\/wp-content\/uploads\/2018\/09\/proyectos-cobuc-portada-dalangi-300x185.jpg 300w, https:\/\/www.thesignspeaking.com\/wp-content\/uploads\/2018\/09\/proyectos-cobuc-portada-dalangi-768x475.jpg 768w, https:\/\/www.thesignspeaking.com\/wp-content\/uploads\/2018\/09\/proyectos-cobuc-portada-dalangi.jpg 1920w\" sizes=\"(max-width: 1024px) 100vw, 1024px\" \/><\/p>\n<\/span>","protected":false},"excerpt":{"rendered":"<p>Il fil rouge che collega gli oggetti esposti a\u00a0Nude 2018 &#8211; a\u00a0Habitat\u00a0a Valencia &#8211; sono le nuove funzionalit\u00e0 e i nuovi materiali per gli arredi e i complementi progettati per fornire soluzioni per la vita di tutti i giorni. Sempre ricco di sorprese \u00e8 un trampolino di lancio per i designer del futuro. I partecipanti [&hellip;]<\/p>\n","protected":false},"author":3,"featured_media":10636,"comment_status":"open","ping_status":"open","sticky":false,"template":"","format":"standard","meta":[],"categories":[7,24],"tags":[27,207,215,417,418,419,28,402,222,283,186,366,187],"_links":{"self":[{"href":"https:\/\/www.thesignspeaking.com\/it\/wp-json\/wp\/v2\/posts\/10632"}],"collection":[{"href":"https:\/\/www.thesignspeaking.com\/it\/wp-json\/wp\/v2\/posts"}],"about":[{"href":"https:\/\/www.thesignspeaking.com\/it\/wp-json\/wp\/v2\/types\/post"}],"author":[{"embeddable":true,"href":"https:\/\/www.thesignspeaking.com\/it\/wp-json\/wp\/v2\/users\/3"}],"replies":[{"embeddable":true,"href":"https:\/\/www.thesignspeaking.com\/it\/wp-json\/wp\/v2\/comments?post=10632"}],"version-history":[{"count":0,"href":"https:\/\/www.thesignspeaking.com\/it\/wp-json\/wp\/v2\/posts\/10632\/revisions"}],"wp:featuredmedia":[{"embeddable":true,"href":"https:\/\/www.thesignspeaking.com\/it\/wp-json\/wp\/v2\/media\/10636"}],"wp:attachment":[{"href":"https:\/\/www.thesignspeaking.com\/it\/wp-json\/wp\/v2\/media?parent=10632"}],"wp:term":[{"taxonomy":"category","embeddable":true,"href":"https:\/\/www.thesignspeaking.com\/it\/wp-json\/wp\/v2\/categories?post=10632"},{"taxonomy":"post_tag","embeddable":true,"href":"https:\/\/www.thesignspeaking.com\/it\/wp-json\/wp\/v2\/tags?post=10632"}],"curies":[{"name":"wp","href":"https:\/\/api.w.org\/{rel}","templated":true}]}}