{"id":1077,"date":"2014-10-06T09:38:05","date_gmt":"2014-10-06T07:38:05","guid":{"rendered":"http:\/\/thesignspeaking.com\/2018\/02\/02\/john-galliano-at-the-helm-of-margiela-2\/"},"modified":"2018-06-05T16:14:36","modified_gmt":"2018-06-05T14:14:36","slug":"john-galliano-at-the-helm-of-margiela-2","status":"publish","type":"post","link":"https:\/\/www.thesignspeaking.com\/it\/john-galliano-at-the-helm-of-margiela-2\/","title":{"rendered":"JOHN GALLIANO AT THE HELM OF MARGIELA"},"content":{"rendered":"<span class=\"cb-itemprop\" itemprop=\"reviewBody\"><p>John Galliano torna a far parlare di s\u00e8, con un nuovo progetto creativo. E&#8217; stato infatti nominato nuovo direttore creativo della casa di moda Maison Martin Margiela. In un comunicato, la Only The Brave, la societ\u00e0 della famiglia Rosso che gestisce tutti i brand del gruppo (oltre a Diesel e Maison Martin Margiela ci sono Viktor&#038;Rolf e DSquared2), fa sapere che la MMM (nel fashion, il brand Maison Martin Margiela si accorcia cos\u00ec) \u00e8 pronta per una nuova anima creativa carismatica. &#8220;John Galliano \u00e8 uno dei talenti pi\u00f9 grandi di tutti i tempi, uno stilista che ha innovato l&#8217;intero fashion system&#8221;, ha detto Rosso. Genio e sregolatezza, \u00e8 il caso di dirlo. Sregolatezza perch\u00e9 non si pu\u00f2 dimenticare l&#8217;episodio che, nel 2011, lo aveva allontanato dall&#8217;incarico di direttore artistico di Dior. In un bar di Parigi, da ubriaco, aveva esclamato frasi anti-semite, generando il disdegno generale e portando la maison alla scelta drastica. Pare che tre anni di cure e silenzio stampa sia stato il prezzo da pagare per quello sbaglio e che ora le porte del fashion siano per lui di nuovo spalancate. Anche se, ironia della sorte, il suo rientro in scena avviene proprio nella maison simbolo dell&#8217;anonimato. In MMM infatti, l&#8217;identit\u00e0 del designer, dal fondatore Martin Margiela in poi, \u00e8 rimasta del tutto ignota. Con l&#8217;arrivo di John Galliano questo schema pare infranto. Secondo quanto riportato da WWD, Galliano disegner\u00e0 tutte le linee di Margiela, e il debutto ufficiale sar\u00e0 alla settimana dell&#8217;alta moda a Parigi il prossimo gennaio.<\/p>\n<p><img decoding=\"async\" src=\"http:\/\/thesignspeaking.com\/wp-content\/uploads\/2018\/02\/galliano5.jpg\" \/> <img decoding=\"async\" src=\"http:\/\/thesignspeaking.com\/wp-content\/uploads\/2018\/02\/galliano2.jpg\" \/> <img decoding=\"async\" src=\"http:\/\/thesignspeaking.com\/wp-content\/uploads\/2018\/02\/galliano3.jpg\" \/> <img decoding=\"async\" src=\"http:\/\/thesignspeaking.com\/wp-content\/uploads\/2018\/02\/galliano7.jpg\" \/> <img decoding=\"async\" src=\"http:\/\/thesignspeaking.com\/wp-content\/uploads\/2018\/02\/galliano4.jpg\" \/> <img decoding=\"async\" src=\"http:\/\/thesignspeaking.com\/wp-content\/uploads\/2018\/02\/galliano6.jpg\" \/><\/p>\n<\/span>","protected":false},"excerpt":{"rendered":"<p>John Galliano \u00e8 uno dei talenti pi\u00f9 grandi di tutti i tempi, uno stilista che ha innovato l&#8217;intero fashion system<\/p>\n","protected":false},"author":3,"featured_media":2641,"comment_status":"open","ping_status":"open","sticky":false,"template":"","format":"standard","meta":[],"categories":[4],"tags":[2],"_links":{"self":[{"href":"https:\/\/www.thesignspeaking.com\/it\/wp-json\/wp\/v2\/posts\/1077"}],"collection":[{"href":"https:\/\/www.thesignspeaking.com\/it\/wp-json\/wp\/v2\/posts"}],"about":[{"href":"https:\/\/www.thesignspeaking.com\/it\/wp-json\/wp\/v2\/types\/post"}],"author":[{"embeddable":true,"href":"https:\/\/www.thesignspeaking.com\/it\/wp-json\/wp\/v2\/users\/3"}],"replies":[{"embeddable":true,"href":"https:\/\/www.thesignspeaking.com\/it\/wp-json\/wp\/v2\/comments?post=1077"}],"version-history":[{"count":0,"href":"https:\/\/www.thesignspeaking.com\/it\/wp-json\/wp\/v2\/posts\/1077\/revisions"}],"wp:featuredmedia":[{"embeddable":true,"href":"https:\/\/www.thesignspeaking.com\/it\/wp-json\/wp\/v2\/media\/2641"}],"wp:attachment":[{"href":"https:\/\/www.thesignspeaking.com\/it\/wp-json\/wp\/v2\/media?parent=1077"}],"wp:term":[{"taxonomy":"category","embeddable":true,"href":"https:\/\/www.thesignspeaking.com\/it\/wp-json\/wp\/v2\/categories?post=1077"},{"taxonomy":"post_tag","embeddable":true,"href":"https:\/\/www.thesignspeaking.com\/it\/wp-json\/wp\/v2\/tags?post=1077"}],"curies":[{"name":"wp","href":"https:\/\/api.w.org\/{rel}","templated":true}]}}