{"id":10912,"date":"2018-11-15T14:48:08","date_gmt":"2018-11-15T13:48:08","guid":{"rendered":"http:\/\/www.thesignspeaking.com\/?p=10912"},"modified":"2018-11-15T15:00:16","modified_gmt":"2018-11-15T14:00:16","slug":"adce-awards-2018-winners","status":"publish","type":"post","link":"https:\/\/www.thesignspeaking.com\/it\/adce-awards-2018-winners\/","title":{"rendered":"ADCE AWARDS 2018 WINNERS"},"content":{"rendered":"<span class=\"cb-itemprop\" itemprop=\"reviewBody\"><p>La 27\u00b0 edizione degli <a href=\"https:\/\/www.adceurope.org\/awards\/winners\/\"><strong>ADCE Awards<\/strong><\/a> si \u00e8 svolta il 9 e il 10 novembre scorso al <strong><a href=\"http:\/\/ajuntament.barcelona.cat\/dissenyhub\/en\">Disseny Hub<\/a><\/strong> di Barcellona durante il quinto European Creativity Festival, organizzato dall\u2019<strong><a href=\"https:\/\/www.adceurope.org\/\">Art Directors Club of Europe<\/a><\/strong> (ADCE), associazione senza scopo di lucro che comprende ventidue circoli professionali e associazioni di grafica e pubblicit\u00e0 di ventuno paesi europei.<\/p>\n<p>Una giuria composta da sessantadue creativi di punta provenienti da venti diversi paesi ha assegnato 27 premi Gold, 42 Silver e 123 Nomination su un totale di 720 candidature da ventiquattro paesi Europei.<img decoding=\"async\" class=\"size-large wp-image-10918 aligncenter\" src=\"http:\/\/www.thesignspeaking.com\/wp-content\/uploads\/2018\/11\/194988_gallery_180921_BVG_Shoe_Board_1920x1080_extra02-1024x576.jpg\" alt=\"\" width=\"1024\" height=\"576\" srcset=\"https:\/\/www.thesignspeaking.com\/wp-content\/uploads\/2018\/11\/194988_gallery_180921_BVG_Shoe_Board_1920x1080_extra02-1024x576.jpg 1024w, https:\/\/www.thesignspeaking.com\/wp-content\/uploads\/2018\/11\/194988_gallery_180921_BVG_Shoe_Board_1920x1080_extra02-300x169.jpg 300w, https:\/\/www.thesignspeaking.com\/wp-content\/uploads\/2018\/11\/194988_gallery_180921_BVG_Shoe_Board_1920x1080_extra02-768x432.jpg 768w, https:\/\/www.thesignspeaking.com\/wp-content\/uploads\/2018\/11\/194988_gallery_180921_BVG_Shoe_Board_1920x1080_extra02.jpg 1920w\" sizes=\"(max-width: 1024px) 100vw, 1024px\" \/>E\u2019 stato il presidente dell&#8217;<strong><a href=\"https:\/\/www.adceurope.org\/\">ADCE<\/a><\/strong>, Ami Hasan, a rivelare il vincitore del Grand Prix 2018: \u201c<strong>BVG x Adidas \u2013 The ticket shoe<\/strong>\u201d, creata da\u00a0<strong><a href=\"https:\/\/www.jvm.com\/en\/\">Jung von Matt<\/a> <\/strong>per l&#8217;azienda di trasporti pubblici\u00a0<strong><a href=\"https:\/\/www.bvg.de\/en\">Berliner Verkehrsbetriebe (BVG)<\/a><\/strong>. A Berlino la cultura \u00e8 di base anti-establishment, quindi anche l\u2019essere anti-BVG. Per spostare la percezione dei giovani berlinesi sul sistema di trasporto BVG, la campagna ha coinvolto Adidas, il marchio di streetwear numero uno a Berlino. \u00c8 stata lanciata la sneaker BVG x Adidas Originals EQT Berlin in edizione limitata, che include un biglietto annuale BVG. Per la campagna \u00e8 stato anche creato un brano musicale speciale chiamato BVG &#8211; Adidas. La sneaker \u00e8 diventata in poche ore oggetto di culto ed \u00e8 stata rivenduta online a 3.500,00 euro e BVG ha ottenuto 10,6 miliardi di impression online nel mondo!<img decoding=\"async\" class=\"size-large wp-image-10917 aligncenter\" src=\"http:\/\/www.thesignspeaking.com\/wp-content\/uploads\/2018\/11\/194987_gallery_180921_BVG_Shoe_Board_1920x1080_extra01-1024x576.jpg\" alt=\"\" width=\"1024\" height=\"576\" srcset=\"https:\/\/www.thesignspeaking.com\/wp-content\/uploads\/2018\/11\/194987_gallery_180921_BVG_Shoe_Board_1920x1080_extra01-1024x576.jpg 1024w, https:\/\/www.thesignspeaking.com\/wp-content\/uploads\/2018\/11\/194987_gallery_180921_BVG_Shoe_Board_1920x1080_extra01-300x169.jpg 300w, https:\/\/www.thesignspeaking.com\/wp-content\/uploads\/2018\/11\/194987_gallery_180921_BVG_Shoe_Board_1920x1080_extra01-768x432.jpg 768w, https:\/\/www.thesignspeaking.com\/wp-content\/uploads\/2018\/11\/194987_gallery_180921_BVG_Shoe_Board_1920x1080_extra01.jpg 1920w\" sizes=\"(max-width: 1024px) 100vw, 1024px\" \/><img decoding=\"async\" class=\"size-large wp-image-10916 alignnone\" src=\"http:\/\/www.thesignspeaking.com\/wp-content\/uploads\/2018\/11\/194986_gallery_180921_4.8_Graphic-Design_Any-Other_BVG_Shoe_Board_1920x1080-1024x576.jpg\" alt=\"\" width=\"1024\" height=\"576\" srcset=\"https:\/\/www.thesignspeaking.com\/wp-content\/uploads\/2018\/11\/194986_gallery_180921_4.8_Graphic-Design_Any-Other_BVG_Shoe_Board_1920x1080-1024x576.jpg 1024w, https:\/\/www.thesignspeaking.com\/wp-content\/uploads\/2018\/11\/194986_gallery_180921_4.8_Graphic-Design_Any-Other_BVG_Shoe_Board_1920x1080-300x169.jpg 300w, https:\/\/www.thesignspeaking.com\/wp-content\/uploads\/2018\/11\/194986_gallery_180921_4.8_Graphic-Design_Any-Other_BVG_Shoe_Board_1920x1080-768x432.jpg 768w, https:\/\/www.thesignspeaking.com\/wp-content\/uploads\/2018\/11\/194986_gallery_180921_4.8_Graphic-Design_Any-Other_BVG_Shoe_Board_1920x1080.jpg 1920w\" sizes=\"(max-width: 1024px) 100vw, 1024px\" \/>Tra i 27 premi \u201cGold\u201d nelle diverse categorie, ricordiamo per il Graphic Design:<\/p>\n<p><strong>\u201cHornbach Werkst\u00fcck Edition 001\u201d<\/strong> di\u00a0<strong><a href=\"http:\/\/www.heimat-berlin.com\/\">Heimat Berlin<\/a><\/strong> (Germania) per Hornbach come Graphic Communication.<\/p>\n<p><strong>\u201c<\/strong><strong>Olafur Eliasson: Pentagonal Landscapes\u201d <\/strong>di\u00a0<strong><a href=\"https:\/\/kuudes.com\/\">Kuudes<\/a><\/strong> (Finlandia) per EMMA \u2013 Espoo Museum of Modern Art come Editorial Design.<img decoding=\"async\" class=\" wp-image-10913 aligncenter\" src=\"http:\/\/www.thesignspeaking.com\/wp-content\/uploads\/2018\/11\/178464_gallery_OE_Kuudes16_Photo_by_Paavo_Lehtonen-1024x640.jpg\" alt=\"\" width=\"1024\" height=\"640\" srcset=\"https:\/\/www.thesignspeaking.com\/wp-content\/uploads\/2018\/11\/178464_gallery_OE_Kuudes16_Photo_by_Paavo_Lehtonen-1024x640.jpg 1024w, https:\/\/www.thesignspeaking.com\/wp-content\/uploads\/2018\/11\/178464_gallery_OE_Kuudes16_Photo_by_Paavo_Lehtonen-300x188.jpg 300w, https:\/\/www.thesignspeaking.com\/wp-content\/uploads\/2018\/11\/178464_gallery_OE_Kuudes16_Photo_by_Paavo_Lehtonen-768x480.jpg 768w\" sizes=\"(max-width: 1024px) 100vw, 1024px\" \/><img decoding=\"async\" class=\"size-large wp-image-10914 aligncenter\" src=\"http:\/\/www.thesignspeaking.com\/wp-content\/uploads\/2018\/11\/178467_gallery_OE_Kuudes35_Photo_by_Paavo_Lehtonen-1024x640.jpg\" alt=\"\" width=\"1024\" height=\"640\" srcset=\"https:\/\/www.thesignspeaking.com\/wp-content\/uploads\/2018\/11\/178467_gallery_OE_Kuudes35_Photo_by_Paavo_Lehtonen-1024x640.jpg 1024w, https:\/\/www.thesignspeaking.com\/wp-content\/uploads\/2018\/11\/178467_gallery_OE_Kuudes35_Photo_by_Paavo_Lehtonen-300x188.jpg 300w, https:\/\/www.thesignspeaking.com\/wp-content\/uploads\/2018\/11\/178467_gallery_OE_Kuudes35_Photo_by_Paavo_Lehtonen-768x480.jpg 768w\" sizes=\"(max-width: 1024px) 100vw, 1024px\" \/><strong>\u201cLAVA\u201d <\/strong>di\u00a0<strong><a href=\"http:\/\/gagarin.is\/\">Gagar\u00edn<\/a><\/strong> \/ <strong><a href=\"https:\/\/www.basalt.is\/\">Basalt Architects<\/a><\/strong> (Islanda) per il Lava Centre come Spatial\/Experiential Design.<\/p>\n<div id=\"attachment_10915\" style=\"width: 1034px\"  class=\"wp-caption aligncenter\"><img decoding=\"async\" class=\"size-large wp-image-10915\" src=\"http:\/\/www.thesignspeaking.com\/wp-content\/uploads\/2018\/11\/189529_gallery_LAVA_Tephra__003-1024x683.jpg\" alt=\"\" width=\"1024\" height=\"683\" srcset=\"https:\/\/www.thesignspeaking.com\/wp-content\/uploads\/2018\/11\/189529_gallery_LAVA_Tephra__003-1024x683.jpg 1024w, https:\/\/www.thesignspeaking.com\/wp-content\/uploads\/2018\/11\/189529_gallery_LAVA_Tephra__003-300x200.jpg 300w, https:\/\/www.thesignspeaking.com\/wp-content\/uploads\/2018\/11\/189529_gallery_LAVA_Tephra__003-768x512.jpg 768w, https:\/\/www.thesignspeaking.com\/wp-content\/uploads\/2018\/11\/189529_gallery_LAVA_Tephra__003-360x240.jpg 360w\" sizes=\"(max-width: 1024px) 100vw, 1024px\" \/><p class=\"wp-caption-text\">Photographer: Magnus Elvar Jonsson<\/p><\/div>\n<p>E assecondando la filosofia di thesignspeaking di supportare il talento nei giovani designer per la categoria\u00a0<strong>European Student of the Year<\/strong><strong>:<\/strong><\/p>\n<p>&#8211; Design: <strong>\u201cHabitat\u201d<\/strong> di\u00a0<strong>Tom Hegen<\/strong> (Germania) della Hochschule Konstanz University of Applied Sciences.<img decoding=\"async\" class=\"size-large wp-image-10920 aligncenter\" src=\"http:\/\/www.thesignspeaking.com\/wp-content\/uploads\/2018\/11\/204619_gallery_Tom_Hegen_ADC_Bildmaterial_Marketing-4-1024x683.jpg\" alt=\"\" width=\"1024\" height=\"683\" srcset=\"https:\/\/www.thesignspeaking.com\/wp-content\/uploads\/2018\/11\/204619_gallery_Tom_Hegen_ADC_Bildmaterial_Marketing-4.jpg 1024w, https:\/\/www.thesignspeaking.com\/wp-content\/uploads\/2018\/11\/204619_gallery_Tom_Hegen_ADC_Bildmaterial_Marketing-4-300x200.jpg 300w, https:\/\/www.thesignspeaking.com\/wp-content\/uploads\/2018\/11\/204619_gallery_Tom_Hegen_ADC_Bildmaterial_Marketing-4-768x512.jpg 768w, https:\/\/www.thesignspeaking.com\/wp-content\/uploads\/2018\/11\/204619_gallery_Tom_Hegen_ADC_Bildmaterial_Marketing-4-360x240.jpg 360w\" sizes=\"(max-width: 1024px) 100vw, 1024px\" \/>&#8211; Design: <strong>\u201cSun Wukong \u2013 An Immersive Graphic Novel\u201d <\/strong>di\u00a0<strong>Jeffrey Guan<\/strong> (Austria) della University of Applied Arts di Vienna.<\/p>\n<p>&#8211; Ideas: <strong>\u201cLigatura\u201d<\/strong> di\u00a0<strong>Sebastian Kubik<\/strong> (Austria) della University of Applied Arts di Vienna.<\/p>\n<p>Come\u00a0<strong>Young European Creative: <\/strong><\/p>\n<p>&#8211; Design: <strong>\u201cSheboard \u2013 Raised by Words\u201d <\/strong>di\u00a0<strong>Katariina Harteela<\/strong> \/ <strong>Hasan &#038; Partners<\/strong> (Finlandia) per Plan International Finland.<img decoding=\"async\" class=\"size-large wp-image-10919 aligncenter\" src=\"http:\/\/www.thesignspeaking.com\/wp-content\/uploads\/2018\/11\/204537_gallery_HH2_Sheboard_1-1024x539.jpg\" alt=\"\" width=\"1024\" height=\"539\" srcset=\"https:\/\/www.thesignspeaking.com\/wp-content\/uploads\/2018\/11\/204537_gallery_HH2_Sheboard_1.jpg 1024w, https:\/\/www.thesignspeaking.com\/wp-content\/uploads\/2018\/11\/204537_gallery_HH2_Sheboard_1-300x158.jpg 300w, https:\/\/www.thesignspeaking.com\/wp-content\/uploads\/2018\/11\/204537_gallery_HH2_Sheboard_1-768x404.jpg 768w\" sizes=\"(max-width: 1024px) 100vw, 1024px\" \/>&#8211; Creative Ideas: <strong>\u201cBAS: Bot Ad School\u201d <\/strong>di\u00a0<strong>Daniel Liakh<\/strong> e <strong>Kostia Liakhov<\/strong> (Ucraina) per Bot Ad School.<\/p>\n<\/span>","protected":false},"excerpt":{"rendered":"<p>La 27\u00b0 edizione degli ADCE Awards si \u00e8 svolta il 9 e il 10 novembre scorso al Disseny Hub di Barcellona durante il quinto European Creativity Festival, organizzato dall\u2019Art Directors Club of Europe (ADCE), associazione senza scopo di lucro che comprende ventidue circoli professionali e associazioni di grafica e pubblicit\u00e0 di ventuno paesi europei. Una [&hellip;]<\/p>\n","protected":false},"author":3,"featured_media":10918,"comment_status":"open","ping_status":"open","sticky":false,"template":"","format":"standard","meta":[],"categories":[11,24],"tags":[514,515,233,193,207,303,356,286,516],"_links":{"self":[{"href":"https:\/\/www.thesignspeaking.com\/it\/wp-json\/wp\/v2\/posts\/10912"}],"collection":[{"href":"https:\/\/www.thesignspeaking.com\/it\/wp-json\/wp\/v2\/posts"}],"about":[{"href":"https:\/\/www.thesignspeaking.com\/it\/wp-json\/wp\/v2\/types\/post"}],"author":[{"embeddable":true,"href":"https:\/\/www.thesignspeaking.com\/it\/wp-json\/wp\/v2\/users\/3"}],"replies":[{"embeddable":true,"href":"https:\/\/www.thesignspeaking.com\/it\/wp-json\/wp\/v2\/comments?post=10912"}],"version-history":[{"count":0,"href":"https:\/\/www.thesignspeaking.com\/it\/wp-json\/wp\/v2\/posts\/10912\/revisions"}],"wp:featuredmedia":[{"embeddable":true,"href":"https:\/\/www.thesignspeaking.com\/it\/wp-json\/wp\/v2\/media\/10918"}],"wp:attachment":[{"href":"https:\/\/www.thesignspeaking.com\/it\/wp-json\/wp\/v2\/media?parent=10912"}],"wp:term":[{"taxonomy":"category","embeddable":true,"href":"https:\/\/www.thesignspeaking.com\/it\/wp-json\/wp\/v2\/categories?post=10912"},{"taxonomy":"post_tag","embeddable":true,"href":"https:\/\/www.thesignspeaking.com\/it\/wp-json\/wp\/v2\/tags?post=10912"}],"curies":[{"name":"wp","href":"https:\/\/api.w.org\/{rel}","templated":true}]}}