{"id":1127,"date":"2014-10-21T09:38:15","date_gmt":"2014-10-21T09:38:15","guid":{"rendered":"http:\/\/thesignspeaking.com\/2018\/02\/02\/he-brought-high-society-into-haute-couture-goodbye-to-oscar-de-la-renta-2\/"},"modified":"2018-06-05T15:33:04","modified_gmt":"2018-06-05T13:33:04","slug":"he-brought-high-society-into-haute-couture-goodbye-to-oscar-de-la-renta-2","status":"publish","type":"post","link":"https:\/\/www.thesignspeaking.com\/it\/he-brought-high-society-into-haute-couture-goodbye-to-oscar-de-la-renta-2\/","title":{"rendered":"&#8220;HE BROUGHT HIGH SOCIETY INTO HAUTE COUTURE&#8221;. GOODBYE TO OSCAR DE LA RENTA"},"content":{"rendered":"<span class=\"cb-itemprop\" itemprop=\"reviewBody\"><p>Si \u00e8 spento ieri sera, all\u2019et\u00e0 di 82 anni, Oscar de la Renta. \u00c8 facile fare apologie di chi ormai non c\u2019\u00e8 pi\u00f9, sono solo i percorsi luminosi quelli che si contano alla fine dei giorni. Ma \u00e8 innegabile che luce \u00e8 l\u2019elemento che al meglio ha caratterizzato le creazioni del couturier. Luce di bellezza, di benessere, di una positivit\u00e0 che gli americani definirebbero \u201cwealthy\u201d, in quell\u2019accezione che solo tra i salotti della buona societ\u00e0 newyorkese pu\u00f2 trovare pieno significato. \u201cHa accompagnato l\u2019alta societ\u00e0 nell\u2019alta moda\u201d. La formazione europea, in Spagna, studiando come pittore, ha aperto gli occhi di Oscar sui colori e la bellezza del mondo. La Francia \u00e8 responsabile dell\u2019eccellenza sartoriale. L\u2019America firma la formalit\u00e0, il gusto per un abito perfetto per l\u2019occasione in cui lo si indossa. Non a caso sono le first lady pi\u00f9 eleganti, da Jackie Kennedy in poi, a preferirlo. \u00c8 ironico pensare che, in un momento cos\u00ec delicato per la moda, in cui chi decide del futuro delle strade spesso annaspa sul riconoscere innovazione nell\u2019eleganza tradizionale, e annebbia il suo giudizio con un circo di colori e di Barbie da fast food, se ne vada proprio colui a cui si deve la quanto mai attuale espressione \u201cfashion victim\u201d. Cercheremo di prestare maggiore attenzione. Il bello non muore mai.<\/p>\n<p><img decoding=\"async\" class=\"alignnone size-full wp-image-6012\" src=\"http:\/\/www.thesignspeaking.com\/wp-content\/uploads\/2014\/10\/jackie-kennedy.png\" alt=\"\" width=\"1000\" height=\"1016\" srcset=\"https:\/\/www.thesignspeaking.com\/wp-content\/uploads\/2014\/10\/jackie-kennedy.png 1000w, https:\/\/www.thesignspeaking.com\/wp-content\/uploads\/2014\/10\/jackie-kennedy-295x300.png 295w, https:\/\/www.thesignspeaking.com\/wp-content\/uploads\/2014\/10\/jackie-kennedy-768x780.png 768w\" sizes=\"(max-width: 1000px) 100vw, 1000px\" \/><img decoding=\"async\" class=\"size-full wp-image-6000 aligncenter\" src=\"http:\/\/www.thesignspeaking.com\/wp-content\/uploads\/2014\/10\/fashionselected-liu-wen-caroline-brasch-nielsen-for-oscar-de-la-renta-ss-2013-craig-mcdean-2.jpg\" alt=\"\" width=\"1000\" height=\"562\" srcset=\"https:\/\/www.thesignspeaking.com\/wp-content\/uploads\/2014\/10\/fashionselected-liu-wen-caroline-brasch-nielsen-for-oscar-de-la-renta-ss-2013-craig-mcdean-2.jpg 1000w, https:\/\/www.thesignspeaking.com\/wp-content\/uploads\/2014\/10\/fashionselected-liu-wen-caroline-brasch-nielsen-for-oscar-de-la-renta-ss-2013-craig-mcdean-2-300x169.jpg 300w, https:\/\/www.thesignspeaking.com\/wp-content\/uploads\/2014\/10\/fashionselected-liu-wen-caroline-brasch-nielsen-for-oscar-de-la-renta-ss-2013-craig-mcdean-2-768x432.jpg 768w\" sizes=\"(max-width: 1000px) 100vw, 1000px\" \/> <img decoding=\"async\" class=\"size-large wp-image-6001 aligncenter\" src=\"http:\/\/www.thesignspeaking.com\/wp-content\/uploads\/2014\/10\/oscar-de-la-renta-rtw-ss2012-runway-01_002349506367-681x1024.jpg\" alt=\"\" width=\"681\" height=\"1024\" srcset=\"https:\/\/www.thesignspeaking.com\/wp-content\/uploads\/2014\/10\/oscar-de-la-renta-rtw-ss2012-runway-01_002349506367-681x1024.jpg 681w, https:\/\/www.thesignspeaking.com\/wp-content\/uploads\/2014\/10\/oscar-de-la-renta-rtw-ss2012-runway-01_002349506367-199x300.jpg 199w, https:\/\/www.thesignspeaking.com\/wp-content\/uploads\/2014\/10\/oscar-de-la-renta-rtw-ss2012-runway-01_002349506367-768x1155.jpg 768w, https:\/\/www.thesignspeaking.com\/wp-content\/uploads\/2014\/10\/oscar-de-la-renta-rtw-ss2012-runway-01_002349506367.jpg 1000w\" sizes=\"(max-width: 681px) 100vw, 681px\" \/> <img decoding=\"async\" class=\"size-large wp-image-6002 aligncenter\" src=\"http:\/\/www.thesignspeaking.com\/wp-content\/uploads\/2014\/10\/oscar-de-la-renta-683x1024.jpg\" alt=\"\" width=\"683\" height=\"1024\" srcset=\"https:\/\/www.thesignspeaking.com\/wp-content\/uploads\/2014\/10\/oscar-de-la-renta-683x1024.jpg 683w, https:\/\/www.thesignspeaking.com\/wp-content\/uploads\/2014\/10\/oscar-de-la-renta-200x300.jpg 200w, https:\/\/www.thesignspeaking.com\/wp-content\/uploads\/2014\/10\/oscar-de-la-renta-768x1152.jpg 768w, https:\/\/www.thesignspeaking.com\/wp-content\/uploads\/2014\/10\/oscar-de-la-renta.jpg 1000w\" sizes=\"(max-width: 683px) 100vw, 683px\" \/> <img decoding=\"async\" class=\"size-large wp-image-6003 aligncenter\" src=\"http:\/\/www.thesignspeaking.com\/wp-content\/uploads\/2014\/10\/oscar-de-la-renta-03_v_15jun12_getty_b-683x1024.jpg\" alt=\"\" width=\"683\" height=\"1024\" srcset=\"https:\/\/www.thesignspeaking.com\/wp-content\/uploads\/2014\/10\/oscar-de-la-renta-03_v_15jun12_getty_b-683x1024.jpg 683w, https:\/\/www.thesignspeaking.com\/wp-content\/uploads\/2014\/10\/oscar-de-la-renta-03_v_15jun12_getty_b-200x300.jpg 200w, https:\/\/www.thesignspeaking.com\/wp-content\/uploads\/2014\/10\/oscar-de-la-renta-03_v_15jun12_getty_b-768x1152.jpg 768w, https:\/\/www.thesignspeaking.com\/wp-content\/uploads\/2014\/10\/oscar-de-la-renta-03_v_15jun12_getty_b.jpg 1000w\" sizes=\"(max-width: 683px) 100vw, 683px\" \/> <img decoding=\"async\" class=\"size-large wp-image-6004 aligncenter\" src=\"http:\/\/www.thesignspeaking.com\/wp-content\/uploads\/2014\/10\/oscar-de-la-renta-bridal-spring-2015-692x1024.jpg\" alt=\"\" width=\"692\" height=\"1024\" srcset=\"https:\/\/www.thesignspeaking.com\/wp-content\/uploads\/2014\/10\/oscar-de-la-renta-bridal-spring-2015-692x1024.jpg 692w, https:\/\/www.thesignspeaking.com\/wp-content\/uploads\/2014\/10\/oscar-de-la-renta-bridal-spring-2015-203x300.jpg 203w, https:\/\/www.thesignspeaking.com\/wp-content\/uploads\/2014\/10\/oscar-de-la-renta-bridal-spring-2015-768x1137.jpg 768w, https:\/\/www.thesignspeaking.com\/wp-content\/uploads\/2014\/10\/oscar-de-la-renta-bridal-spring-2015.jpg 1000w\" sizes=\"(max-width: 692px) 100vw, 692px\" \/> <img decoding=\"async\" class=\"size-large wp-image-6005 aligncenter\" src=\"http:\/\/www.thesignspeaking.com\/wp-content\/uploads\/2014\/10\/oscar-de-la-renta-spring-2014-runway-show-ny-fashion-week.jpg\" alt=\"\" width=\"1000\" height=\"1000\" srcset=\"https:\/\/www.thesignspeaking.com\/wp-content\/uploads\/2014\/10\/oscar-de-la-renta-spring-2014-runway-show-ny-fashion-week.jpg 1000w, https:\/\/www.thesignspeaking.com\/wp-content\/uploads\/2014\/10\/oscar-de-la-renta-spring-2014-runway-show-ny-fashion-week-150x150.jpg 150w, https:\/\/www.thesignspeaking.com\/wp-content\/uploads\/2014\/10\/oscar-de-la-renta-spring-2014-runway-show-ny-fashion-week-300x300.jpg 300w, https:\/\/www.thesignspeaking.com\/wp-content\/uploads\/2014\/10\/oscar-de-la-renta-spring-2014-runway-show-ny-fashion-week-768x768.jpg 768w, https:\/\/www.thesignspeaking.com\/wp-content\/uploads\/2014\/10\/oscar-de-la-renta-spring-2014-runway-show-ny-fashion-week-125x125.jpg 125w\" sizes=\"(max-width: 1000px) 100vw, 1000px\" \/><\/p>\n<div id=\"attachment_6006\" style=\"width: 791px\"  class=\"wp-caption aligncenter\"><img decoding=\"async\" class=\"size-large wp-image-6006\" src=\"http:\/\/www.thesignspeaking.com\/wp-content\/uploads\/2014\/10\/wenn21320858-781x1024.jpg\" alt=\"\" width=\"781\" height=\"1024\" srcset=\"https:\/\/www.thesignspeaking.com\/wp-content\/uploads\/2014\/10\/wenn21320858-781x1024.jpg 781w, https:\/\/www.thesignspeaking.com\/wp-content\/uploads\/2014\/10\/wenn21320858-229x300.jpg 229w, https:\/\/www.thesignspeaking.com\/wp-content\/uploads\/2014\/10\/wenn21320858-768x1007.jpg 768w, https:\/\/www.thesignspeaking.com\/wp-content\/uploads\/2014\/10\/wenn21320858.jpg 1000w\" sizes=\"(max-width: 781px) 100vw, 781px\" \/><p class=\"wp-caption-text\">&#8216;Charles James: Beyond Fashion&#8217; Costume Institute Gala at the Metropolitan Museum of Art &#8211; Outside Arrivals<br \/>Featuring: Sarah Jessica Parker<br \/>Where: New York City, New York, United States<br \/>When: 05 May 2014<br \/>Credit: Rob Rich\/WENN.com<\/p><\/div>\n<p><img decoding=\"async\" class=\"size-large wp-image-6007 aligncenter\" src=\"http:\/\/www.thesignspeaking.com\/wp-content\/uploads\/2014\/10\/vera-wang-sesame-street-oscar-de-la-renta-02-822x1024.jpg\" alt=\"\" width=\"822\" height=\"1024\" srcset=\"https:\/\/www.thesignspeaking.com\/wp-content\/uploads\/2014\/10\/vera-wang-sesame-street-oscar-de-la-renta-02-822x1024.jpg 822w, https:\/\/www.thesignspeaking.com\/wp-content\/uploads\/2014\/10\/vera-wang-sesame-street-oscar-de-la-renta-02-241x300.jpg 241w, https:\/\/www.thesignspeaking.com\/wp-content\/uploads\/2014\/10\/vera-wang-sesame-street-oscar-de-la-renta-02-768x956.jpg 768w, https:\/\/www.thesignspeaking.com\/wp-content\/uploads\/2014\/10\/vera-wang-sesame-street-oscar-de-la-renta-02.jpg 1000w\" sizes=\"(max-width: 822px) 100vw, 822px\" \/> <img decoding=\"async\" class=\"size-large wp-image-6008 aligncenter\" src=\"http:\/\/www.thesignspeaking.com\/wp-content\/uploads\/2014\/10\/oscardelarentafall2013zcdxlltzzshx-682x1024.jpg\" alt=\"\" width=\"682\" height=\"1024\" srcset=\"https:\/\/www.thesignspeaking.com\/wp-content\/uploads\/2014\/10\/oscardelarentafall2013zcdxlltzzshx-682x1024.jpg 682w, https:\/\/www.thesignspeaking.com\/wp-content\/uploads\/2014\/10\/oscardelarentafall2013zcdxlltzzshx-200x300.jpg 200w, https:\/\/www.thesignspeaking.com\/wp-content\/uploads\/2014\/10\/oscardelarentafall2013zcdxlltzzshx-768x1153.jpg 768w, https:\/\/www.thesignspeaking.com\/wp-content\/uploads\/2014\/10\/oscardelarentafall2013zcdxlltzzshx.jpg 1000w\" sizes=\"(max-width: 682px) 100vw, 682px\" \/> <img decoding=\"async\" class=\"size-large wp-image-6009 aligncenter\" src=\"http:\/\/www.thesignspeaking.com\/wp-content\/uploads\/2014\/10\/oscar-de-la-renta-print-2-683x1024.jpg\" alt=\"\" width=\"683\" height=\"1024\" srcset=\"https:\/\/www.thesignspeaking.com\/wp-content\/uploads\/2014\/10\/oscar-de-la-renta-print-2-683x1024.jpg 683w, https:\/\/www.thesignspeaking.com\/wp-content\/uploads\/2014\/10\/oscar-de-la-renta-print-2-200x300.jpg 200w, https:\/\/www.thesignspeaking.com\/wp-content\/uploads\/2014\/10\/oscar-de-la-renta-print-2-768x1152.jpg 768w, https:\/\/www.thesignspeaking.com\/wp-content\/uploads\/2014\/10\/oscar-de-la-renta-print-2.jpg 1000w\" sizes=\"(max-width: 683px) 100vw, 683px\" \/><\/p>\n<\/span>","protected":false},"excerpt":{"rendered":"<p>The salute to the taylor of the first ladies, passed last night at the age of 82.<\/p>\n","protected":false},"author":3,"featured_media":5996,"comment_status":"open","ping_status":"open","sticky":false,"template":"","format":"standard","meta":[],"categories":[4],"tags":[2],"_links":{"self":[{"href":"https:\/\/www.thesignspeaking.com\/it\/wp-json\/wp\/v2\/posts\/1127"}],"collection":[{"href":"https:\/\/www.thesignspeaking.com\/it\/wp-json\/wp\/v2\/posts"}],"about":[{"href":"https:\/\/www.thesignspeaking.com\/it\/wp-json\/wp\/v2\/types\/post"}],"author":[{"embeddable":true,"href":"https:\/\/www.thesignspeaking.com\/it\/wp-json\/wp\/v2\/users\/3"}],"replies":[{"embeddable":true,"href":"https:\/\/www.thesignspeaking.com\/it\/wp-json\/wp\/v2\/comments?post=1127"}],"version-history":[{"count":0,"href":"https:\/\/www.thesignspeaking.com\/it\/wp-json\/wp\/v2\/posts\/1127\/revisions"}],"wp:featuredmedia":[{"embeddable":true,"href":"https:\/\/www.thesignspeaking.com\/it\/wp-json\/wp\/v2\/media\/5996"}],"wp:attachment":[{"href":"https:\/\/www.thesignspeaking.com\/it\/wp-json\/wp\/v2\/media?parent=1127"}],"wp:term":[{"taxonomy":"category","embeddable":true,"href":"https:\/\/www.thesignspeaking.com\/it\/wp-json\/wp\/v2\/categories?post=1127"},{"taxonomy":"post_tag","embeddable":true,"href":"https:\/\/www.thesignspeaking.com\/it\/wp-json\/wp\/v2\/tags?post=1127"}],"curies":[{"name":"wp","href":"https:\/\/api.w.org\/{rel}","templated":true}]}}