{"id":1135,"date":"2014-10-23T09:38:15","date_gmt":"2014-10-23T07:38:15","guid":{"rendered":"http:\/\/thesignspeaking.com\/2018\/02\/02\/k-fashion-project-italy-meets-korea\/"},"modified":"2018-06-05T15:27:48","modified_gmt":"2018-06-05T13:27:48","slug":"k-fashion-project-italy-meets-korea","status":"publish","type":"post","link":"https:\/\/www.thesignspeaking.com\/it\/k-fashion-project-italy-meets-korea\/","title":{"rendered":"K FASHION PROJECT. ITALY MEETS KOREA"},"content":{"rendered":"<span class=\"cb-itemprop\" itemprop=\"reviewBody\"><p>Le relazioni diplomatiche tra Italia e Repubblica di Corea festeggiano un importante anniversario, il centotrentesimo. Un evento che si \u00e8 scelto di festeggiare con il K-Fashion Project, una sfilata di giovani talenti per accrescere la valorizzazione della manifattura attraverso la collaborazione tra le due nazioni. Ovviamente a Milano, centro della moda internazionale, K-Fashion Project \u00e8 stato organizzato dalla Korea Fashion Association con il supporto dell\u2019Ambasciata della Repubblica di Corea in Italia e del Ministero del Commercio, dell\u2019Industria e dell\u2019Energia coreano. Le creativit\u00e0 di entrambi i paesi hanno cos\u00ec trovato espressione nella sfilata di tre collezioni, due coreane, di Rick Lee e Lee Jean Youn, e una italiana, di Co|te, a sottolineare la volont\u00e0 di collaborazione politica, economica e artistica tra le parti. La moda ha voluto dunque porsi come filtro culturale attraverso cui realizzare uno scambio pi\u00f9 approfondito, che parte da una cooperazione reciproca all\u2019interno del fashion business italiano, aumentando la riconoscibilit\u00e0 dell\u2019immagine, della presenza e della qualit\u00e0 della moda coreana: il tutto espresso da uno show vibrante, dove ben si \u00e8 potuta ammirare la creativit\u00e0 dei colleghi orientali, i loro virtuosismi concettuali e soprattutto il dialogo con la tecnologia pi\u00f9 all\u2019avanguardia.<\/p>\n<p><img decoding=\"async\" src=\"http:\/\/thesignspeaking.com\/wp-content\/uploads\/2018\/02\/k-fashion-project_designspeaking-1.jpg\" \/> <img decoding=\"async\" src=\"http:\/\/thesignspeaking.com\/wp-content\/uploads\/2018\/02\/k-fashion-project_designspeaking-2.jpg\" \/><\/p>\n<p><img decoding=\"async\" src=\"http:\/\/thesignspeaking.com\/wp-content\/uploads\/2018\/02\/k-fashion-project_designspeaking-3.jpg\" \/><\/p>\n<p><img decoding=\"async\" src=\"http:\/\/thesignspeaking.com\/wp-content\/uploads\/2018\/02\/k-fashion-project_designspeaking-4.jpg\" \/><\/p>\n<p><img decoding=\"async\" src=\"http:\/\/thesignspeaking.com\/wp-content\/uploads\/2018\/02\/k-fashion-project_designspeaking-5.jpg\" \/><\/p>\n<p><img decoding=\"async\" src=\"http:\/\/thesignspeaking.com\/wp-content\/uploads\/2018\/02\/k-fashion-project_designspeaking-6.jpg\" \/><\/p>\n<p><img decoding=\"async\" src=\"http:\/\/thesignspeaking.com\/wp-content\/uploads\/2018\/02\/k-fashion-project_designspeaking-7.jpg\" \/><\/p>\n<p><img decoding=\"async\" src=\"http:\/\/thesignspeaking.com\/wp-content\/uploads\/2018\/02\/k-fashion-project_designspeaking-8.jpg\" \/><\/p>\n<p><img decoding=\"async\" src=\"http:\/\/thesignspeaking.com\/wp-content\/uploads\/2018\/02\/k-fashion-project_designspeaking-9.jpg\" \/><\/p>\n<p><img decoding=\"async\" src=\"http:\/\/thesignspeaking.com\/wp-content\/uploads\/2018\/02\/k-fashion-project_designspeaking-10.jpg\" \/><\/p>\n<p><img decoding=\"async\" src=\"http:\/\/thesignspeaking.com\/wp-content\/uploads\/2018\/02\/k-fashion-project_designspeaking-11.jpg\" \/><\/p>\n<p><img decoding=\"async\" src=\"http:\/\/thesignspeaking.com\/wp-content\/uploads\/2018\/02\/k-fashion-project_designspeaking-12.jpg\" \/><\/p>\n<p><img decoding=\"async\" src=\"http:\/\/thesignspeaking.com\/wp-content\/uploads\/2018\/02\/k-fashion-project_designspeaking-13.jpg\" \/><\/p>\n<\/span>","protected":false},"excerpt":{"rendered":"<p>The diplomatic cooperation between Italy and Republic of Korea celebrates with fashion its 130 years anniversary.<\/p>\n","protected":false},"author":3,"featured_media":336,"comment_status":"open","ping_status":"open","sticky":false,"template":"","format":"standard","meta":[],"categories":[24,4],"tags":[2],"_links":{"self":[{"href":"https:\/\/www.thesignspeaking.com\/it\/wp-json\/wp\/v2\/posts\/1135"}],"collection":[{"href":"https:\/\/www.thesignspeaking.com\/it\/wp-json\/wp\/v2\/posts"}],"about":[{"href":"https:\/\/www.thesignspeaking.com\/it\/wp-json\/wp\/v2\/types\/post"}],"author":[{"embeddable":true,"href":"https:\/\/www.thesignspeaking.com\/it\/wp-json\/wp\/v2\/users\/3"}],"replies":[{"embeddable":true,"href":"https:\/\/www.thesignspeaking.com\/it\/wp-json\/wp\/v2\/comments?post=1135"}],"version-history":[{"count":0,"href":"https:\/\/www.thesignspeaking.com\/it\/wp-json\/wp\/v2\/posts\/1135\/revisions"}],"wp:featuredmedia":[{"embeddable":true,"href":"https:\/\/www.thesignspeaking.com\/it\/wp-json\/wp\/v2\/media\/336"}],"wp:attachment":[{"href":"https:\/\/www.thesignspeaking.com\/it\/wp-json\/wp\/v2\/media?parent=1135"}],"wp:term":[{"taxonomy":"category","embeddable":true,"href":"https:\/\/www.thesignspeaking.com\/it\/wp-json\/wp\/v2\/categories?post=1135"},{"taxonomy":"post_tag","embeddable":true,"href":"https:\/\/www.thesignspeaking.com\/it\/wp-json\/wp\/v2\/tags?post=1135"}],"curies":[{"name":"wp","href":"https:\/\/api.w.org\/{rel}","templated":true}]}}