{"id":11384,"date":"2019-02-27T09:52:48","date_gmt":"2019-02-27T08:52:48","guid":{"rendered":"http:\/\/www.thesignspeaking.com\/?p=11384"},"modified":"2019-02-27T10:08:37","modified_gmt":"2019-02-27T09:08:37","slug":"artistar-jewels-2019-more-uniqueness-less-conformism","status":"publish","type":"post","link":"https:\/\/www.thesignspeaking.com\/it\/artistar-jewels-2019-more-uniqueness-less-conformism\/","title":{"rendered":"ARTISTAR JEWELS 2019: MORE UNIQUENESS, LESS CONFORMISM"},"content":{"rendered":"<span class=\"cb-itemprop\" itemprop=\"reviewBody\"><p>Creativit\u00e0, inclusione, ricerca, sostenibilit\u00e0, network, altissima qualit\u00e0 e internazionalit\u00e0, sono alcune delle parole chiave che definiscono\u00a0<a href=\"http:\/\/www.artistarjewels.com\/aj\/en\/2019.html\"><strong>Artistar Jewels 2019<\/strong><\/a>, il progetto ideato da Enzo Carbone nel 2014, oggi punto di riferimento per tutti gli artisti e designer del gioiello contemporaneo. Oltre 500 creazioni provenienti da tutto il mondo con il patrocinio del Comune di Milano e di\u00a0<a href=\"http:\/\/www.cnamilano.it\/unioni-mi\/mi-federmoda\"><strong>CNA Federmoda<\/strong><\/a> in mostra a Palazzo Bovara durante la Milano Fashion Week, un appuntamento che la <strong><a href=\"https:\/\/www.cameramoda.it\/\">Camera Nazionale della Moda Italiana<\/a><\/strong>\u00a0ha incluso nel calendario ufficiale tra gli eventi di interesse culturale.<img decoding=\"async\" class=\"size-large wp-image-11385 aligncenter\" src=\"http:\/\/www.thesignspeaking.com\/wp-content\/uploads\/2019\/02\/Orsa-Maggiore-at-Artistar-Jewels-2019-1024x683.jpg\" alt=\"\" width=\"1024\" height=\"683\" srcset=\"https:\/\/www.thesignspeaking.com\/wp-content\/uploads\/2019\/02\/Orsa-Maggiore-at-Artistar-Jewels-2019.jpg 1024w, https:\/\/www.thesignspeaking.com\/wp-content\/uploads\/2019\/02\/Orsa-Maggiore-at-Artistar-Jewels-2019-300x200.jpg 300w, https:\/\/www.thesignspeaking.com\/wp-content\/uploads\/2019\/02\/Orsa-Maggiore-at-Artistar-Jewels-2019-768x512.jpg 768w, https:\/\/www.thesignspeaking.com\/wp-content\/uploads\/2019\/02\/Orsa-Maggiore-at-Artistar-Jewels-2019-360x240.jpg 360w\" sizes=\"(max-width: 1024px) 100vw, 1024px\" \/><\/p>\n<p>I vincitori del contest Artistar Jewels 2019 sono <strong>Sowon Joo, Veronika Kuryanova <\/strong>e<strong> Bia Tambelli<\/strong>. I tre premiati si sono aggiudicati l\u2019<strong>Artistar Jewels Award<\/strong>,consegnato il 22 febbraio da Enzo Carbone, CEO e Founder di Artistar Jewels, e di diritto parteciperanno gratuitamente all\u2019edizione 2020.<\/p>\n<p>La designer coreana <strong>Sowon Joo<\/strong>, laureata presso la Seoul National University, lavora nei settori gioielli e scultura da oltre vent\u2019anni. Tra i pezzi pi\u00f9 apprezzati una grande collana scultura in oro lavorata all\u2019uncinetto a forma di cuore, con al centro un pendente in quarzo rutilato.<img decoding=\"async\" class=\"size-full wp-image-11387 aligncenter\" src=\"http:\/\/www.thesignspeaking.com\/wp-content\/uploads\/2019\/02\/Sowon-Joo-Heart-collana-oro-quarzo-rutilato.jpg\" alt=\"\" width=\"1024\" height=\"1024\" srcset=\"https:\/\/www.thesignspeaking.com\/wp-content\/uploads\/2019\/02\/Sowon-Joo-Heart-collana-oro-quarzo-rutilato.jpg 1024w, https:\/\/www.thesignspeaking.com\/wp-content\/uploads\/2019\/02\/Sowon-Joo-Heart-collana-oro-quarzo-rutilato-150x150.jpg 150w, https:\/\/www.thesignspeaking.com\/wp-content\/uploads\/2019\/02\/Sowon-Joo-Heart-collana-oro-quarzo-rutilato-300x300.jpg 300w, https:\/\/www.thesignspeaking.com\/wp-content\/uploads\/2019\/02\/Sowon-Joo-Heart-collana-oro-quarzo-rutilato-768x768.jpg 768w, https:\/\/www.thesignspeaking.com\/wp-content\/uploads\/2019\/02\/Sowon-Joo-Heart-collana-oro-quarzo-rutilato-125x125.jpg 125w\" sizes=\"(max-width: 1024px) 100vw, 1024px\" \/>La russa <strong>Veronika Kuryanova<\/strong> \u00e8 laureata presso la Moscow State Stroganov Academy of Design and Applied Arts con un master presso la MIREA &#8211; Russian Technological University tra i pezzi presentati alcuni anelli in bronzo e smalto dalle grandi dimensioni e dai colori accesi che raccontano la vitalit\u00e0 di continenti quali Australia e Sud America.<\/p>\n<p><strong>Bia Tambelli <\/strong>\u00e8 una giovane designer con origini italiane, nata e cresciuta in una terra ricca di pietre preziose: il Brasile. Per Artistar ha presentato pezzi geometrici e raffinati della collezione Trinity in oro, diamanti e cristallo di rocca che esprimono un ordine spirituale tra Dio, il cosmo e l\u2019uomo. Forma e materiali sono accuratamente selezionati per aumentare l\u2019energia e la forza di chi li indossa.<\/p>\n<p><img decoding=\"async\" class=\"size-full wp-image-11389 aligncenter\" src=\"http:\/\/www.thesignspeaking.com\/wp-content\/uploads\/2019\/02\/Bia-Tambelli-Creations-Bracciale-Trinity-oro-18k-diamanti-cristalli-di-rocca.png\" alt=\"\" width=\"838\" height=\"824\" srcset=\"https:\/\/www.thesignspeaking.com\/wp-content\/uploads\/2019\/02\/Bia-Tambelli-Creations-Bracciale-Trinity-oro-18k-diamanti-cristalli-di-rocca.png 838w, https:\/\/www.thesignspeaking.com\/wp-content\/uploads\/2019\/02\/Bia-Tambelli-Creations-Bracciale-Trinity-oro-18k-diamanti-cristalli-di-rocca-300x295.png 300w, https:\/\/www.thesignspeaking.com\/wp-content\/uploads\/2019\/02\/Bia-Tambelli-Creations-Bracciale-Trinity-oro-18k-diamanti-cristalli-di-rocca-768x755.png 768w\" sizes=\"(max-width: 838px) 100vw, 838px\" \/>Una menzione speciale \u00e8 stata assegnata all\u2019artista e creatrice di bijoux americana <strong>Nita Angeletti<\/strong> di origini italiane, ma nata e cresciuta a New York, per i suoi &#8220;Wearable Art&#8221; Accessories.<img decoding=\"async\" class=\"size-large wp-image-11386 aligncenter\" src=\"http:\/\/www.thesignspeaking.com\/wp-content\/uploads\/2019\/02\/Nita_AngelettiDOLL-LEGS-collana-tessuto-mix-materiali-999x1024.jpg\" alt=\"\" width=\"999\" height=\"1024\" srcset=\"https:\/\/www.thesignspeaking.com\/wp-content\/uploads\/2019\/02\/Nita_AngelettiDOLL-LEGS-collana-tessuto-mix-materiali-999x1024.jpg 999w, https:\/\/www.thesignspeaking.com\/wp-content\/uploads\/2019\/02\/Nita_AngelettiDOLL-LEGS-collana-tessuto-mix-materiali-293x300.jpg 293w, https:\/\/www.thesignspeaking.com\/wp-content\/uploads\/2019\/02\/Nita_AngelettiDOLL-LEGS-collana-tessuto-mix-materiali-768x788.jpg 768w, https:\/\/www.thesignspeaking.com\/wp-content\/uploads\/2019\/02\/Nita_AngelettiDOLL-LEGS-collana-tessuto-mix-materiali.jpg 1024w\" sizes=\"(max-width: 999px) 100vw, 999px\" \/>Durante la serata sono stati assegnati altri riconoscimenti a <strong>Lindsey Fontijn<\/strong>, <strong>Michelle Lung<\/strong>, <strong>Denis Sozin,<\/strong> <strong>Elena Franceschetti<\/strong>, <strong>Anna Maccieri Rossi<\/strong> (a lei la <a href=\"https:\/\/www.scuolaorafa.com\/it\/\"><strong>Scuola Orafa Ambrosiana<\/strong><\/a> ha anche assegnato un corso), <strong>Anna Zeibig<\/strong>, <strong>Naybe Warchausky<\/strong> che ha presentato interessanti gioielli di design in vetro di Murano, <strong>Yichen Dong<\/strong> con i suoi gioielli ironici dallo stile contemporary e customizzabili.\u00a0<img decoding=\"async\" class=\"size-full wp-image-11388 aligncenter\" src=\"http:\/\/www.thesignspeaking.com\/wp-content\/uploads\/2019\/02\/Yichen_Dong-orecchinoI_married_an_ear.jpg\" alt=\"\" width=\"1024\" height=\"1024\" srcset=\"https:\/\/www.thesignspeaking.com\/wp-content\/uploads\/2019\/02\/Yichen_Dong-orecchinoI_married_an_ear.jpg 1024w, https:\/\/www.thesignspeaking.com\/wp-content\/uploads\/2019\/02\/Yichen_Dong-orecchinoI_married_an_ear-150x150.jpg 150w, https:\/\/www.thesignspeaking.com\/wp-content\/uploads\/2019\/02\/Yichen_Dong-orecchinoI_married_an_ear-300x300.jpg 300w, https:\/\/www.thesignspeaking.com\/wp-content\/uploads\/2019\/02\/Yichen_Dong-orecchinoI_married_an_ear-768x768.jpg 768w, https:\/\/www.thesignspeaking.com\/wp-content\/uploads\/2019\/02\/Yichen_Dong-orecchinoI_married_an_ear-125x125.jpg 125w\" sizes=\"(max-width: 1024px) 100vw, 1024px\" \/><strong>Ana Margarida Carvalho <\/strong>parteciper\u00e0 alla mostra \u201cRemains of the Feast\u201d organizzata da Assamblage \u2013 The National Contemporary Jewellery Association a Bucharest in Romania.<\/p>\n<p>Tra le gallerie e i concept store coinvolti,\u00a0<strong>Creativity Oggetti \u2013 Torino<\/strong>, <strong>158 Studio \u2013 Sorrento, Galeria Galataca \u2013 Bucarest, Galerie Beyond \u2013 Antwerpen, Galeria Yes \u2013 Poznan, Eleni Marneri Galerie \u2013 Athen, Galerie Elsa Vanier \u2013 Paris, Upper Concept Store \u2013 Paris, CBijoux \u2013 Monthey, Galeria Tereza Seabra \u2013 Lisbon,\u00a0 39a Concept Store \u2013 Lisbon, Bini Gallery \u2013 Melbourne, Alice Floriano \u2013 Porto Alegre, Ame Gallery \u2013 Hong Kong.<\/strong><img decoding=\"async\" class=\"size-large wp-image-11392 aligncenter\" src=\"http:\/\/www.thesignspeaking.com\/wp-content\/uploads\/2019\/02\/Rachel-Reilly-at-Artistar-Jewels-2019-1024x683.jpg\" alt=\"\" width=\"1024\" height=\"683\" srcset=\"https:\/\/www.thesignspeaking.com\/wp-content\/uploads\/2019\/02\/Rachel-Reilly-at-Artistar-Jewels-2019.jpg 1024w, https:\/\/www.thesignspeaking.com\/wp-content\/uploads\/2019\/02\/Rachel-Reilly-at-Artistar-Jewels-2019-300x200.jpg 300w, https:\/\/www.thesignspeaking.com\/wp-content\/uploads\/2019\/02\/Rachel-Reilly-at-Artistar-Jewels-2019-768x512.jpg 768w, https:\/\/www.thesignspeaking.com\/wp-content\/uploads\/2019\/02\/Rachel-Reilly-at-Artistar-Jewels-2019-360x240.jpg 360w\" sizes=\"(max-width: 1024px) 100vw, 1024px\" \/><\/p>\n<p>\u201c<em>Quando sei anni fa decisi di fondare questo progetto, il gioiello contemporaneo a Milano e in Italia era un fenomeno quasi del tutto sconosciuto anche se gi\u00e0 molto apprezzato e in espansione in Europa e in alcuni Paesi nel resto del mondo. In sei anni le cose sono cambiate molto: oggi vedo una societ\u00e0 che apprezza sempre di pi\u00f9 l&#8217;unicit\u00e0 a discapito del conformismo<\/em>\u201d ha detto Enzo Carbone fondatore di Artistar Jewels.<\/p>\n<p>Tutti i lavori in mostra sono acquistabili sull\u2019e-commerce <a href=\"http:\/\/www.artistarjewels.com\"><strong>artistarjewels.com<\/strong><\/a> e ogni progetto \u00e8 raccontato nel volume Artistar Jewels 2019 edito da Fausto Lupetti e distribuito a livello internazionale.<\/p>\n<p><img decoding=\"async\" class=\"size-large wp-image-11390 aligncenter\" src=\"http:\/\/www.thesignspeaking.com\/wp-content\/uploads\/2019\/02\/Denis-Sozin-Ring-f2-1024x683.jpg\" alt=\"\" width=\"1024\" height=\"683\" srcset=\"https:\/\/www.thesignspeaking.com\/wp-content\/uploads\/2019\/02\/Denis-Sozin-Ring-f2.jpg 1024w, https:\/\/www.thesignspeaking.com\/wp-content\/uploads\/2019\/02\/Denis-Sozin-Ring-f2-300x200.jpg 300w, https:\/\/www.thesignspeaking.com\/wp-content\/uploads\/2019\/02\/Denis-Sozin-Ring-f2-768x512.jpg 768w, https:\/\/www.thesignspeaking.com\/wp-content\/uploads\/2019\/02\/Denis-Sozin-Ring-f2-360x240.jpg 360w\" sizes=\"(max-width: 1024px) 100vw, 1024px\" \/><\/p>\n<p>Denis Sozin, ring<\/p>\n<p><img decoding=\"async\" class=\"size-full wp-image-11391 aligncenter\" src=\"http:\/\/www.thesignspeaking.com\/wp-content\/uploads\/2019\/02\/Michelle-Lung-collana.jpg\" alt=\"\" width=\"1024\" height=\"1024\" srcset=\"https:\/\/www.thesignspeaking.com\/wp-content\/uploads\/2019\/02\/Michelle-Lung-collana.jpg 1024w, https:\/\/www.thesignspeaking.com\/wp-content\/uploads\/2019\/02\/Michelle-Lung-collana-150x150.jpg 150w, https:\/\/www.thesignspeaking.com\/wp-content\/uploads\/2019\/02\/Michelle-Lung-collana-300x300.jpg 300w, https:\/\/www.thesignspeaking.com\/wp-content\/uploads\/2019\/02\/Michelle-Lung-collana-768x768.jpg 768w, https:\/\/www.thesignspeaking.com\/wp-content\/uploads\/2019\/02\/Michelle-Lung-collana-125x125.jpg 125w\" sizes=\"(max-width: 1024px) 100vw, 1024px\" \/><\/p>\n<p>Michelle Lung<\/p>\n<p><img decoding=\"async\" class=\"size-full wp-image-11399 aligncenter\" src=\"http:\/\/www.thesignspeaking.com\/wp-content\/uploads\/2019\/02\/Lindsey-FontijnIcon-II-anello-ottone-rame-argento.png\" alt=\"\" width=\"838\" height=\"900\" srcset=\"https:\/\/www.thesignspeaking.com\/wp-content\/uploads\/2019\/02\/Lindsey-FontijnIcon-II-anello-ottone-rame-argento.png 838w, https:\/\/www.thesignspeaking.com\/wp-content\/uploads\/2019\/02\/Lindsey-FontijnIcon-II-anello-ottone-rame-argento-279x300.png 279w, https:\/\/www.thesignspeaking.com\/wp-content\/uploads\/2019\/02\/Lindsey-FontijnIcon-II-anello-ottone-rame-argento-768x825.png 768w\" sizes=\"(max-width: 838px) 100vw, 838px\" \/><\/p>\n<p>Lindsey Fontijn, Icon II, anello, ottone, rame, argento <img decoding=\"async\" class=\"size-full wp-image-11398 aligncenter\" src=\"http:\/\/www.thesignspeaking.com\/wp-content\/uploads\/2019\/02\/Elena-Franceschetti-All-I-Need-The-Kiss-Gustav-Klimt-spilla.jpg\" alt=\"\" width=\"1024\" height=\"1024\" srcset=\"https:\/\/www.thesignspeaking.com\/wp-content\/uploads\/2019\/02\/Elena-Franceschetti-All-I-Need-The-Kiss-Gustav-Klimt-spilla.jpg 1024w, https:\/\/www.thesignspeaking.com\/wp-content\/uploads\/2019\/02\/Elena-Franceschetti-All-I-Need-The-Kiss-Gustav-Klimt-spilla-150x150.jpg 150w, https:\/\/www.thesignspeaking.com\/wp-content\/uploads\/2019\/02\/Elena-Franceschetti-All-I-Need-The-Kiss-Gustav-Klimt-spilla-300x300.jpg 300w, https:\/\/www.thesignspeaking.com\/wp-content\/uploads\/2019\/02\/Elena-Franceschetti-All-I-Need-The-Kiss-Gustav-Klimt-spilla-768x768.jpg 768w, https:\/\/www.thesignspeaking.com\/wp-content\/uploads\/2019\/02\/Elena-Franceschetti-All-I-Need-The-Kiss-Gustav-Klimt-spilla-125x125.jpg 125w\" sizes=\"(max-width: 1024px) 100vw, 1024px\" \/><\/p>\n<p>Elena Franceschetti, All I Need-The Kiss Gustav Klimt, spilla<\/p>\n<\/span>","protected":false},"excerpt":{"rendered":"<p>Creativit\u00e0, inclusione, ricerca, sostenibilit\u00e0, network, altissima qualit\u00e0 e internazionalit\u00e0, sono alcune delle parole chiave che definiscono\u00a0Artistar Jewels 2019, il progetto ideato da Enzo Carbone nel 2014, oggi punto di riferimento per tutti gli artisti e designer del gioiello contemporaneo. Oltre 500 creazioni provenienti da tutto il mondo con il patrocinio del Comune di Milano e [&hellip;]<\/p>\n","protected":false},"author":3,"featured_media":11390,"comment_status":"open","ping_status":"open","sticky":false,"template":"","format":"standard","meta":[],"categories":[24,4],"tags":[343,34,715,504,33,432],"_links":{"self":[{"href":"https:\/\/www.thesignspeaking.com\/it\/wp-json\/wp\/v2\/posts\/11384"}],"collection":[{"href":"https:\/\/www.thesignspeaking.com\/it\/wp-json\/wp\/v2\/posts"}],"about":[{"href":"https:\/\/www.thesignspeaking.com\/it\/wp-json\/wp\/v2\/types\/post"}],"author":[{"embeddable":true,"href":"https:\/\/www.thesignspeaking.com\/it\/wp-json\/wp\/v2\/users\/3"}],"replies":[{"embeddable":true,"href":"https:\/\/www.thesignspeaking.com\/it\/wp-json\/wp\/v2\/comments?post=11384"}],"version-history":[{"count":0,"href":"https:\/\/www.thesignspeaking.com\/it\/wp-json\/wp\/v2\/posts\/11384\/revisions"}],"wp:featuredmedia":[{"embeddable":true,"href":"https:\/\/www.thesignspeaking.com\/it\/wp-json\/wp\/v2\/media\/11390"}],"wp:attachment":[{"href":"https:\/\/www.thesignspeaking.com\/it\/wp-json\/wp\/v2\/media?parent=11384"}],"wp:term":[{"taxonomy":"category","embeddable":true,"href":"https:\/\/www.thesignspeaking.com\/it\/wp-json\/wp\/v2\/categories?post=11384"},{"taxonomy":"post_tag","embeddable":true,"href":"https:\/\/www.thesignspeaking.com\/it\/wp-json\/wp\/v2\/tags?post=11384"}],"curies":[{"name":"wp","href":"https:\/\/api.w.org\/{rel}","templated":true}]}}