{"id":11482,"date":"2019-03-17T22:57:43","date_gmt":"2019-03-17T21:57:43","guid":{"rendered":"http:\/\/www.thesignspeaking.com\/?p=11482"},"modified":"2019-03-18T13:47:17","modified_gmt":"2019-03-18T12:47:17","slug":"producto-fresco-2019-design-made-in-madrid","status":"publish","type":"post","link":"https:\/\/www.thesignspeaking.com\/it\/producto-fresco-2019-design-made-in-madrid\/","title":{"rendered":"PRODUCTO FRESCO 2019. DESIGN MADE IN MADRID"},"content":{"rendered":"<span class=\"cb-itemprop\" itemprop=\"reviewBody\"><p><img decoding=\"async\" class=\"size-large wp-image-11489 aligncenter\" src=\"http:\/\/www.thesignspeaking.com\/wp-content\/uploads\/2019\/03\/190208-Dimad-Producto-fresco-Matadero-014-1024x576.jpg\" alt=\"\" width=\"1024\" height=\"576\" srcset=\"https:\/\/www.thesignspeaking.com\/wp-content\/uploads\/2019\/03\/190208-Dimad-Producto-fresco-Matadero-014.jpg 1024w, https:\/\/www.thesignspeaking.com\/wp-content\/uploads\/2019\/03\/190208-Dimad-Producto-fresco-Matadero-014-300x169.jpg 300w, https:\/\/www.thesignspeaking.com\/wp-content\/uploads\/2019\/03\/190208-Dimad-Producto-fresco-Matadero-014-768x432.jpg 768w\" sizes=\"(max-width: 1024px) 100vw, 1024px\" \/>Fino al 24 marzo 2019 alla Central de Dise\u00f1o \/ Matadero Madrid \u00e8 possibile visitare la mostra \u201c<strong><a href=\"http:\/\/www.productofresco.es\">Producto Fresco. Design made in Madrid<\/a><\/strong>\u201d, che riunisce pi\u00f9 di 60 pezzi nelle categorie <em>Designers, Companies, In Process, Students<\/em>. La categoria <em>Academic Project<\/em> mira ad ampliare le opportunit\u00e0 e arricchire il potenziale creativo dei giovani studenti con un interesse per il design. Inaugurato nel mese di febbraio, che a Madrid \u00e8 sinonimo di creativit\u00e0, in coincidenza con il <a href=\"http:\/\/madriddesignfestival.com\/en\/\"><strong>Madrid Design Festival <\/strong><\/a>e la fiera d&#8217;arte\u00a0<a href=\"http:\/\/www.ifema.es\/arcomadrid_06\/\"><strong>ARCO,<\/strong><\/a>\u00a0ha come ospite quest\u2019anno l\u2019Andalusia, con il supporto di <a href=\"https:\/\/www.aad-andalucia.org\/\"><strong>AAD (Association of Designers of Andalucia)<\/strong><\/a>.<img decoding=\"async\" class=\"size-large wp-image-11490 aligncenter\" src=\"http:\/\/www.thesignspeaking.com\/wp-content\/uploads\/2019\/03\/190208-Dimad-Producto-fresco-Matadero-011-1024x683.jpg\" alt=\"\" width=\"1024\" height=\"683\" srcset=\"https:\/\/www.thesignspeaking.com\/wp-content\/uploads\/2019\/03\/190208-Dimad-Producto-fresco-Matadero-011.jpg 1024w, https:\/\/www.thesignspeaking.com\/wp-content\/uploads\/2019\/03\/190208-Dimad-Producto-fresco-Matadero-011-300x200.jpg 300w, https:\/\/www.thesignspeaking.com\/wp-content\/uploads\/2019\/03\/190208-Dimad-Producto-fresco-Matadero-011-768x512.jpg 768w, https:\/\/www.thesignspeaking.com\/wp-content\/uploads\/2019\/03\/190208-Dimad-Producto-fresco-Matadero-011-360x240.jpg 360w\" sizes=\"(max-width: 1024px) 100vw, 1024px\" \/>La mostra, il cui display design \u00e8 stato creato dagli studenti del Master in Architectural Communication (MACA) del Politecnico di Madrid e dell&#8217;Universit\u00e0 Complutense, \u00e8 un progetto <a href=\"http:\/\/www.dimad.org\"><strong>DIMAD<\/strong><\/a>\u00a0che punta a mostrare annualmente il meglio del design del prodotto realizzato lo scorso anno dai designer di Madrid. Il pubblico potr\u00e0 avere un visione globale ed eterogenea dell&#8217;applicazione che il design pu\u00f2 avere nel prodotto.<\/p>\n<p>Nella categoria <em>Designers<\/em>, tra i pi\u00f9 noti a livello internazionale, \u00c1lvaro Catal\u00e1n de Oc\u00f3n, Bel\u00e9n Moneo, Ciszak Dalmas e ENORME studio. Tra i progetti pi\u00f9 interessanti presentati dalle aziende, nella sezione <em>Companies<\/em>, i mobili realizzati con elementi di scarto come &#8220;Botox&#8221; di Mariano:<img decoding=\"async\" class=\"size-large wp-image-11494 aligncenter\" src=\"http:\/\/www.thesignspeaking.com\/wp-content\/uploads\/2019\/03\/06_Mariano-Mart\u00b0n-1024x1024.jpg\" alt=\"\" width=\"1024\" height=\"1024\" srcset=\"https:\/\/www.thesignspeaking.com\/wp-content\/uploads\/2019\/03\/06_Mariano-Mart\u00b0n-1024x1024.jpg 1024w, https:\/\/www.thesignspeaking.com\/wp-content\/uploads\/2019\/03\/06_Mariano-Mart\u00b0n-150x150.jpg 150w, https:\/\/www.thesignspeaking.com\/wp-content\/uploads\/2019\/03\/06_Mariano-Mart\u00b0n-300x300.jpg 300w, https:\/\/www.thesignspeaking.com\/wp-content\/uploads\/2019\/03\/06_Mariano-Mart\u00b0n-768x768.jpg 768w, https:\/\/www.thesignspeaking.com\/wp-content\/uploads\/2019\/03\/06_Mariano-Mart\u00b0n-125x125.jpg 125w, https:\/\/www.thesignspeaking.com\/wp-content\/uploads\/2019\/03\/06_Mariano-Mart\u00b0n.jpg 1096w\" sizes=\"(max-width: 1024px) 100vw, 1024px\" \/> e &#8220;Seed Wooden Planter&#8221; di Fermina Garrido, vasi realizzati con bottiglie di plastica riciclate e cassette di frutta in legno:<img decoding=\"async\" class=\"size-full wp-image-11495 aligncenter\" src=\"http:\/\/www.thesignspeaking.com\/wp-content\/uploads\/2019\/03\/53_Fermina_Garrido.jpg\" alt=\"\" width=\"1024\" height=\"1024\" srcset=\"https:\/\/www.thesignspeaking.com\/wp-content\/uploads\/2019\/03\/53_Fermina_Garrido.jpg 1024w, https:\/\/www.thesignspeaking.com\/wp-content\/uploads\/2019\/03\/53_Fermina_Garrido-150x150.jpg 150w, https:\/\/www.thesignspeaking.com\/wp-content\/uploads\/2019\/03\/53_Fermina_Garrido-300x300.jpg 300w, https:\/\/www.thesignspeaking.com\/wp-content\/uploads\/2019\/03\/53_Fermina_Garrido-768x768.jpg 768w, https:\/\/www.thesignspeaking.com\/wp-content\/uploads\/2019\/03\/53_Fermina_Garrido-125x125.jpg 125w\" sizes=\"(max-width: 1024px) 100vw, 1024px\" \/>Nella categoria <em>In process, <\/em>la lampada interattiva &#8220;Suni&#8221; di Singular Design e &#8220;Scribble&#8221; in cui l&#8217;utente pu\u00f2 adattare il proprio sistema di illuminazione.<\/p>\n<p>Cristina Vallejo (ELSURdesign) con la &#8220;Poltrona RSC\u201d ha realizzato una ricostruzione della sedia Roorkhee:<img decoding=\"async\" class=\"size-large wp-image-11496 aligncenter\" src=\"http:\/\/www.thesignspeaking.com\/wp-content\/uploads\/2019\/03\/31_Cristina-Vallejo-1024x1024.jpg\" alt=\"\" width=\"1024\" height=\"1024\" srcset=\"https:\/\/www.thesignspeaking.com\/wp-content\/uploads\/2019\/03\/31_Cristina-Vallejo-1024x1024.jpg 1024w, https:\/\/www.thesignspeaking.com\/wp-content\/uploads\/2019\/03\/31_Cristina-Vallejo-150x150.jpg 150w, https:\/\/www.thesignspeaking.com\/wp-content\/uploads\/2019\/03\/31_Cristina-Vallejo-300x300.jpg 300w, https:\/\/www.thesignspeaking.com\/wp-content\/uploads\/2019\/03\/31_Cristina-Vallejo-768x768.jpg 768w, https:\/\/www.thesignspeaking.com\/wp-content\/uploads\/2019\/03\/31_Cristina-Vallejo-125x125.jpg 125w\" sizes=\"(max-width: 1024px) 100vw, 1024px\" \/>Infine, tra i progetti degli studenti, da non perdere &#8220;Astrolander&#8221;, un riadattamento di un casco esistente creato da Eider Fern\u00e1ndez (ESNE) per una diversa pressione atmosferica:<img decoding=\"async\" class=\"size-large wp-image-11497 aligncenter\" src=\"http:\/\/www.thesignspeaking.com\/wp-content\/uploads\/2019\/03\/casco-astroland-1-1024x1024.jpg\" alt=\"\" width=\"1024\" height=\"1024\" srcset=\"https:\/\/www.thesignspeaking.com\/wp-content\/uploads\/2019\/03\/casco-astroland-1-1024x1024.jpg 1024w, https:\/\/www.thesignspeaking.com\/wp-content\/uploads\/2019\/03\/casco-astroland-1-150x150.jpg 150w, https:\/\/www.thesignspeaking.com\/wp-content\/uploads\/2019\/03\/casco-astroland-1-300x300.jpg 300w, https:\/\/www.thesignspeaking.com\/wp-content\/uploads\/2019\/03\/casco-astroland-1-768x768.jpg 768w, https:\/\/www.thesignspeaking.com\/wp-content\/uploads\/2019\/03\/casco-astroland-1-125x125.jpg 125w\" sizes=\"(max-width: 1024px) 100vw, 1024px\" \/>e &#8220;NEO&#8221; di Miguel Mart\u00ednez Cerro (ETSAM), una sincera espressione, senza trucco, del design nei mobili:<img decoding=\"async\" class=\"size-full wp-image-11498 aligncenter\" src=\"http:\/\/www.thesignspeaking.com\/wp-content\/uploads\/2019\/03\/42_Miguel_Martinez_Cerro.jpg\" alt=\"\" width=\"1024\" height=\"1024\" srcset=\"https:\/\/www.thesignspeaking.com\/wp-content\/uploads\/2019\/03\/42_Miguel_Martinez_Cerro.jpg 1024w, https:\/\/www.thesignspeaking.com\/wp-content\/uploads\/2019\/03\/42_Miguel_Martinez_Cerro-150x150.jpg 150w, https:\/\/www.thesignspeaking.com\/wp-content\/uploads\/2019\/03\/42_Miguel_Martinez_Cerro-300x300.jpg 300w, https:\/\/www.thesignspeaking.com\/wp-content\/uploads\/2019\/03\/42_Miguel_Martinez_Cerro-768x768.jpg 768w, https:\/\/www.thesignspeaking.com\/wp-content\/uploads\/2019\/03\/42_Miguel_Martinez_Cerro-125x125.jpg 125w\" sizes=\"(max-width: 1024px) 100vw, 1024px\" \/><\/p>\n<p><u>La lista completa dei partecipanti:<\/u><\/p>\n<p><strong>Designers<\/strong><\/p>\n<p><a href=\"http:\/\/catalandeocon.com\/\">\u00c1lvaro Catal\u00e1n de Oc\u00f3n<\/a>, <a href=\"https:\/\/www.anonimabycm.com\/\">An\u00f3nima by cm<\/a>, <a href=\"https:\/\/www.moneobrock.com\/\">Bel\u00e9n Moneo<\/a>, <a href=\"http:\/\/www.carlosjimenezdesign.com\/\">Carlos Jim\u00e9nez S\u00e1nchez<\/a>, <a href=\"http:\/\/enormestudio.es\/\">Carmelo Rodr\u00edguez\/ENORME Studio<\/a><a href=\"https:\/\/www.ciszakdalmas.com\/\">, Ciszak Dalmas<\/a>, Chele Esteve Sendra, Ricardo Moreno Cuesta, <a href=\"http:\/\/eugeniabosca.com\/\">Eugenia Bosc\u00e1 Miralles<\/a>y JosePl\u00e1 Mellado, <a href=\"http:\/\/www.woodendot.com\">Daniel Garc\u00eda Studio<\/a>, <a href=\"http:\/\/dsignio.com\/\">Dsignio<\/a>, <a href=\"http:\/\/ferminagarrido.com\/maderaje\/\">Fermina Garrido, y Ferm\u00edn Garrido<\/a>, <a href=\"http:\/\/www.ignaciohornillos.com\/\">Ignacio Hornillos<\/a>, <a href=\"http:\/\/juanruizrivas.com\/#home\">Juan Ruiz-Rivas Cuesta<\/a>, <a href=\"http:\/\/mueblesmo.com\/\">Juan Santos<\/a><a href=\"https:\/\/indigotextil.com\/\">, Lala de Dios\/Indigo Estudio Textil<\/a>, <a href=\"https:\/\/www.mariadeandres.com\/\">Mar\u00eda de Andr\u00e9s<\/a>, Mariana Aguirre, <a href=\"http:\/\/marianomartin.com\/\">MARIANO<\/a>, <a href=\"http:\/\/www.pluviam.com\/\">Miguel Hern\u00e1ndez Ca\u00f1adas<\/a>,<a href=\"http:\/\/www.noviembreestudio.es\/\"> Noviembre Estudio<\/a>,<a href=\"https:\/\/vajillasbynuriablanco.com\/\"> Nuria Blanco<\/a>, <a href=\"http:\/\/www.oscarbeadepereda.es\/\">\u00d3scar Beade Pereda<\/a> y <a href=\"http:\/\/www.pablocarballal.com\/category\/proyectos\/\">Pablo Carballal<\/a>, <a href=\"http:\/\/www.paredespino.com\/wordpress\/\">Paredes Pino<\/a>, Paula Curr\u00e1s, \u00c1lvaro Carrillo y Llu\u00eds Alexandre Casanovas,<a href=\"http:\/\/www.ooomydesign.com\/\"> Vanesa Moreno\/OOO My Design<\/a><\/p>\n<p>&nbsp;<\/p>\n<p><strong>Companies<\/strong><\/p>\n<p><a href=\"https:\/\/www.by.com.es\/\">BY TECHDESIGN<\/a>, <a href=\"https:\/\/mosaista.es\/\">Mosaista<\/a>, <a href=\"http:\/\/www.photoalquimia.com\/\">Photoalquimia<\/a><\/p>\n<p>&nbsp;<\/p>\n<p><strong>In Process<\/strong><\/p>\n<p><a href=\"http:\/\/www.adrianamachadostudio.com\/\">Adrian Machado<\/a>, <a href=\"http:\/\/www.avera.es\/\">Alberto Vera<\/a>, <a href=\"https:\/\/www.conjuntosempaticos.com\/\">Conjuntos Emp\u00e1ticos<\/a>, <a href=\"http:\/\/elsurdesign.com\/\">Cristina Vallejo\/El Sur<\/a>, <a href=\"http:\/\/www.estudiodisolvente.com\/\">Estudio Disolvente<\/a>\/<a href=\"https:\/\/joseavila.me\/\">Pilar Ac\u00f3n y Javier Arregui, Jos\u00e9 \u00c1vila<\/a>, <a href=\"https:\/\/www.joylandstudio.com\/\">Joyce Morales \/JoyLand Studio<\/a>, <a href=\"https:\/\/activetriangles.com\/\">Juan Antonio Fuentes Mu\u00f1oz, Juan Miguel Lorite Font\/Active Traingles<\/a>, <a href=\"https:\/\/www.michellevasconcelos.com\/\">Michelle Vasconcelos<\/a><a href=\"http:\/\/www.octavioasensio.com\/\">, Montserrat Bald\u00f3, Octavio Asensio<\/a>, Paula Trocaola G\u00f3mez \/ Peter Galkin, Sara Mateu, Mar\u00eda Rosado, Mar\u00eda Gonz\u00e1lez, <a href=\"http:\/\/placton.net\/\">PLACTON<\/a>, <a href=\"http:\/\/www.singulardesign.com\/\">Singular Design<\/a><a href=\"http:\/\/www.vdelatorre.com\/\">Victoria de la Torre<\/a><\/p>\n<p>&nbsp;<\/p>\n<p><strong>Students<\/strong><\/p>\n<p>Alejandro UleciaAusejo \/ Universidad Nebrija<a href=\"https:\/\/www.instagram.com\/suanta_studio\/\">, Ana Ma. Su\u00e1rez-Anta \/ IED Madrid<\/a>, <a href=\"https:\/\/www.behance.net\/ariverac\">Andr\u00e9s Rivera Cruz \/ Universidad Nebrija<\/a>, Beatriz C\u00f3cera Chamorro \/ ESDMadrid,\u00a0<a href=\"https:\/\/cristinaruizhdez.portfoliobox.net\/\">Cristina Ruiz Hern\u00e1ndez \/ Universidad Nebrija<\/a>, <a href=\"https:\/\/www.danielckdesign.com\/\">Daniel Carey Keatings<\/a>, Cian O\u2019Connor, <a href=\"http:\/\/errecampillo.com\/\">Jos\u00e9 Rub\u00e9n Campillo<\/a>\/ Eider Fern\u00e1ndez \/ ESNE, <a href=\"https:\/\/luciacladdmain.com\/\">Luc\u00eda Cladd \/ ESDMadrid<\/a>, Miguel Mart\u00ednez Cerro \/ ETSAM<a href=\"https:\/\/www.behance.net\/pandrespedrosa\">, Pablo Andr\u00e9s Pedrosa \/ Universidad Nebrija<\/a>, <a href=\"https:\/\/blopatorpas.wordpress.com\/\">Pablo Pastor Garc\u00eda \/ESNE<\/a> ,<a href=\"https:\/\/dsur.es\/\">Samuel Funes Garrido \/ ESADA.<\/a><\/p>\n<p>&nbsp;<\/p>\n<p><strong>Academic Project<\/strong><\/p>\n<p>Carlota Bornaechea \/ ESDMadrid, Julia Garc\u00eda Dotel \/ ESDMadrid, Natalia Catal\u00e1 \/ ESDMadrid, Sof\u00eda M\u00e9ndez-Vigo Bermejo \/ ESDMadrid.<\/p>\n<p><img decoding=\"async\" class=\"size-large wp-image-11491 aligncenter\" src=\"http:\/\/www.thesignspeaking.com\/wp-content\/uploads\/2019\/03\/190208-Dimad-Producto-fresco-Matadero-009-1024x553.jpg\" alt=\"\" width=\"1024\" height=\"553\" srcset=\"https:\/\/www.thesignspeaking.com\/wp-content\/uploads\/2019\/03\/190208-Dimad-Producto-fresco-Matadero-009.jpg 1024w, https:\/\/www.thesignspeaking.com\/wp-content\/uploads\/2019\/03\/190208-Dimad-Producto-fresco-Matadero-009-300x162.jpg 300w, https:\/\/www.thesignspeaking.com\/wp-content\/uploads\/2019\/03\/190208-Dimad-Producto-fresco-Matadero-009-768x415.jpg 768w\" sizes=\"(max-width: 1024px) 100vw, 1024px\" \/><\/p>\n<\/span>","protected":false},"excerpt":{"rendered":"<p>Fino al 24 marzo 2019 alla Central de Dise\u00f1o \/ Matadero Madrid \u00e8 possibile visitare la mostra \u201cProducto Fresco. Design made in Madrid\u201d, che riunisce pi\u00f9 di 60 pezzi nelle categorie Designers, Companies, In Process, Students. La categoria Academic Project mira ad ampliare le opportunit\u00e0 e arricchire il potenziale creativo dei giovani studenti con un [&hellip;]<\/p>\n","protected":false},"author":3,"featured_media":11491,"comment_status":"open","ping_status":"open","sticky":false,"template":"","format":"standard","meta":[],"categories":[7,24],"tags":[744,27,215,640,641,743,200],"_links":{"self":[{"href":"https:\/\/www.thesignspeaking.com\/it\/wp-json\/wp\/v2\/posts\/11482"}],"collection":[{"href":"https:\/\/www.thesignspeaking.com\/it\/wp-json\/wp\/v2\/posts"}],"about":[{"href":"https:\/\/www.thesignspeaking.com\/it\/wp-json\/wp\/v2\/types\/post"}],"author":[{"embeddable":true,"href":"https:\/\/www.thesignspeaking.com\/it\/wp-json\/wp\/v2\/users\/3"}],"replies":[{"embeddable":true,"href":"https:\/\/www.thesignspeaking.com\/it\/wp-json\/wp\/v2\/comments?post=11482"}],"version-history":[{"count":0,"href":"https:\/\/www.thesignspeaking.com\/it\/wp-json\/wp\/v2\/posts\/11482\/revisions"}],"wp:featuredmedia":[{"embeddable":true,"href":"https:\/\/www.thesignspeaking.com\/it\/wp-json\/wp\/v2\/media\/11491"}],"wp:attachment":[{"href":"https:\/\/www.thesignspeaking.com\/it\/wp-json\/wp\/v2\/media?parent=11482"}],"wp:term":[{"taxonomy":"category","embeddable":true,"href":"https:\/\/www.thesignspeaking.com\/it\/wp-json\/wp\/v2\/categories?post=11482"},{"taxonomy":"post_tag","embeddable":true,"href":"https:\/\/www.thesignspeaking.com\/it\/wp-json\/wp\/v2\/tags?post=11482"}],"curies":[{"name":"wp","href":"https:\/\/api.w.org\/{rel}","templated":true}]}}