{"id":11502,"date":"2019-03-18T14:40:37","date_gmt":"2019-03-18T13:40:37","guid":{"rendered":"http:\/\/www.thesignspeaking.com\/?p=11502"},"modified":"2019-03-18T14:52:18","modified_gmt":"2019-03-18T13:52:18","slug":"food-design-producto-fresco-2019","status":"publish","type":"post","link":"https:\/\/www.thesignspeaking.com\/it\/food-design-producto-fresco-2019\/","title":{"rendered":"FOOD DESIGN @ PRODUCTO FRESCO 2019"},"content":{"rendered":"<span class=\"cb-itemprop\" itemprop=\"reviewBody\"><p>Fino al 24 marzo 2019 alla Central de Dise\u00f1o \/ <strong><a href=\"http:\/\/www.mataderomadrid.org\/\">Matadero Madrid\u00a0<\/a><\/strong>\u00e8 possibile visitare la mostra &#8220;Producto Fresco. Design made in Madrid&#8221;, il cui display design \u00e8 stato creato dalla facolt\u00e0 e dagli studenti del Master in Architectural Communication (MACA), del Politecnico di Madrid e dell&#8217;Universit\u00e0 Complutense.<\/p>\n<p>Producto Fresco \u00e8 un progetto di <a href=\"https:\/\/dimad.org\/\"><strong>DIMAD<\/strong><\/a> che mira a mostrare ogni anno il meglio del design del prodotto realizzato nell\u2019anno precedente dai designer di Madrid.<\/p>\n<p>Inaugurato nel mese di febbraio, che a Madrid \u00e8 sinonimo di creativit\u00e0, in coincidenza con il<a href=\"http:\/\/madriddesignfestival.com\/en\/\"><strong> Madrid Design Festival<\/strong><\/a>\u00a0e la fiera d&#8217;arte\u00a0<a href=\"http:\/\/www.ifema.es\/arcomadrid_01\/\"><strong>ARCO<\/strong><\/a>, ha come ospite quest\u2019anno l\u2019Andalusia, con il supporto di <strong>AAD (Association of Designers of Andalucia) <\/strong>e riunisce pi\u00f9 di 60 pezzi nelle categorie <em>Designers, Companies, In Process, Students<\/em>.<\/p>\n<p>Nella categoria <em>Companies<\/em> le aziende mostrano nuove proposte di food design che includono ad esempio contenitori gastronomici come\u00a0<strong><a href=\"http:\/\/www.photoalquimia.com\/titobowl.html\">Titobowl<\/a><\/strong> disegnata da Carlos Jim\u00e9nez P\u00e9rez. Titobowl \u00e8 parte\u00a0della collezione NATURA IMITATIS di\u00a0<strong><a href=\"http:\/\/www.photoalquimia.com\/\">Photoalquimia\u00a0<\/a><\/strong>ed \u00e8 stata creata da abili artigiani che utilizzano materiali naturali. Tutti i pezzi sono riciclabili e sono realizzati nel rispetto dell\u2019ambiente.<img decoding=\"async\" class=\"size-large wp-image-11504 aligncenter\" src=\"http:\/\/www.thesignspeaking.com\/wp-content\/uploads\/2019\/03\/23_Carlos-Jimenez-Perez-1024x1024.jpg\" alt=\"\" width=\"1024\" height=\"1024\" srcset=\"https:\/\/www.thesignspeaking.com\/wp-content\/uploads\/2019\/03\/23_Carlos-Jimenez-Perez-1024x1024.jpg 1024w, https:\/\/www.thesignspeaking.com\/wp-content\/uploads\/2019\/03\/23_Carlos-Jimenez-Perez-150x150.jpg 150w, https:\/\/www.thesignspeaking.com\/wp-content\/uploads\/2019\/03\/23_Carlos-Jimenez-Perez-300x300.jpg 300w, https:\/\/www.thesignspeaking.com\/wp-content\/uploads\/2019\/03\/23_Carlos-Jimenez-Perez-768x768.jpg 768w, https:\/\/www.thesignspeaking.com\/wp-content\/uploads\/2019\/03\/23_Carlos-Jimenez-Perez-125x125.jpg 125w\" sizes=\"(max-width: 1024px) 100vw, 1024px\" \/>Tra i vari progetti, Baco per le bottiglie di vino:<img decoding=\"async\" class=\"size-large wp-image-11507 aligncenter\" src=\"http:\/\/www.thesignspeaking.com\/wp-content\/uploads\/2019\/03\/baco-1024x1024.jpg\" alt=\"\" width=\"1024\" height=\"1024\" srcset=\"https:\/\/www.thesignspeaking.com\/wp-content\/uploads\/2019\/03\/baco-1024x1024.jpg 1024w, https:\/\/www.thesignspeaking.com\/wp-content\/uploads\/2019\/03\/baco-150x150.jpg 150w, https:\/\/www.thesignspeaking.com\/wp-content\/uploads\/2019\/03\/baco-300x300.jpg 300w, https:\/\/www.thesignspeaking.com\/wp-content\/uploads\/2019\/03\/baco-768x768.jpg 768w, https:\/\/www.thesignspeaking.com\/wp-content\/uploads\/2019\/03\/baco-125x125.jpg 125w\" sizes=\"(max-width: 1024px) 100vw, 1024px\" \/>I piatti ispirati alla natura disegnati da <a href=\"https:\/\/vajillasbynuriablanco.com\/\"><strong>Nuria Blanco<\/strong><\/a>:<strong>\u00a0<img decoding=\"async\" class=\"size-large wp-image-11505 aligncenter\" src=\"http:\/\/www.thesignspeaking.com\/wp-content\/uploads\/2019\/03\/12_Nuria-Blanco-1024x1024.jpg\" alt=\"\" width=\"1024\" height=\"1024\" srcset=\"https:\/\/www.thesignspeaking.com\/wp-content\/uploads\/2019\/03\/12_Nuria-Blanco-1024x1024.jpg 1024w, https:\/\/www.thesignspeaking.com\/wp-content\/uploads\/2019\/03\/12_Nuria-Blanco-150x150.jpg 150w, https:\/\/www.thesignspeaking.com\/wp-content\/uploads\/2019\/03\/12_Nuria-Blanco-300x300.jpg 300w, https:\/\/www.thesignspeaking.com\/wp-content\/uploads\/2019\/03\/12_Nuria-Blanco-768x768.jpg 768w, https:\/\/www.thesignspeaking.com\/wp-content\/uploads\/2019\/03\/12_Nuria-Blanco-125x125.jpg 125w\" sizes=\"(max-width: 1024px) 100vw, 1024px\" \/><\/strong>e da <strong><a href=\"https:\/\/www.linkedin.com\/in\/chele-esteve-sendra-38b0444a\/?originalSubdomain=es\">Chele Esteve Sendra<\/a><\/strong>:<img decoding=\"async\" class=\"size-large wp-image-11506 aligncenter\" src=\"http:\/\/www.thesignspeaking.com\/wp-content\/uploads\/2019\/03\/07_Chele-Esteve-Sendra-1024x1024.jpg\" alt=\"\" width=\"1024\" height=\"1024\" srcset=\"https:\/\/www.thesignspeaking.com\/wp-content\/uploads\/2019\/03\/07_Chele-Esteve-Sendra-1024x1024.jpg 1024w, https:\/\/www.thesignspeaking.com\/wp-content\/uploads\/2019\/03\/07_Chele-Esteve-Sendra-150x150.jpg 150w, https:\/\/www.thesignspeaking.com\/wp-content\/uploads\/2019\/03\/07_Chele-Esteve-Sendra-300x300.jpg 300w, https:\/\/www.thesignspeaking.com\/wp-content\/uploads\/2019\/03\/07_Chele-Esteve-Sendra-768x768.jpg 768w, https:\/\/www.thesignspeaking.com\/wp-content\/uploads\/2019\/03\/07_Chele-Esteve-Sendra-125x125.jpg 125w\" sizes=\"(max-width: 1024px) 100vw, 1024px\" \/><\/p>\n<p>&nbsp;<\/p>\n<\/span>","protected":false},"excerpt":{"rendered":"<p>Fino al 24 marzo 2019 alla Central de Dise\u00f1o \/ Matadero Madrid\u00a0\u00e8 possibile visitare la mostra &#8220;Producto Fresco. Design made in Madrid&#8221;, il cui display design \u00e8 stato creato dalla facolt\u00e0 e dagli studenti del Master in Architectural Communication (MACA), del Politecnico di Madrid e dell&#8217;Universit\u00e0 Complutense. Producto Fresco \u00e8 un progetto di DIMAD che [&hellip;]<\/p>\n","protected":false},"author":3,"featured_media":11505,"comment_status":"open","ping_status":"open","sticky":false,"template":"","format":"standard","meta":[],"categories":[15,24],"tags":[27,745,190,641],"_links":{"self":[{"href":"https:\/\/www.thesignspeaking.com\/it\/wp-json\/wp\/v2\/posts\/11502"}],"collection":[{"href":"https:\/\/www.thesignspeaking.com\/it\/wp-json\/wp\/v2\/posts"}],"about":[{"href":"https:\/\/www.thesignspeaking.com\/it\/wp-json\/wp\/v2\/types\/post"}],"author":[{"embeddable":true,"href":"https:\/\/www.thesignspeaking.com\/it\/wp-json\/wp\/v2\/users\/3"}],"replies":[{"embeddable":true,"href":"https:\/\/www.thesignspeaking.com\/it\/wp-json\/wp\/v2\/comments?post=11502"}],"version-history":[{"count":0,"href":"https:\/\/www.thesignspeaking.com\/it\/wp-json\/wp\/v2\/posts\/11502\/revisions"}],"wp:featuredmedia":[{"embeddable":true,"href":"https:\/\/www.thesignspeaking.com\/it\/wp-json\/wp\/v2\/media\/11505"}],"wp:attachment":[{"href":"https:\/\/www.thesignspeaking.com\/it\/wp-json\/wp\/v2\/media?parent=11502"}],"wp:term":[{"taxonomy":"category","embeddable":true,"href":"https:\/\/www.thesignspeaking.com\/it\/wp-json\/wp\/v2\/categories?post=11502"},{"taxonomy":"post_tag","embeddable":true,"href":"https:\/\/www.thesignspeaking.com\/it\/wp-json\/wp\/v2\/tags?post=11502"}],"curies":[{"name":"wp","href":"https:\/\/api.w.org\/{rel}","templated":true}]}}