{"id":12001,"date":"2019-05-30T14:43:00","date_gmt":"2019-05-30T12:43:00","guid":{"rendered":"http:\/\/www.thesignspeaking.com\/?p=12001"},"modified":"2019-05-30T16:33:57","modified_gmt":"2019-05-30T14:33:57","slug":"v-edicion-ied-design-fest-spain","status":"publish","type":"post","link":"https:\/\/www.thesignspeaking.com\/it\/v-edicion-ied-design-fest-spain\/","title":{"rendered":"V EDICI\u00d3N IED DESIGN FEST SPAIN"},"content":{"rendered":"<span class=\"cb-itemprop\" itemprop=\"reviewBody\"><p>Lo scorso venerdi 24 maggio, l&#8217;Istituto Europeo di Design, oggi meglio conosciuto come\u00a0<a href=\"https:\/\/www.ied.edu\/\"><strong>IED<\/strong>,<\/a>\u00a0ha celebrato l&#8217;arrivo in Spagna 25 anni fa &#8211; a Madrid nel 1994 e a Barcellona nel 2002 &#8211; con l&#8217;annuale IED DESIGN FEST.<img decoding=\"async\" class=\"size-large wp-image-12003 aligncenter\" src=\"http:\/\/www.thesignspeaking.com\/wp-content\/uploads\/2019\/05\/DesignFest_Resumen_223-683x1024.jpg\" alt=\"\" width=\"683\" height=\"1024\" srcset=\"https:\/\/www.thesignspeaking.com\/wp-content\/uploads\/2019\/05\/DesignFest_Resumen_223-683x1024.jpg 683w, https:\/\/www.thesignspeaking.com\/wp-content\/uploads\/2019\/05\/DesignFest_Resumen_223-200x300.jpg 200w, https:\/\/www.thesignspeaking.com\/wp-content\/uploads\/2019\/05\/DesignFest_Resumen_223-768x1151.jpg 768w, https:\/\/www.thesignspeaking.com\/wp-content\/uploads\/2019\/05\/DesignFest_Resumen_223.jpg 1201w\" sizes=\"(max-width: 683px) 100vw, 683px\" \/>Per la quinta edizione dell&#8217;evento, allo IED di Madrid si sono tenuti workshop, conferenze e mostre che mostrano le ultime tendenze in materia di creativit\u00e0, innovazione e design.<img decoding=\"async\" class=\"size-large wp-image-12005 aligncenter\" src=\"http:\/\/www.thesignspeaking.com\/wp-content\/uploads\/2019\/05\/DesignFest_Resumen_074-1024x683.jpg\" alt=\"\" width=\"1024\" height=\"683\" srcset=\"https:\/\/www.thesignspeaking.com\/wp-content\/uploads\/2019\/05\/DesignFest_Resumen_074-1024x683.jpg 1024w, https:\/\/www.thesignspeaking.com\/wp-content\/uploads\/2019\/05\/DesignFest_Resumen_074-300x200.jpg 300w, https:\/\/www.thesignspeaking.com\/wp-content\/uploads\/2019\/05\/DesignFest_Resumen_074-768x512.jpg 768w, https:\/\/www.thesignspeaking.com\/wp-content\/uploads\/2019\/05\/DesignFest_Resumen_074-360x240.jpg 360w, https:\/\/www.thesignspeaking.com\/wp-content\/uploads\/2019\/05\/DesignFest_Resumen_074.jpg 1800w\" sizes=\"(max-width: 1024px) 100vw, 1024px\" \/>La facciata del Palacio de Altamira di Madrid \u00e8 stata ricoperta con alcuni degli alunni che sono diventati\u00a0famosi dopo aver frequentato\u00a0<a href=\"https:\/\/www.ied.edu\/ied-locations\/madrid\"><strong>IED Madrid<\/strong><\/a> e <a href=\"https:\/\/www.ied.edu\/ied-locations\/barcelona\"><strong>IED Barcelona!<\/strong><\/a><img decoding=\"async\" class=\"size-large wp-image-12004 aligncenter\" src=\"http:\/\/www.thesignspeaking.com\/wp-content\/uploads\/2019\/05\/DesignFest_Resumen_01-1024x683.jpg\" alt=\"\" width=\"1024\" height=\"683\" srcset=\"https:\/\/www.thesignspeaking.com\/wp-content\/uploads\/2019\/05\/DesignFest_Resumen_01-1024x683.jpg 1024w, https:\/\/www.thesignspeaking.com\/wp-content\/uploads\/2019\/05\/DesignFest_Resumen_01-300x200.jpg 300w, https:\/\/www.thesignspeaking.com\/wp-content\/uploads\/2019\/05\/DesignFest_Resumen_01-768x512.jpg 768w, https:\/\/www.thesignspeaking.com\/wp-content\/uploads\/2019\/05\/DesignFest_Resumen_01-360x240.jpg 360w, https:\/\/www.thesignspeaking.com\/wp-content\/uploads\/2019\/05\/DesignFest_Resumen_01.jpg 1800w\" sizes=\"(max-width: 1024px) 100vw, 1024px\" \/>IED nasce nel 1966 grazie alla felice intuizione di Francesco Morelli ed \u00e8 oggi un\u2019eccellenza internazionale di matrice completamente italiana, che opera nel campo della formazione e della ricerca, nelle discipline del Design, della Moda, delle Arti Visive e della Comunicazione.<img decoding=\"async\" class=\"size-large wp-image-12006 aligncenter\" src=\"http:\/\/www.thesignspeaking.com\/wp-content\/uploads\/2019\/05\/DesignFest_Resumen_183-683x1024.jpg\" alt=\"\" width=\"683\" height=\"1024\" srcset=\"https:\/\/www.thesignspeaking.com\/wp-content\/uploads\/2019\/05\/DesignFest_Resumen_183-683x1024.jpg 683w, https:\/\/www.thesignspeaking.com\/wp-content\/uploads\/2019\/05\/DesignFest_Resumen_183-200x300.jpg 200w, https:\/\/www.thesignspeaking.com\/wp-content\/uploads\/2019\/05\/DesignFest_Resumen_183-768x1151.jpg 768w, https:\/\/www.thesignspeaking.com\/wp-content\/uploads\/2019\/05\/DesignFest_Resumen_183.jpg 1201w\" sizes=\"(max-width: 683px) 100vw, 683px\" \/>IED \u00e8 un sistema formativo in evoluzione, un laboratorio capace di pensare e ripensarsi con una mission chiara e condivisibile, quella di offrire ai giovani creativi una formazione completa, una \u201cCultura del Progetto\u201d che li accompagni per tutta la vita.<\/p>\n<p>Proprio per questo suo processo di creazione costante, IED \u00e8 molto pi\u00f9 di una scuola: \u00e8 un centro in cui prendono forma professionalit\u00e0 di nuova generazione. Una fucina di idee che sviluppa creativit\u00e0 attraverso l\u2019offerta di percorsi Post diploma, Master e di Specializzazione.<img decoding=\"async\" class=\"size-large wp-image-12002 aligncenter\" src=\"http:\/\/www.thesignspeaking.com\/wp-content\/uploads\/2019\/05\/DesignFest_Resumen_155-1024x683.jpg\" alt=\"\" width=\"1024\" height=\"683\" srcset=\"https:\/\/www.thesignspeaking.com\/wp-content\/uploads\/2019\/05\/DesignFest_Resumen_155-1024x683.jpg 1024w, https:\/\/www.thesignspeaking.com\/wp-content\/uploads\/2019\/05\/DesignFest_Resumen_155-300x200.jpg 300w, https:\/\/www.thesignspeaking.com\/wp-content\/uploads\/2019\/05\/DesignFest_Resumen_155-768x512.jpg 768w, https:\/\/www.thesignspeaking.com\/wp-content\/uploads\/2019\/05\/DesignFest_Resumen_155-360x240.jpg 360w, https:\/\/www.thesignspeaking.com\/wp-content\/uploads\/2019\/05\/DesignFest_Resumen_155.jpg 1800w\" sizes=\"(max-width: 1024px) 100vw, 1024px\" \/><img decoding=\"async\" class=\"size-large wp-image-12007 aligncenter\" src=\"http:\/\/www.thesignspeaking.com\/wp-content\/uploads\/2019\/05\/DesignFest_Resumen_083-683x1024.jpg\" alt=\"\" width=\"683\" height=\"1024\" srcset=\"https:\/\/www.thesignspeaking.com\/wp-content\/uploads\/2019\/05\/DesignFest_Resumen_083-683x1024.jpg 683w, https:\/\/www.thesignspeaking.com\/wp-content\/uploads\/2019\/05\/DesignFest_Resumen_083-200x300.jpg 200w, https:\/\/www.thesignspeaking.com\/wp-content\/uploads\/2019\/05\/DesignFest_Resumen_083-768x1151.jpg 768w, https:\/\/www.thesignspeaking.com\/wp-content\/uploads\/2019\/05\/DesignFest_Resumen_083.jpg 1201w\" sizes=\"(max-width: 683px) 100vw, 683px\" \/><\/p>\n<\/span>","protected":false},"excerpt":{"rendered":"<p>Lo scorso venerdi 24 maggio, l&#8217;Istituto Europeo di Design, oggi meglio conosciuto come\u00a0IED,\u00a0ha celebrato l&#8217;arrivo in Spagna 25 anni fa &#8211; a Madrid nel 1994 e a Barcellona nel 2002 &#8211; con l&#8217;annuale IED DESIGN FEST.Per la quinta edizione dell&#8217;evento, allo IED di Madrid si sono tenuti workshop, conferenze e mostre che mostrano le ultime [&hellip;]<\/p>\n","protected":false},"author":3,"featured_media":12005,"comment_status":"open","ping_status":"open","sticky":false,"template":"","format":"standard","meta":[],"categories":[11],"tags":[193,27,33,228,641,199,283,915],"_links":{"self":[{"href":"https:\/\/www.thesignspeaking.com\/it\/wp-json\/wp\/v2\/posts\/12001"}],"collection":[{"href":"https:\/\/www.thesignspeaking.com\/it\/wp-json\/wp\/v2\/posts"}],"about":[{"href":"https:\/\/www.thesignspeaking.com\/it\/wp-json\/wp\/v2\/types\/post"}],"author":[{"embeddable":true,"href":"https:\/\/www.thesignspeaking.com\/it\/wp-json\/wp\/v2\/users\/3"}],"replies":[{"embeddable":true,"href":"https:\/\/www.thesignspeaking.com\/it\/wp-json\/wp\/v2\/comments?post=12001"}],"version-history":[{"count":0,"href":"https:\/\/www.thesignspeaking.com\/it\/wp-json\/wp\/v2\/posts\/12001\/revisions"}],"wp:featuredmedia":[{"embeddable":true,"href":"https:\/\/www.thesignspeaking.com\/it\/wp-json\/wp\/v2\/media\/12005"}],"wp:attachment":[{"href":"https:\/\/www.thesignspeaking.com\/it\/wp-json\/wp\/v2\/media?parent=12001"}],"wp:term":[{"taxonomy":"category","embeddable":true,"href":"https:\/\/www.thesignspeaking.com\/it\/wp-json\/wp\/v2\/categories?post=12001"},{"taxonomy":"post_tag","embeddable":true,"href":"https:\/\/www.thesignspeaking.com\/it\/wp-json\/wp\/v2\/tags?post=12001"}],"curies":[{"name":"wp","href":"https:\/\/api.w.org\/{rel}","templated":true}]}}