{"id":12145,"date":"2019-06-13T17:10:57","date_gmt":"2019-06-13T15:10:57","guid":{"rendered":"http:\/\/www.thesignspeaking.com\/?p=12145"},"modified":"2019-06-13T17:33:21","modified_gmt":"2019-06-13T15:33:21","slug":"barcelona-design-week-a-city-event-for-the-city","status":"publish","type":"post","link":"https:\/\/www.thesignspeaking.com\/it\/barcelona-design-week-a-city-event-for-the-city\/","title":{"rendered":"BARCELONA DESIGN WEEK , A CITY EVENT, FOR THE CITY"},"content":{"rendered":"<span class=\"cb-itemprop\" itemprop=\"reviewBody\"><p><img decoding=\"async\" class=\"size-large wp-image-12154 aligncenter\" src=\"http:\/\/www.thesignspeaking.com\/wp-content\/uploads\/2019\/06\/Inuagural-BDW-49-1-1024x683.jpg\" alt=\"\" width=\"1024\" height=\"683\" srcset=\"https:\/\/www.thesignspeaking.com\/wp-content\/uploads\/2019\/06\/Inuagural-BDW-49-1.jpg 1024w, https:\/\/www.thesignspeaking.com\/wp-content\/uploads\/2019\/06\/Inuagural-BDW-49-1-300x200.jpg 300w, https:\/\/www.thesignspeaking.com\/wp-content\/uploads\/2019\/06\/Inuagural-BDW-49-1-768x512.jpg 768w, https:\/\/www.thesignspeaking.com\/wp-content\/uploads\/2019\/06\/Inuagural-BDW-49-1-360x240.jpg 360w\" sizes=\"(max-width: 1024px) 100vw, 1024px\" \/><\/p>\n<p>Premi, conferenze, mostre, installazioni, un mercato, film, porte aperte, presentazioni, workshop e feste all\u2019insegna del motto di quest&#8217;anno &#8220;Transitions&#8221;, per aiutare il pubblico a dare un&#8217;occhiata pi\u00f9 da vicino al ruolo del design.<\/p>\n<p>La\u00a0<a href=\"https:\/\/www.barcelonadesignweek.com\/en\/\"><strong>Barcelona Design Week <\/strong><\/a>dal 12 al 20 giugno, celebra la sua 14a edizione. Una nuova opportunit\u00e0 per vivere e godersi un evento imperdibile sul design, la creativit\u00e0 e l&#8217;innovazione a Barcellona in una delle pi\u00f9 importanti settimane del design del calendario internazionale.<img decoding=\"async\" class=\"size-large wp-image-12153 aligncenter\" src=\"http:\/\/www.thesignspeaking.com\/wp-content\/uploads\/2019\/06\/Inuagural-BDW-75-1-1024x683.jpg\" alt=\"\" width=\"1024\" height=\"683\" srcset=\"https:\/\/www.thesignspeaking.com\/wp-content\/uploads\/2019\/06\/Inuagural-BDW-75-1.jpg 1024w, https:\/\/www.thesignspeaking.com\/wp-content\/uploads\/2019\/06\/Inuagural-BDW-75-1-300x200.jpg 300w, https:\/\/www.thesignspeaking.com\/wp-content\/uploads\/2019\/06\/Inuagural-BDW-75-1-768x512.jpg 768w, https:\/\/www.thesignspeaking.com\/wp-content\/uploads\/2019\/06\/Inuagural-BDW-75-1-360x240.jpg 360w\" sizes=\"(max-width: 1024px) 100vw, 1024px\" \/>L&#8217;obiettivo \u00e8 portare il design alle persone e coinvolgere gli attori principali del settore in citt\u00e0 per condividere la vitalit\u00e0 del design di Barcellona con il mondo e la citt\u00e0, migliorare la sua importanza a livello sociale ed economico e invitare i cittadini a viverla. Pi\u00f9 di una settimana tutti gli amanti del design potranno godere di un vasto programma che comprende pi\u00f9 di 120 attivit\u00e0 aperte alla citt\u00e0, ma anche rivolte al pubblico professionale per creare opportunit\u00e0 di business e facilitare lo scambio di conoscenza.<img decoding=\"async\" class=\"size-large wp-image-12152 aligncenter\" src=\"http:\/\/www.thesignspeaking.com\/wp-content\/uploads\/2019\/06\/Inuagural-BDW-85-1-1024x683.jpg\" alt=\"\" width=\"1024\" height=\"683\" srcset=\"https:\/\/www.thesignspeaking.com\/wp-content\/uploads\/2019\/06\/Inuagural-BDW-85-1.jpg 1024w, https:\/\/www.thesignspeaking.com\/wp-content\/uploads\/2019\/06\/Inuagural-BDW-85-1-300x200.jpg 300w, https:\/\/www.thesignspeaking.com\/wp-content\/uploads\/2019\/06\/Inuagural-BDW-85-1-768x512.jpg 768w, https:\/\/www.thesignspeaking.com\/wp-content\/uploads\/2019\/06\/Inuagural-BDW-85-1-360x240.jpg 360w\" sizes=\"(max-width: 1024px) 100vw, 1024px\" \/>Il design come professione, i giovani talenti, il riconoscimento dell&#8217;eccellenza e della cultura del design saranno supportati dal <strong><a href=\"https:\/\/www.fad.cat\/en\">FAD<\/a><\/strong> che quest\u2019anno organizza dei talk per parlare di \u201cbuon design\u201d e di quale dovrebbe essere il suo ruolo di fronte alle attuali sfide per l&#8217;umanit\u00e0. Il suo valore strategico in termini di innovazione, sostenibilit\u00e0 e competitivit\u00e0, nonch\u00e9 la promozione del marchio di citt\u00e0 di Barcellona, ad opera del BCD. Con il <strong><a href=\"http:\/\/ajuntament.barcelona.cat\/museudeldisseny\/en\">Museu del Disseny<\/a><\/strong> come principale collaboratore, che apporta un contributo con il proprio patrimonio, la sua dimensione pubblica e la sua capacit\u00e0 di diffusione.<img decoding=\"async\" class=\"size-large wp-image-12146 aligncenter\" src=\"http:\/\/www.thesignspeaking.com\/wp-content\/uploads\/2019\/06\/Inuagural-BDW-84-1024x683.jpg\" alt=\"\" width=\"1024\" height=\"683\" srcset=\"https:\/\/www.thesignspeaking.com\/wp-content\/uploads\/2019\/06\/Inuagural-BDW-84.jpg 1024w, https:\/\/www.thesignspeaking.com\/wp-content\/uploads\/2019\/06\/Inuagural-BDW-84-300x200.jpg 300w, https:\/\/www.thesignspeaking.com\/wp-content\/uploads\/2019\/06\/Inuagural-BDW-84-768x512.jpg 768w, https:\/\/www.thesignspeaking.com\/wp-content\/uploads\/2019\/06\/Inuagural-BDW-84-360x240.jpg 360w\" sizes=\"(max-width: 1024px) 100vw, 1024px\" \/><\/p>\n<p>Quest&#8217;anno, Argentina, Brasile e Italia sono paesi invitati a mostrare il loro potenziale creativo e ad interpretare le &#8220;transizioni&#8221; da diverse prospettive.<\/p>\n<p>L&#8217;Argentina, attraverso il Santa Fe Polo de Dise\u00f1o, presenta &#8220;Paisajes l\u00fadicos&#8221; &#8220;di Leticia Paschetta, un&#8217;installazione che esplora i confini tra arte, design e architettura per creare intense esperienze attraverso gli spazi, sfidando le nostre percezioni con l\u2019obiettivo di fissare nella mente vecchi ricordi.<img decoding=\"async\" class=\"size-large wp-image-12157 aligncenter\" src=\"http:\/\/www.thesignspeaking.com\/wp-content\/uploads\/2019\/06\/Inuagural-BDW-2-1024x683.jpg\" alt=\"\" width=\"1024\" height=\"683\" srcset=\"https:\/\/www.thesignspeaking.com\/wp-content\/uploads\/2019\/06\/Inuagural-BDW-2.jpg 1024w, https:\/\/www.thesignspeaking.com\/wp-content\/uploads\/2019\/06\/Inuagural-BDW-2-300x200.jpg 300w, https:\/\/www.thesignspeaking.com\/wp-content\/uploads\/2019\/06\/Inuagural-BDW-2-768x512.jpg 768w, https:\/\/www.thesignspeaking.com\/wp-content\/uploads\/2019\/06\/Inuagural-BDW-2-360x240.jpg 360w\" sizes=\"(max-width: 1024px) 100vw, 1024px\" \/><\/p>\n<p>Il Brasile, in collaborazione con il Consolato Generale del Brasil, presenta una mostra di mobili contemporanei chiamata &#8220;O sentar do Brasileiro&#8221; che invita il visitatore a riflettere su come ci si siede da diversi punti di vista: celebrazioni, lavoro, religione e relax.<img decoding=\"async\" class=\"size-large wp-image-12147 aligncenter\" src=\"http:\/\/www.thesignspeaking.com\/wp-content\/uploads\/2019\/06\/Inuagural-BDW-5-1024x683.jpg\" alt=\"\" width=\"1024\" height=\"683\" srcset=\"https:\/\/www.thesignspeaking.com\/wp-content\/uploads\/2019\/06\/Inuagural-BDW-5.jpg 1024w, https:\/\/www.thesignspeaking.com\/wp-content\/uploads\/2019\/06\/Inuagural-BDW-5-300x200.jpg 300w, https:\/\/www.thesignspeaking.com\/wp-content\/uploads\/2019\/06\/Inuagural-BDW-5-768x512.jpg 768w, https:\/\/www.thesignspeaking.com\/wp-content\/uploads\/2019\/06\/Inuagural-BDW-5-360x240.jpg 360w\" sizes=\"(max-width: 1024px) 100vw, 1024px\" \/><\/p>\n<p>L&#8217;Italia presenta una raccolta di disegni di <a href=\"http:\/\/mariotrimarchi.eu\/it\/\"><strong>Mario Trimarchi<\/strong><\/a>\u00a0con il titolo &#8220;La ricerca della frontiera tra l&#8217;utile e l&#8217;inutile&#8221;. I disegni accompagnano sempre i suoi prodotti, costruendo un confine invisibile tra idee e realt\u00e0, tra i sogni e la verit\u00e0 delle cose. Sono una testimonianza della sua ricerca poetica e spesso rivelano pi\u00f9 di ci\u00f2 che un semplice prodotto pu\u00f2 esprimere da solo.<img decoding=\"async\" class=\"size-large wp-image-12158 aligncenter\" src=\"http:\/\/www.thesignspeaking.com\/wp-content\/uploads\/2019\/06\/Inuagural-BDW-1-1-1024x683.jpg\" alt=\"\" width=\"1024\" height=\"683\" srcset=\"https:\/\/www.thesignspeaking.com\/wp-content\/uploads\/2019\/06\/Inuagural-BDW-1-1.jpg 1024w, https:\/\/www.thesignspeaking.com\/wp-content\/uploads\/2019\/06\/Inuagural-BDW-1-1-300x200.jpg 300w, https:\/\/www.thesignspeaking.com\/wp-content\/uploads\/2019\/06\/Inuagural-BDW-1-1-768x512.jpg 768w, https:\/\/www.thesignspeaking.com\/wp-content\/uploads\/2019\/06\/Inuagural-BDW-1-1-360x240.jpg 360w\" sizes=\"(max-width: 1024px) 100vw, 1024px\" \/><\/p>\n<p>Il design attraverser\u00e0 poi la citt\u00e0 con un tour di attivit\u00e0 creative pensate per diversi spazi che si trovano lungo i quasi 12 chilometri di Avenida Diagonal, un asse unico che per una settimana diventa un punto di riferimento per il design e la creativit\u00e0. La prima edizione di &#8220;Design in Diagonal&#8221; \u00e8 un&#8217;iniziativa promossa dal<strong>\u00a0<a href=\"https:\/\/www.bcd.es\/en\/page.asp?id=1\">BCD Barcelona Design Centre<\/a><\/strong>\u00a0in collaborazione con\u00a0<a href=\"https:\/\/thecreative.net\/map\"><strong>The Creative Net<\/strong><\/a>, con la partecipazione di flagship store, vetrine, hotel, ristoranti e altri spazi in vetrina sull&#8217;arteria principale della citt\u00e0.<\/p>\n<p>Per scoprire il programma #DesignInDiagonal: <a href=\"https:\/\/www.barcelonadesignweek.com\/en\/h\/designindiagonal\/\">https:\/\/www.barcelonadesignweek.com\/en\/h\/designindiagonal\/<\/a><\/p>\n<p><img decoding=\"async\" class=\"size-large wp-image-12159 aligncenter\" src=\"http:\/\/www.thesignspeaking.com\/wp-content\/uploads\/2019\/06\/55f3ece6-cac9-4bee-884b-841b0763f1d0-1024x732.jpg\" alt=\"\" width=\"1024\" height=\"732\" srcset=\"https:\/\/www.thesignspeaking.com\/wp-content\/uploads\/2019\/06\/55f3ece6-cac9-4bee-884b-841b0763f1d0.jpg 1024w, https:\/\/www.thesignspeaking.com\/wp-content\/uploads\/2019\/06\/55f3ece6-cac9-4bee-884b-841b0763f1d0-300x214.jpg 300w, https:\/\/www.thesignspeaking.com\/wp-content\/uploads\/2019\/06\/55f3ece6-cac9-4bee-884b-841b0763f1d0-768x549.jpg 768w\" sizes=\"(max-width: 1024px) 100vw, 1024px\" \/><\/p>\n<\/span>","protected":false},"excerpt":{"rendered":"<p>Premi, conferenze, mostre, installazioni, un mercato, film, porte aperte, presentazioni, workshop e feste all\u2019insegna del motto di quest&#8217;anno &#8220;Transitions&#8221;, per aiutare il pubblico a dare un&#8217;occhiata pi\u00f9 da vicino al ruolo del design. La\u00a0Barcelona Design Week dal 12 al 20 giugno, celebra la sua 14a edizione. Una nuova opportunit\u00e0 per vivere e godersi un evento [&hellip;]<\/p>\n","protected":false},"author":3,"featured_media":12153,"comment_status":"open","ping_status":"open","sticky":false,"template":"","format":"standard","meta":[],"categories":[11],"tags":[943,929,866,27,944,946,945,947,948,949,950,951],"_links":{"self":[{"href":"https:\/\/www.thesignspeaking.com\/it\/wp-json\/wp\/v2\/posts\/12145"}],"collection":[{"href":"https:\/\/www.thesignspeaking.com\/it\/wp-json\/wp\/v2\/posts"}],"about":[{"href":"https:\/\/www.thesignspeaking.com\/it\/wp-json\/wp\/v2\/types\/post"}],"author":[{"embeddable":true,"href":"https:\/\/www.thesignspeaking.com\/it\/wp-json\/wp\/v2\/users\/3"}],"replies":[{"embeddable":true,"href":"https:\/\/www.thesignspeaking.com\/it\/wp-json\/wp\/v2\/comments?post=12145"}],"version-history":[{"count":0,"href":"https:\/\/www.thesignspeaking.com\/it\/wp-json\/wp\/v2\/posts\/12145\/revisions"}],"wp:featuredmedia":[{"embeddable":true,"href":"https:\/\/www.thesignspeaking.com\/it\/wp-json\/wp\/v2\/media\/12153"}],"wp:attachment":[{"href":"https:\/\/www.thesignspeaking.com\/it\/wp-json\/wp\/v2\/media?parent=12145"}],"wp:term":[{"taxonomy":"category","embeddable":true,"href":"https:\/\/www.thesignspeaking.com\/it\/wp-json\/wp\/v2\/categories?post=12145"},{"taxonomy":"post_tag","embeddable":true,"href":"https:\/\/www.thesignspeaking.com\/it\/wp-json\/wp\/v2\/tags?post=12145"}],"curies":[{"name":"wp","href":"https:\/\/api.w.org\/{rel}","templated":true}]}}