{"id":12315,"date":"2019-07-20T10:59:07","date_gmt":"2019-07-20T08:59:07","guid":{"rendered":"http:\/\/www.thesignspeaking.com\/?p=12315"},"modified":"2019-07-20T11:03:29","modified_gmt":"2019-07-20T09:03:29","slug":"12315-2","status":"publish","type":"post","link":"https:\/\/www.thesignspeaking.com\/it\/12315-2\/","title":{"rendered":"Lampanot, a tribute to the purest design of Barcelona"},"content":{"rendered":"<span class=\"cb-itemprop\" itemprop=\"reviewBody\"><p>Grazie al suo costante impegno nel design, <strong><a href=\"http:\/\/www.faro.es\">Faro Barcelona<\/a><\/strong> ha reso\u00a0<em>Lampanot<\/em>\u00a0una realt\u00e0.<\/p>\n<p>E\u2019 progetto con cui la designer <strong><a href=\"https:\/\/www.cristinaborras.com\/\">Cristina Borra\u0301s<\/a><\/strong>\u00a0aveva vinto il \u201c<strong><a href=\"https:\/\/www.premistalent.cat\/\">Premi Talent 3D 2016<\/a><\/strong>\u201d, un&#8217;iniziativa nata per promuovere il talento dei giovani designer.<\/p>\n<div id=\"attachment_12317\" style=\"width: 1034px\"  class=\"wp-caption aligncenter\"><img decoding=\"async\" class=\"size-large wp-image-12317\" src=\"http:\/\/www.thesignspeaking.com\/wp-content\/uploads\/2019\/07\/Lampanot-ambiente4_Faro-Barcelona-1024x683.jpg\" alt=\"\" width=\"1024\" height=\"683\" srcset=\"https:\/\/www.thesignspeaking.com\/wp-content\/uploads\/2019\/07\/Lampanot-ambiente4_Faro-Barcelona.jpg 1024w, https:\/\/www.thesignspeaking.com\/wp-content\/uploads\/2019\/07\/Lampanot-ambiente4_Faro-Barcelona-300x200.jpg 300w, https:\/\/www.thesignspeaking.com\/wp-content\/uploads\/2019\/07\/Lampanot-ambiente4_Faro-Barcelona-768x512.jpg 768w, https:\/\/www.thesignspeaking.com\/wp-content\/uploads\/2019\/07\/Lampanot-ambiente4_Faro-Barcelona-360x240.jpg 360w\" sizes=\"(max-width: 1024px) 100vw, 1024px\" \/><p class=\"wp-caption-text\">Photo: Ricard Badia<\/p><\/div>\n<p>Si tratta di una lampada portatile dal design minimalista che rende omaggio al design pi\u00f9 puro di Barcellona. Si ispira al Panot, il design delle piastrelle delle strade dell&#8217;Eixample, il leggendario quartiere della citt\u00e0 e fiore all&#8217;occhiello di un intero periodo che <em>Lampanot<\/em> ha impresso su cinque dei suoi sei lati. Il disegno del fiore era stato creato dall&#8217;architetto Puig i Cadafalch per Casa Amatller quando il modernismo era nel suo momento di massimo splendore.<img decoding=\"async\" class=\"size-full wp-image-12319 aligncenter\" src=\"http:\/\/www.thesignspeaking.com\/wp-content\/uploads\/2019\/07\/Lampanot_1_Faro-Barcelona.jpg\" alt=\"\" width=\"1024\" height=\"1024\" srcset=\"https:\/\/www.thesignspeaking.com\/wp-content\/uploads\/2019\/07\/Lampanot_1_Faro-Barcelona.jpg 1024w, https:\/\/www.thesignspeaking.com\/wp-content\/uploads\/2019\/07\/Lampanot_1_Faro-Barcelona-150x150.jpg 150w, https:\/\/www.thesignspeaking.com\/wp-content\/uploads\/2019\/07\/Lampanot_1_Faro-Barcelona-300x300.jpg 300w, https:\/\/www.thesignspeaking.com\/wp-content\/uploads\/2019\/07\/Lampanot_1_Faro-Barcelona-768x768.jpg 768w, https:\/\/www.thesignspeaking.com\/wp-content\/uploads\/2019\/07\/Lampanot_1_Faro-Barcelona-125x125.jpg 125w\" sizes=\"(max-width: 1024px) 100vw, 1024px\" \/>La sua forma quadrata e le sue dimensioni ridotte, permettono di collocarla dappertutto. Inoltre, si ricarica in maniera semplice, utilizzando un cavo USB, dopo averla usata in modalit\u00e0 wireless, senza il cavo di connessione alla presa elettrica.<br \/>\n<img decoding=\"async\" class=\"size-large wp-image-12320 aligncenter\" src=\"http:\/\/www.thesignspeaking.com\/wp-content\/uploads\/2019\/07\/Lampanot-ambiente1_Faro-Barcelona-683x1024.jpg\" alt=\"\" width=\"683\" height=\"1024\" srcset=\"https:\/\/www.thesignspeaking.com\/wp-content\/uploads\/2019\/07\/Lampanot-ambiente1_Faro-Barcelona-683x1024.jpg 683w, https:\/\/www.thesignspeaking.com\/wp-content\/uploads\/2019\/07\/Lampanot-ambiente1_Faro-Barcelona-200x300.jpg 200w, https:\/\/www.thesignspeaking.com\/wp-content\/uploads\/2019\/07\/Lampanot-ambiente1_Faro-Barcelona-768x1152.jpg 768w, https:\/\/www.thesignspeaking.com\/wp-content\/uploads\/2019\/07\/Lampanot-ambiente1_Faro-Barcelona.jpg 1024w\" sizes=\"(max-width: 683px) 100vw, 683px\" \/>Con tre intensit\u00e0 di illuminazione, \u00e8 ideale per ambienti non molto spaziosi o che gi\u00e0 dispongono di punti luce fissi e necessitano di una luce ausiliare.<\/p>\n<div id=\"attachment_12318\" style=\"width: 693px\"  class=\"wp-caption aligncenter\"><img decoding=\"async\" class=\"size-large wp-image-12318\" src=\"http:\/\/www.thesignspeaking.com\/wp-content\/uploads\/2019\/07\/Lampanot-ambiente5_Faro-Barcelona-683x1024.jpg\" alt=\"\" width=\"683\" height=\"1024\" srcset=\"https:\/\/www.thesignspeaking.com\/wp-content\/uploads\/2019\/07\/Lampanot-ambiente5_Faro-Barcelona-683x1024.jpg 683w, https:\/\/www.thesignspeaking.com\/wp-content\/uploads\/2019\/07\/Lampanot-ambiente5_Faro-Barcelona-200x300.jpg 200w, https:\/\/www.thesignspeaking.com\/wp-content\/uploads\/2019\/07\/Lampanot-ambiente5_Faro-Barcelona-768x1152.jpg 768w, https:\/\/www.thesignspeaking.com\/wp-content\/uploads\/2019\/07\/Lampanot-ambiente5_Faro-Barcelona.jpg 1024w\" sizes=\"(max-width: 683px) 100vw, 683px\" \/><p class=\"wp-caption-text\">Photo: Ricard Badia<\/p><\/div>\n<\/span>","protected":false},"excerpt":{"rendered":"<p>Grazie al suo costante impegno nel design, Faro Barcelona ha reso\u00a0Lampanot\u00a0una realt\u00e0. E\u2019 progetto con cui la designer Cristina Borra\u0301s\u00a0aveva vinto il \u201cPremi Talent 3D 2016\u201d, un&#8217;iniziativa nata per promuovere il talento dei giovani designer. Si tratta di una lampada portatile dal design minimalista che rende omaggio al design pi\u00f9 puro di Barcellona. Si ispira [&hellip;]<\/p>\n","protected":false},"author":3,"featured_media":12316,"comment_status":"open","ping_status":"open","sticky":false,"template":"","format":"standard","meta":[],"categories":[7,24],"tags":[1007,27,165,307,1006,221,1008],"_links":{"self":[{"href":"https:\/\/www.thesignspeaking.com\/it\/wp-json\/wp\/v2\/posts\/12315"}],"collection":[{"href":"https:\/\/www.thesignspeaking.com\/it\/wp-json\/wp\/v2\/posts"}],"about":[{"href":"https:\/\/www.thesignspeaking.com\/it\/wp-json\/wp\/v2\/types\/post"}],"author":[{"embeddable":true,"href":"https:\/\/www.thesignspeaking.com\/it\/wp-json\/wp\/v2\/users\/3"}],"replies":[{"embeddable":true,"href":"https:\/\/www.thesignspeaking.com\/it\/wp-json\/wp\/v2\/comments?post=12315"}],"version-history":[{"count":0,"href":"https:\/\/www.thesignspeaking.com\/it\/wp-json\/wp\/v2\/posts\/12315\/revisions"}],"wp:featuredmedia":[{"embeddable":true,"href":"https:\/\/www.thesignspeaking.com\/it\/wp-json\/wp\/v2\/media\/12316"}],"wp:attachment":[{"href":"https:\/\/www.thesignspeaking.com\/it\/wp-json\/wp\/v2\/media?parent=12315"}],"wp:term":[{"taxonomy":"category","embeddable":true,"href":"https:\/\/www.thesignspeaking.com\/it\/wp-json\/wp\/v2\/categories?post=12315"},{"taxonomy":"post_tag","embeddable":true,"href":"https:\/\/www.thesignspeaking.com\/it\/wp-json\/wp\/v2\/tags?post=12315"}],"curies":[{"name":"wp","href":"https:\/\/api.w.org\/{rel}","templated":true}]}}