{"id":12359,"date":"2019-07-25T16:44:05","date_gmt":"2019-07-25T14:44:05","guid":{"rendered":"http:\/\/www.thesignspeaking.com\/?p=12359"},"modified":"2019-07-25T16:53:59","modified_gmt":"2019-07-25T14:53:59","slug":"sonar-2019-global-intercultural-feminine-queer-and-radical","status":"publish","type":"post","link":"https:\/\/www.thesignspeaking.com\/it\/sonar-2019-global-intercultural-feminine-queer-and-radical\/","title":{"rendered":"S\u00d3NAR 2019: GLOBAL, INTERCULTURAL, FEMININE, QUEER AND RADICAL."},"content":{"rendered":"<span class=\"cb-itemprop\" itemprop=\"reviewBody\"><p><img decoding=\"async\" class=\"size-large wp-image-12363 aligncenter\" src=\"http:\/\/www.thesignspeaking.com\/wp-content\/uploads\/2019\/07\/1_sonarhall_arca_2019-684x1024.jpg\" alt=\"\" width=\"684\" height=\"1024\" srcset=\"https:\/\/www.thesignspeaking.com\/wp-content\/uploads\/2019\/07\/1_sonarhall_arca_2019-684x1024.jpg 684w, https:\/\/www.thesignspeaking.com\/wp-content\/uploads\/2019\/07\/1_sonarhall_arca_2019-200x300.jpg 200w, https:\/\/www.thesignspeaking.com\/wp-content\/uploads\/2019\/07\/1_sonarhall_arca_2019-768x1151.jpg 768w, https:\/\/www.thesignspeaking.com\/wp-content\/uploads\/2019\/07\/1_sonarhall_arca_2019.jpg 1024w\" sizes=\"(max-width: 684px) 100vw, 684px\" \/><\/p>\n<p>GLOBAL, INTERCULTURAL, FEMININE, QUEER AND RADICAL.<\/p>\n<p>Gli oltre centomila partecipanti al S\u00f3nar 2019 di Barcellona, provenienti da oltre 120 paesi, hanno potuto constatare quanto l&#8217;avanguardia della musica contemporanea sia guidata dalle donne e dai suoni dell&#8217;emisfero sud del mondo.<strong><img decoding=\"async\" class=\"size-large wp-image-12360 aligncenter\" src=\"http:\/\/www.thesignspeaking.com\/wp-content\/uploads\/2019\/07\/1_ambiente_sonarvillage_nereacoll-01-1024x683.jpg\" alt=\"\" width=\"1024\" height=\"683\" srcset=\"https:\/\/www.thesignspeaking.com\/wp-content\/uploads\/2019\/07\/1_ambiente_sonarvillage_nereacoll-01.jpg 1024w, https:\/\/www.thesignspeaking.com\/wp-content\/uploads\/2019\/07\/1_ambiente_sonarvillage_nereacoll-01-300x200.jpg 300w, https:\/\/www.thesignspeaking.com\/wp-content\/uploads\/2019\/07\/1_ambiente_sonarvillage_nereacoll-01-768x512.jpg 768w, https:\/\/www.thesignspeaking.com\/wp-content\/uploads\/2019\/07\/1_ambiente_sonarvillage_nereacoll-01-360x240.jpg 360w\" sizes=\"(max-width: 1024px) 100vw, 1024px\" \/><\/strong><a href=\"https:\/\/sonar.es\/en\/2020\"><strong>S\u00f3nar 2019<\/strong><\/a> ha ospitato oltre 140 spettacoli musicali distribuiti su 10 palchi (6 al S\u00f3nar di giorno e 4 al S\u00f3nar di notte) e ha presentato oltre 150 attivit\u00e0 e progetti a S\u00f3nar + D, con 326 relatori ed espositori.<strong><img decoding=\"async\" class=\"size-large wp-image-12362 aligncenter\" src=\"http:\/\/www.thesignspeaking.com\/wp-content\/uploads\/2019\/07\/1_badbunny_sonarclub_nereacoll_006-1024x683.jpg\" alt=\"\" width=\"1024\" height=\"683\" srcset=\"https:\/\/www.thesignspeaking.com\/wp-content\/uploads\/2019\/07\/1_badbunny_sonarclub_nereacoll_006.jpg 1024w, https:\/\/www.thesignspeaking.com\/wp-content\/uploads\/2019\/07\/1_badbunny_sonarclub_nereacoll_006-300x200.jpg 300w, https:\/\/www.thesignspeaking.com\/wp-content\/uploads\/2019\/07\/1_badbunny_sonarclub_nereacoll_006-768x512.jpg 768w, https:\/\/www.thesignspeaking.com\/wp-content\/uploads\/2019\/07\/1_badbunny_sonarclub_nereacoll_006-360x240.jpg 360w\" sizes=\"(max-width: 1024px) 100vw, 1024px\" \/><\/strong><a href=\"https:\/\/sonarplusd.com\/\"><strong>S\u00f3nar+D<\/strong><\/a>, til congresso internazionale sulla creativit\u00e0 e la tecnologia, inaugurato con un discorso di Robert Del Naja dei Massive Attack, oggi uno degli artisti pi\u00f9 sofisticati e rispettati, hanno partecipato 4.600 professionisti provenienti da quasi 2.000 organizzazioni e aziende. La grande accoglienza di seminari e masterclass by\u00a0\u00a0<a href=\"https:\/\/www.seat.es\/\"><strong>SEAT<\/strong><\/a> conferma lo status del congresso come spazio ispiratore in cui i partecipanti vengono a imparare e condividere. <img decoding=\"async\" class=\"size-large wp-image-12368 aligncenter\" src=\"http:\/\/www.thesignspeaking.com\/wp-content\/uploads\/2019\/07\/material-es-1360-7051-8-1024x683.jpg\" alt=\"\" width=\"1024\" height=\"683\" srcset=\"https:\/\/www.thesignspeaking.com\/wp-content\/uploads\/2019\/07\/material-es-1360-7051-8.jpg 1024w, https:\/\/www.thesignspeaking.com\/wp-content\/uploads\/2019\/07\/material-es-1360-7051-8-300x200.jpg 300w, https:\/\/www.thesignspeaking.com\/wp-content\/uploads\/2019\/07\/material-es-1360-7051-8-768x512.jpg 768w, https:\/\/www.thesignspeaking.com\/wp-content\/uploads\/2019\/07\/material-es-1360-7051-8-360x240.jpg 360w\" sizes=\"(max-width: 1024px) 100vw, 1024px\" \/>Creativi, artisti, imprenditori, investitori, scienziati, programmatori e molti altri protagonisti dell\u2019innovazione si sono incontrati per decifrare, ma anche progettare, le grandi sfide di oggi, come l&#8217;intelligenza artificiale, la realt\u00e0 virtuale o aumentata, il nuovo Internet, i big data e la creazione digitale.<img decoding=\"async\" class=\"size-large wp-image-12365 aligncenter\" src=\"http:\/\/www.thesignspeaking.com\/wp-content\/uploads\/2019\/07\/1sonar2019_daito-1024x683.jpg\" alt=\"\" width=\"1024\" height=\"683\" srcset=\"https:\/\/www.thesignspeaking.com\/wp-content\/uploads\/2019\/07\/1sonar2019_daito.jpg 1024w, https:\/\/www.thesignspeaking.com\/wp-content\/uploads\/2019\/07\/1sonar2019_daito-300x200.jpg 300w, https:\/\/www.thesignspeaking.com\/wp-content\/uploads\/2019\/07\/1sonar2019_daito-768x512.jpg 768w, https:\/\/www.thesignspeaking.com\/wp-content\/uploads\/2019\/07\/1sonar2019_daito-360x240.jpg 360w\" sizes=\"(max-width: 1024px) 100vw, 1024px\" \/>Quest&#8217;anno S\u00f3nar + D si \u00e8 distinto proponendo un alto livello di dibattito su una preoccupazione in particolare, quella dell&#8217;impatto dell&#8217;intelligenza artificiale sulla creativit\u00e0, intesa come un ambito ritenuto fino ad oggi esclusivamente umano, presente trasversalmente al festival, dalla conferenza inaugurale di Robert del Naja all&#8217;eccezionale spettacolo di Holly Herndon, incluso uno dei momenti visivi chiave del congresso: l&#8217;installazione di Memo Akten.<img decoding=\"async\" class=\"size-large wp-image-12366 aligncenter\" src=\"http:\/\/www.thesignspeaking.com\/wp-content\/uploads\/2019\/07\/push-1-stop-wiklow_membrane-1024x684.jpeg\" alt=\"\" width=\"1024\" height=\"684\" srcset=\"https:\/\/www.thesignspeaking.com\/wp-content\/uploads\/2019\/07\/push-1-stop-wiklow_membrane.jpeg 1024w, https:\/\/www.thesignspeaking.com\/wp-content\/uploads\/2019\/07\/push-1-stop-wiklow_membrane-300x200.jpeg 300w, https:\/\/www.thesignspeaking.com\/wp-content\/uploads\/2019\/07\/push-1-stop-wiklow_membrane-768x513.jpeg 768w, https:\/\/www.thesignspeaking.com\/wp-content\/uploads\/2019\/07\/push-1-stop-wiklow_membrane-360x240.jpeg 360w\" sizes=\"(max-width: 1024px) 100vw, 1024px\" \/>Progetti come l\u2019artwork di realt\u00e0 virtuale di Laurie Anderson e la qualit\u00e0 dei pezzi presentati nella cupola Sonar360\u00ba da MEDIAPRO confermano il ruolo del festival come rampa di lancio di nuovi paradigmi culturali come la cultura immersiva.<img decoding=\"async\" class=\"size-full wp-image-12367 aligncenter\" src=\"http:\/\/www.thesignspeaking.com\/wp-content\/uploads\/2019\/07\/material-es-1369-7941-7.jpg\" alt=\"\" width=\"900\" height=\"600\" srcset=\"https:\/\/www.thesignspeaking.com\/wp-content\/uploads\/2019\/07\/material-es-1369-7941-7.jpg 900w, https:\/\/www.thesignspeaking.com\/wp-content\/uploads\/2019\/07\/material-es-1369-7941-7-300x200.jpg 300w, https:\/\/www.thesignspeaking.com\/wp-content\/uploads\/2019\/07\/material-es-1369-7941-7-768x512.jpg 768w, https:\/\/www.thesignspeaking.com\/wp-content\/uploads\/2019\/07\/material-es-1369-7941-7-360x240.jpg 360w\" sizes=\"(max-width: 900px) 100vw, 900px\" \/>Le prossime date del S\u00f3nar nel mondo sono il Messico (5 ottobre), Atene (11 e 12 ottobre) e Buenos Aires (10 novembre). Nel 2020 il festival si svolger\u00e0 a Istanbul a marzo e a Hong Kong ad aprile.<img decoding=\"async\" class=\"size-large wp-image-12361 aligncenter\" src=\"http:\/\/www.thesignspeaking.com\/wp-content\/uploads\/2019\/07\/1_acidarab_sonarpub_nereacoll-05-1024x683.jpg\" alt=\"\" width=\"1024\" height=\"683\" srcset=\"https:\/\/www.thesignspeaking.com\/wp-content\/uploads\/2019\/07\/1_acidarab_sonarpub_nereacoll-05.jpg 1024w, https:\/\/www.thesignspeaking.com\/wp-content\/uploads\/2019\/07\/1_acidarab_sonarpub_nereacoll-05-300x200.jpg 300w, https:\/\/www.thesignspeaking.com\/wp-content\/uploads\/2019\/07\/1_acidarab_sonarpub_nereacoll-05-768x512.jpg 768w, https:\/\/www.thesignspeaking.com\/wp-content\/uploads\/2019\/07\/1_acidarab_sonarpub_nereacoll-05-360x240.jpg 360w\" sizes=\"(max-width: 1024px) 100vw, 1024px\" \/><\/p>\n<p><img decoding=\"async\" class=\"size-large wp-image-12364 aligncenter\" src=\"http:\/\/www.thesignspeaking.com\/wp-content\/uploads\/2019\/07\/01_superstring-1024x576.jpg\" alt=\"\" width=\"1024\" height=\"576\" srcset=\"https:\/\/www.thesignspeaking.com\/wp-content\/uploads\/2019\/07\/01_superstring.jpg 1024w, https:\/\/www.thesignspeaking.com\/wp-content\/uploads\/2019\/07\/01_superstring-300x169.jpg 300w, https:\/\/www.thesignspeaking.com\/wp-content\/uploads\/2019\/07\/01_superstring-768x432.jpg 768w\" sizes=\"(max-width: 1024px) 100vw, 1024px\" \/><\/p>\n<\/span>","protected":false},"excerpt":{"rendered":"<p>GLOBAL, INTERCULTURAL, FEMININE, QUEER AND RADICAL. Gli oltre centomila partecipanti al S\u00f3nar 2019 di Barcellona, provenienti da oltre 120 paesi, hanno potuto constatare quanto l&#8217;avanguardia della musica contemporanea sia guidata dalle donne e dai suoni dell&#8217;emisfero sud del mondo.S\u00f3nar 2019 ha ospitato oltre 140 spettacoli musicali distribuiti su 10 palchi (6 al S\u00f3nar di giorno [&hellip;]<\/p>\n","protected":false},"author":3,"featured_media":12364,"comment_status":"open","ping_status":"open","sticky":false,"template":"","format":"standard","meta":[],"categories":[11],"tags":[1018,27,1005,865,819,1016,1017],"_links":{"self":[{"href":"https:\/\/www.thesignspeaking.com\/it\/wp-json\/wp\/v2\/posts\/12359"}],"collection":[{"href":"https:\/\/www.thesignspeaking.com\/it\/wp-json\/wp\/v2\/posts"}],"about":[{"href":"https:\/\/www.thesignspeaking.com\/it\/wp-json\/wp\/v2\/types\/post"}],"author":[{"embeddable":true,"href":"https:\/\/www.thesignspeaking.com\/it\/wp-json\/wp\/v2\/users\/3"}],"replies":[{"embeddable":true,"href":"https:\/\/www.thesignspeaking.com\/it\/wp-json\/wp\/v2\/comments?post=12359"}],"version-history":[{"count":0,"href":"https:\/\/www.thesignspeaking.com\/it\/wp-json\/wp\/v2\/posts\/12359\/revisions"}],"wp:featuredmedia":[{"embeddable":true,"href":"https:\/\/www.thesignspeaking.com\/it\/wp-json\/wp\/v2\/media\/12364"}],"wp:attachment":[{"href":"https:\/\/www.thesignspeaking.com\/it\/wp-json\/wp\/v2\/media?parent=12359"}],"wp:term":[{"taxonomy":"category","embeddable":true,"href":"https:\/\/www.thesignspeaking.com\/it\/wp-json\/wp\/v2\/categories?post=12359"},{"taxonomy":"post_tag","embeddable":true,"href":"https:\/\/www.thesignspeaking.com\/it\/wp-json\/wp\/v2\/tags?post=12359"}],"curies":[{"name":"wp","href":"https:\/\/api.w.org\/{rel}","templated":true}]}}