{"id":12557,"date":"2019-09-13T13:55:04","date_gmt":"2019-09-13T11:55:04","guid":{"rendered":"http:\/\/www.thesignspeaking.com\/?p=12557"},"modified":"2019-09-13T15:17:32","modified_gmt":"2019-09-13T13:17:32","slug":"verges-mim-collection-by-tarruella-trenchs-studio","status":"publish","type":"post","link":"https:\/\/www.thesignspeaking.com\/it\/verges-mim-collection-by-tarruella-trenchs-studio\/","title":{"rendered":"VERG\u00c9S: MIM COLLECTION BY TARRUELLA TRENCHS STUDIO"},"content":{"rendered":"<span class=\"cb-itemprop\" itemprop=\"reviewBody\"><p><img decoding=\"async\" class=\"size-large wp-image-12561 aligncenter\" src=\"http:\/\/www.thesignspeaking.com\/wp-content\/uploads\/2019\/09\/verges-mim-set-0019-1024x724.jpg\" alt=\"\" width=\"1024\" height=\"724\" srcset=\"https:\/\/www.thesignspeaking.com\/wp-content\/uploads\/2019\/09\/verges-mim-set-0019.jpg 1024w, https:\/\/www.thesignspeaking.com\/wp-content\/uploads\/2019\/09\/verges-mim-set-0019-300x212.jpg 300w, https:\/\/www.thesignspeaking.com\/wp-content\/uploads\/2019\/09\/verges-mim-set-0019-768x543.jpg 768w\" sizes=\"(max-width: 1024px) 100vw, 1024px\" \/><\/p>\n<p>Sedie, panche, sgabelli e tavoli combinano delicatamente i telai in metallo leggero con sedili in tessuto caldo, schienali in legno massiccio e robusti piani in pietra.<\/p>\n<p>Mim \u00e8 una collezione visivamente leggera. Sia la sua versatilit\u00e0 nelle finiture che il suo linguaggio intramontabile e onesto la rendono perfettamente adatta agli interni rustici e sofisticati di ristoranti, caffetterie e aree di attesa.<\/p>\n<p>Il team del\u00a0<strong><a href=\"http:\/\/www.tarruellatrenchs.com\">Tarruella Trenchs Studio<\/a><\/strong>, che ha progettato la collezione Mim per <a href=\"https:\/\/verges.design\/\"><strong>Verg\u00e9s<\/strong><\/a>, si distingue per la creazione di spazi che suscitano emozioni. Accettano ogni progetto come una nuova sfida, interpretando le esigenze e i desideri del cliente in vista del futuro, rivedendo e rispettando il passato. Sandra Tarruella ha iniziato la sua carriera nel 1984 con design per il Mordisco, il primo ristorante del gruppo Tragaluz. Dopo diversi anni di esperienza e una traiettoria in fiore, ha intrapreso un nuovo viaggio insieme a Richard Trenchs. <img decoding=\"async\" class=\"size-large wp-image-12560 aligncenter\" src=\"http:\/\/www.thesignspeaking.com\/wp-content\/uploads\/2019\/09\/verges-mim-set-0013-1024x724.jpg\" alt=\"\" width=\"1024\" height=\"724\" srcset=\"https:\/\/www.thesignspeaking.com\/wp-content\/uploads\/2019\/09\/verges-mim-set-0013.jpg 1024w, https:\/\/www.thesignspeaking.com\/wp-content\/uploads\/2019\/09\/verges-mim-set-0013-300x212.jpg 300w, https:\/\/www.thesignspeaking.com\/wp-content\/uploads\/2019\/09\/verges-mim-set-0013-768x543.jpg 768w\" sizes=\"(max-width: 1024px) 100vw, 1024px\" \/><\/p>\n<p>Verg\u00e9s<\/p>\n<p>Le sedie e i mobili Verg\u00e9s sono il risultato di una combinazione di esperienza, vocazione, qualit\u00e0 e design. Azienda familiare nata a Tortell\u00e0, cittadina dell&#8217;Alta Garrotxa in Spagna, Verg\u00e9s svolge la propria attivit\u00e0 nella stessa sede da quasi 50 anni. Tale continuit\u00e0 fornisce informazioni sulla filosofia, sulla personalit\u00e0 e sul modo di lavorare dell&#8217;azienda.<\/p>\n<p>Oggi i mobili Verg\u00e9s, che garantiscono un risultato ottimale in qualsiasi installazione, vengono progettati e sviluppati da noti designer e fabbricati con la massima cura nelle officine dell&#8217;azienda.<\/p>\n<p>Carattere, resistenza, consegne puntuali e assistenza post-vendita. E passione per l&#8217;interior design. Per Verg\u00e9s ogni progetto \u00e8 un mondo a s\u00e9 stante e la flessibilit\u00e0 una chiave per il successo nel mondo contemporaneo. Ci\u00f2 si traduce nella capacit\u00e0 di adattarsi alle esigenze di ogni cliente offrendo finiture personalizzate per qualsiasi modello in catalogo, tessuti di alta qualit\u00e0 e una vasta gamma di materiali e colori.<\/p>\n<p>&nbsp;<\/p>\n<p class=\"p1\"><span class=\"s1\">Photo by Francesc Rabat<\/span><img decoding=\"async\" class=\"size-large wp-image-12558 aligncenter\" src=\"http:\/\/www.thesignspeaking.com\/wp-content\/uploads\/2019\/09\/verges-mim-0016-725x1024.png\" alt=\"\" width=\"725\" height=\"1024\" srcset=\"https:\/\/www.thesignspeaking.com\/wp-content\/uploads\/2019\/09\/verges-mim-0016-725x1024.png 725w, https:\/\/www.thesignspeaking.com\/wp-content\/uploads\/2019\/09\/verges-mim-0016-212x300.png 212w, https:\/\/www.thesignspeaking.com\/wp-content\/uploads\/2019\/09\/verges-mim-0016-768x1085.png 768w, https:\/\/www.thesignspeaking.com\/wp-content\/uploads\/2019\/09\/verges-mim-0016.png 1024w\" sizes=\"(max-width: 725px) 100vw, 725px\" \/> <img decoding=\"async\" class=\"size-large wp-image-12559 aligncenter\" src=\"http:\/\/www.thesignspeaking.com\/wp-content\/uploads\/2019\/09\/verges-mim-0049-725x1024.png\" alt=\"\" width=\"725\" height=\"1024\" srcset=\"https:\/\/www.thesignspeaking.com\/wp-content\/uploads\/2019\/09\/verges-mim-0049-725x1024.png 725w, https:\/\/www.thesignspeaking.com\/wp-content\/uploads\/2019\/09\/verges-mim-0049-212x300.png 212w, https:\/\/www.thesignspeaking.com\/wp-content\/uploads\/2019\/09\/verges-mim-0049-768x1085.png 768w, https:\/\/www.thesignspeaking.com\/wp-content\/uploads\/2019\/09\/verges-mim-0049.png 1024w\" sizes=\"(max-width: 725px) 100vw, 725px\" \/><\/p>\n<\/span>","protected":false},"excerpt":{"rendered":"<p>Sedie, panche, sgabelli e tavoli combinano delicatamente i telai in metallo leggero con sedili in tessuto caldo, schienali in legno massiccio e robusti piani in pietra. Mim \u00e8 una collezione visivamente leggera. Sia la sua versatilit\u00e0 nelle finiture che il suo linguaggio intramontabile e onesto la rendono perfettamente adatta agli interni rustici e sofisticati di [&hellip;]<\/p>\n","protected":false},"author":3,"featured_media":12561,"comment_status":"open","ping_status":"open","sticky":false,"template":"","format":"standard","meta":[],"categories":[21],"tags":[27,215,29,283,1105,1104],"_links":{"self":[{"href":"https:\/\/www.thesignspeaking.com\/it\/wp-json\/wp\/v2\/posts\/12557"}],"collection":[{"href":"https:\/\/www.thesignspeaking.com\/it\/wp-json\/wp\/v2\/posts"}],"about":[{"href":"https:\/\/www.thesignspeaking.com\/it\/wp-json\/wp\/v2\/types\/post"}],"author":[{"embeddable":true,"href":"https:\/\/www.thesignspeaking.com\/it\/wp-json\/wp\/v2\/users\/3"}],"replies":[{"embeddable":true,"href":"https:\/\/www.thesignspeaking.com\/it\/wp-json\/wp\/v2\/comments?post=12557"}],"version-history":[{"count":0,"href":"https:\/\/www.thesignspeaking.com\/it\/wp-json\/wp\/v2\/posts\/12557\/revisions"}],"wp:featuredmedia":[{"embeddable":true,"href":"https:\/\/www.thesignspeaking.com\/it\/wp-json\/wp\/v2\/media\/12561"}],"wp:attachment":[{"href":"https:\/\/www.thesignspeaking.com\/it\/wp-json\/wp\/v2\/media?parent=12557"}],"wp:term":[{"taxonomy":"category","embeddable":true,"href":"https:\/\/www.thesignspeaking.com\/it\/wp-json\/wp\/v2\/categories?post=12557"},{"taxonomy":"post_tag","embeddable":true,"href":"https:\/\/www.thesignspeaking.com\/it\/wp-json\/wp\/v2\/tags?post=12557"}],"curies":[{"name":"wp","href":"https:\/\/api.w.org\/{rel}","templated":true}]}}