{"id":12720,"date":"2019-10-17T10:59:43","date_gmt":"2019-10-17T08:59:43","guid":{"rendered":"http:\/\/www.thesignspeaking.com\/?p=12720"},"modified":"2019-10-17T11:09:03","modified_gmt":"2019-10-17T09:09:03","slug":"world-design-organization-new-board-valencia-2022","status":"publish","type":"post","link":"https:\/\/www.thesignspeaking.com\/it\/world-design-organization-new-board-valencia-2022\/","title":{"rendered":"WORLD DESIGN ORGANIZATION NEW BOARD &#038; VALENCIA 2022"},"content":{"rendered":"<span class=\"cb-itemprop\" itemprop=\"reviewBody\"><p><img decoding=\"async\" class=\"size-large wp-image-12723 aligncenter\" src=\"http:\/\/www.thesignspeaking.com\/wp-content\/uploads\/2019\/10\/WDA2019_NewBoard2-1024x444.jpg\" alt=\"\" width=\"1024\" height=\"444\" srcset=\"https:\/\/www.thesignspeaking.com\/wp-content\/uploads\/2019\/10\/WDA2019_NewBoard2-1024x444.jpg 1024w, https:\/\/www.thesignspeaking.com\/wp-content\/uploads\/2019\/10\/WDA2019_NewBoard2-300x130.jpg 300w, https:\/\/www.thesignspeaking.com\/wp-content\/uploads\/2019\/10\/WDA2019_NewBoard2-768x333.jpg 768w, https:\/\/www.thesignspeaking.com\/wp-content\/uploads\/2019\/10\/WDA2019_NewBoard2.jpg 1776w\" sizes=\"(max-width: 1024px) 100vw, 1024px\" \/>Durante la 31\u00b0 edizione della World Design Assembly\u2122 tenutasi a Hyderabad (India) l&#8217;11-12 ottobre scorso la\u00a0<strong><a href=\"https:\/\/wdo.org\/\">World Design Organization (WDO)\u00ae\u00a0<\/a><\/strong>di Montreal ha annunciato il suo nuovo Consiglio di amministrazione per il biennio 2019-2021. Le elezioni sono state uno dei punti salienti dell&#8217;evento di due giorni che ha attirato un numero record di membri della comunit\u00e0 internazionale del design, oltre a relatori ospiti di importanti istituzioni e societ\u00e0 e a rappresentanti municipali e funzionari governativi riuniti sotto la bandiera del <em>design umanizzante<\/em>.<\/p>\n<p><iframe width=\"1200\" height=\"675\" src=\"https:\/\/www.youtube.com\/embed\/V-dljrKFwpQ?feature=oembed\" frameborder=\"0\" allow=\"accelerometer; autoplay; encrypted-media; gyroscope; picture-in-picture\" allowfullscreen><\/iframe><\/p>\n<p>L&#8217;evento ha anche segnato la designazione ufficiale della\u00a0<strong><a href=\"https:\/\/wdo.org\/press-release\/valencia-named-world-design-capital-2022\/\">World Design Capital\u00ae (WDC) 2022<\/a><\/strong> da parte del sindaco della citt\u00e0 di Valencia (Spagna) Joan Rib\u00f3 e la favorevole ratifica da parte dei membri WDO di una nuova categoria di appartenenza per le citt\u00e0 che impieghino strategicamente il design per l sviluppo sociale, economico, culturale e\/o ambientale. Situata nel sud-est della Spagna, Valencia \u00e8 una citt\u00e0 portuale strategica situata sulla costa mediterranea. Le sue imponenti infrastrutture urbane sono dirette alla coesistenza con l&#8217;ambiente naturale e costruito. Secondo il presidente della WDO e membro del comitato di selezione del WDC 2020, Luisa Bocchietto: &#8220;<em>Valencia ha articolato una proposta convincente che dimostra chiaramente l&#8217;effettiva applicazione del design mediterraneo, del design per il cambiamento e del design come chiave per migliorare la qualit\u00e0 di vita dei cittadini<\/em>\u201d. Il posizionamento strategico della citt\u00e0 sulla costa spagnola, nonch\u00e9 la sua consolidata esperienza nel design, si sono chiaramente rispecchiate nella sua offerta e promettono di offrire un programma che rifletta le aspirazioni e l&#8217;impegno della citt\u00e0 a livello locale, regionale, nazionale e internazionale. <em>\u201cSperiamo anche che questa designazione possa motivare altre citt\u00e0 della zona e iberoamericane a proporsi per il ciclo futuro della WDC<\/em>&#8220;, ha dichiarato Bocchietto.<img decoding=\"async\" class=\"size-large wp-image-12722 aligncenter\" src=\"http:\/\/www.thesignspeaking.com\/wp-content\/uploads\/2019\/10\/press-release-Valencia-V2022-1024x475.jpg\" alt=\"\" width=\"1024\" height=\"475\" srcset=\"https:\/\/www.thesignspeaking.com\/wp-content\/uploads\/2019\/10\/press-release-Valencia-V2022-1024x475.jpg 1024w, https:\/\/www.thesignspeaking.com\/wp-content\/uploads\/2019\/10\/press-release-Valencia-V2022-300x139.jpg 300w, https:\/\/www.thesignspeaking.com\/wp-content\/uploads\/2019\/10\/press-release-Valencia-V2022-768x357.jpg 768w, https:\/\/www.thesignspeaking.com\/wp-content\/uploads\/2019\/10\/press-release-Valencia-V2022.jpg 1900w\" sizes=\"(max-width: 1024px) 100vw, 1024px\" \/>Nel suo discorso, Srini Srinivasan, CEO di Lumium e ora presidente della WDO per il periodo 2019-2021, ha espresso il desiderio di estendere il raggio d&#8217;azione alle regioni del mondo sottorappresentate come l&#8217;America Latina, l&#8217;Africa e l&#8217;Oceania. Srini \u00e8 il primo presidente indiano dell&#8217;organizzazione nei suoi 62 anni di storia: &#8220;<em>Desidero continuare a sostenere gli obiettivi di sviluppo sostenibile delle Nazioni Unite, nonch\u00e9 concentrarmi sulla creazione di programmi significativi per lavorare a fianco delle citt\u00e0 e delle grandi societ\u00e0 che stanno avendo un impatto sulla societ\u00e0<\/em>&#8220;.<\/p>\n<div class=\"wpb_text_column wpb_content_element \">\n<div class=\"wpb_wrapper\">\n<p>I Sustainable Development Goals delle Nazioni Unite sono un insieme universale di 17 obiettivi e 169 obiettivi adottati dai paesi membri come una tabella di marcia per risolvere in 15 anni alcune delle maggiori sfide dell&#8217;umanit\u00e0.<\/p>\n<\/div>\n<\/div>\n<div class=\"wpb_single_image wpb_content_element vc_align_center\"><img decoding=\"async\" class=\"size-large wp-image-12721 aligncenter\" src=\"http:\/\/www.thesignspeaking.com\/wp-content\/uploads\/2019\/10\/E_2016_SDG_Poster_all_sizes_without_UN_emblem_Letter-1024x791.png\" alt=\"\" width=\"1024\" height=\"791\" srcset=\"https:\/\/www.thesignspeaking.com\/wp-content\/uploads\/2019\/10\/E_2016_SDG_Poster_all_sizes_without_UN_emblem_Letter-1024x791.png 1024w, https:\/\/www.thesignspeaking.com\/wp-content\/uploads\/2019\/10\/E_2016_SDG_Poster_all_sizes_without_UN_emblem_Letter-300x232.png 300w, https:\/\/www.thesignspeaking.com\/wp-content\/uploads\/2019\/10\/E_2016_SDG_Poster_all_sizes_without_UN_emblem_Letter-768x593.png 768w, https:\/\/www.thesignspeaking.com\/wp-content\/uploads\/2019\/10\/E_2016_SDG_Poster_all_sizes_without_UN_emblem_Letter.png 1650w\" sizes=\"(max-width: 1024px) 100vw, 1024px\" \/>Il Board of Directors della WDO per il 2019-2021 \u00e8 composto da (in ordine alfabetico):<\/div>\n<ul>\n<li><strong>Mr. Srini Srinivasan \u2013 President<\/strong><br \/>\n<em>Chairman &#038; CEO<\/em><br \/>\nLUMIUM DESIGN, Inc. (India\/USA)<\/li>\n<li><strong>Mr. David Kusuma \u2013 President-Elect<\/strong><br \/>\n<em>Vice President, Research and Product Innovation<\/em><br \/>\nTupperware Brands Corporation (USA)<\/li>\n<li><strong>Ms. Anne Asensio<\/strong><br \/>\n<em>Vice President of Design Experience<\/em><br \/>\nDassault Syst\u00e9mes (France\/USA)<\/li>\n<li><strong>Mr. Chi-Yi Chang<\/strong><br \/>\n<em>Chairman<\/em><br \/>\nTaiwan Design Center (Taiwan, Chinese Taipei)<\/li>\n<li><strong>Mr. Eray Sertac Ersayin<\/strong><br \/>\n<em>President<\/em><br \/>\nIndustrial Designers Society of Turkey<\/li>\n<li><strong>Prof. Thomas Garvey \u2013 Treasurer<\/strong><br \/>\n<em>Associate Professor, School of Industrial Design<\/em><br \/>\nCarleton University (Canada)<\/li>\n<li><strong>Prof. Dr. Yongqi Lou<\/strong><br \/>\n<em>Dean, College of Design and Innovation<\/em><br \/>\nTongji University (China)<\/li>\n<li><strong>Prof. Pier Paolo Peruccio<\/strong><br \/>\n<em>Architect and Associate Professor of Design<\/em><br \/>\nPolitecnico di Torino (Italy)<\/li>\n<li><strong>Ms. Makiko Tsumara<\/strong><br \/>\n<em>General Manager of the annual Good Design Award<\/em><br \/>\nJapan Institute of Design Promotion (Japan)<\/li>\n<li><strong>Prof. Pradyumna Vyas<\/strong><br \/>\n<em>Director <\/em><br \/>\nNational Institute of Design (India)<\/li>\n<li><strong>Prof. Martha Zarza<\/strong><br \/>\n<em>Director of the School of Architecture and Design<\/em><br \/>\nAutonomous University of the State of Mexico (Mexico)<\/li>\n<\/ul>\n<p><strong>\u00a0<\/strong><\/p>\n<p><strong>World Design Organization (WDO)<\/strong><\/p>\n<p>La World Design Organization (WDO) \u00ae, precedentemente International Council of Societies of Industrial Design (Icsid), \u00e8 un&#8217;organizzazione internazionale non governativa fondata nel 1957 per promuovere la professione del design industriale. WDO sostiene l&#8217;innovazione guidata dal design industriale che crea un mondo migliore, coinvolgendo oltre 150 membri e portando avanti una programmazione internazionale: World Design Capital\u00ae, World Design Talks \u2122, World Design Impact Prize \u2122, World Industrial Design Day \u2122 e Interdesign \u2122. WDO \u00e8 riconosciuta dalle Nazioni Unite come consulente speciale.<\/p>\n<\/span>","protected":false},"excerpt":{"rendered":"<p>Durante la 31\u00b0 edizione della World Design Assembly\u2122 tenutasi a Hyderabad (India) l&#8217;11-12 ottobre scorso la\u00a0World Design Organization (WDO)\u00ae\u00a0di Montreal ha annunciato il suo nuovo Consiglio di amministrazione per il biennio 2019-2021. Le elezioni sono state uno dei punti salienti dell&#8217;evento di due giorni che ha attirato un numero record di membri della comunit\u00e0 internazionale [&hellip;]<\/p>\n","protected":false},"author":3,"featured_media":12723,"comment_status":"open","ping_status":"open","sticky":false,"template":"","format":"standard","meta":[],"categories":[11],"tags":[1157,1156,366,1113,1155],"_links":{"self":[{"href":"https:\/\/www.thesignspeaking.com\/it\/wp-json\/wp\/v2\/posts\/12720"}],"collection":[{"href":"https:\/\/www.thesignspeaking.com\/it\/wp-json\/wp\/v2\/posts"}],"about":[{"href":"https:\/\/www.thesignspeaking.com\/it\/wp-json\/wp\/v2\/types\/post"}],"author":[{"embeddable":true,"href":"https:\/\/www.thesignspeaking.com\/it\/wp-json\/wp\/v2\/users\/3"}],"replies":[{"embeddable":true,"href":"https:\/\/www.thesignspeaking.com\/it\/wp-json\/wp\/v2\/comments?post=12720"}],"version-history":[{"count":0,"href":"https:\/\/www.thesignspeaking.com\/it\/wp-json\/wp\/v2\/posts\/12720\/revisions"}],"wp:featuredmedia":[{"embeddable":true,"href":"https:\/\/www.thesignspeaking.com\/it\/wp-json\/wp\/v2\/media\/12723"}],"wp:attachment":[{"href":"https:\/\/www.thesignspeaking.com\/it\/wp-json\/wp\/v2\/media?parent=12720"}],"wp:term":[{"taxonomy":"category","embeddable":true,"href":"https:\/\/www.thesignspeaking.com\/it\/wp-json\/wp\/v2\/categories?post=12720"},{"taxonomy":"post_tag","embeddable":true,"href":"https:\/\/www.thesignspeaking.com\/it\/wp-json\/wp\/v2\/tags?post=12720"}],"curies":[{"name":"wp","href":"https:\/\/api.w.org\/{rel}","templated":true}]}}