{"id":1285,"date":"2014-03-18T09:37:28","date_gmt":"2014-03-18T08:37:28","guid":{"rendered":"http:\/\/thesignspeaking.com\/2018\/02\/02\/fashion-is-for-everyone-jackie-nickersons-shots-for-yeezy-season-1-3\/"},"modified":"2018-06-03T14:32:40","modified_gmt":"2018-06-03T12:32:40","slug":"fashion-is-for-everyone-jackie-nickersons-shots-for-yeezy-season-1-3","status":"publish","type":"post","link":"https:\/\/www.thesignspeaking.com\/it\/fashion-is-for-everyone-jackie-nickersons-shots-for-yeezy-season-1-3\/","title":{"rendered":"FASHION IS FOR EVERYONE. JACKIE NICKERSON\u2019S SHOTS FOR YEEZY SEASON 1"},"content":{"rendered":"<span class=\"cb-itemprop\" itemprop=\"reviewBody\"><p>La moda \u00e8 di tutti. \u00c8 lo statement che Adidas ha fatto durante la settimana della moda newyorkese, lo scorso febbraio, quando ha presentato Yeezy Season 1, la collaborazione tra il brand e Kanye West: l\u2019esperienza in passerella, lungi dall\u2019essere evento esclusivo e riservato a pochissimi, \u00e8 stata proiettata in 42 cinema di 13 diversi Paesi del mondo, distribuendosi su 9 fusi orari diversi. Tutti hanno presenziato, o almeno avevano la possibilit\u00e0 di farlo, a un evento senza precedenti che ha visto, oltre alla presentazione della collezione, una performance storica dell\u2019artista Vanessa Beecroft e il debutto di Wolves, il nuovo singolo di Kanye.<\/p>\n<p>Oggi la collezione \u00e8 stata immortalata dagli scatti della fotografa americana Jackie Nickerson, personalit\u00e0 complessa dal forte impatto sociale. Dopo aver abbandonato il mondo della moda, con una lunga carriera per clienti del calibro di Vogue in virt\u00f9 di sviscerare le abitudini e le realt\u00e0 nascoste agli occhi dei pi\u00f9, \u00e8 tornata alla moda per questa collaborazione speciale. Gli scatti hanno un connotato fortemente urbano: immagini forti, in cui la contemporaneit\u00e0 passa attraverso il mostrare senza artifici di alcun genere il proprio modo di essere. Il mezzo per farlo \u00e8 il corpo, strumento per veicolare immagini, raccontarsi, vivere il proprio spazio e il proprio tempo. Una lettura interessante che unisce la visione di un\u2019artista rap che mette tutto questo nei suoi pezzi, e un brand che di questo ha fatto la sua storia.<\/p>\n<p><img decoding=\"async\" src=\"http:\/\/thesignspeaking.com\/wp-content\/uploads\/2018\/02\/yeezy-season-1_adidas_kanye-west_designspeaking.jpg\" \/> <img decoding=\"async\" src=\"http:\/\/thesignspeaking.com\/wp-content\/uploads\/2018\/02\/yeezy-season-1_adidas_kanye-west_designspeaking-1.jpg\" \/> <img decoding=\"async\" src=\"http:\/\/thesignspeaking.com\/wp-content\/uploads\/2018\/02\/yeezy-season-1_adidas_kanye-west_designspeaking-2.jpg\" \/> <img decoding=\"async\" src=\"http:\/\/thesignspeaking.com\/wp-content\/uploads\/2018\/02\/yeezy-season-1_adidas_kanye-west_designspeaking-3.jpg\" \/> <img decoding=\"async\" src=\"http:\/\/thesignspeaking.com\/wp-content\/uploads\/2018\/02\/yeezy-season-1_adidas_kanye-west_designspeaking-4.jpg\" \/> <img decoding=\"async\" src=\"http:\/\/thesignspeaking.com\/wp-content\/uploads\/2018\/02\/yeezy-season-1_adidas_kanye-west_designspeaking-5.jpg\" \/> <img decoding=\"async\" src=\"http:\/\/thesignspeaking.com\/wp-content\/uploads\/2018\/02\/yeezy-season-1_adidas_kanye-west_designspeaking-6.jpg\" \/> <img decoding=\"async\" src=\"http:\/\/thesignspeaking.com\/wp-content\/uploads\/2018\/02\/yeezy-season-1_adidas_kanye-west_designspeaking-7.jpg\" \/> <img decoding=\"async\" src=\"http:\/\/thesignspeaking.com\/wp-content\/uploads\/2018\/02\/yeezy-season-1_adidas_kanye-west_designspeaking-8.jpg\" \/> <img decoding=\"async\" src=\"http:\/\/thesignspeaking.com\/wp-content\/uploads\/2018\/02\/yeezy-season-1_adidas_kanye-west_designspeaking-9.jpg\" \/> <img decoding=\"async\" src=\"http:\/\/thesignspeaking.com\/wp-content\/uploads\/2018\/02\/yeezy-season-1_adidas_kanye-west_designspeaking-10.jpg\" \/> <img decoding=\"async\" src=\"http:\/\/thesignspeaking.com\/wp-content\/uploads\/2018\/02\/yeezy-season-1_adidas_kanye-west_designspeaking-11.jpg\" \/> <img decoding=\"async\" src=\"http:\/\/thesignspeaking.com\/wp-content\/uploads\/2018\/02\/yeezy-season-1_adidas_kanye-west_designspeaking-12.jpg\" \/> <img decoding=\"async\" src=\"http:\/\/thesignspeaking.com\/wp-content\/uploads\/2018\/02\/yeezy-season-1_adidas_kanye-west_designspeaking-13.jpg\" \/><\/p>\n<\/span>","protected":false},"excerpt":{"rendered":"<p>The American photographer immortalized the collection by Adidas Originals in collaboration with Kanye West.<\/p>\n","protected":false},"author":3,"featured_media":679,"comment_status":"open","ping_status":"open","sticky":false,"template":"","format":"standard","meta":[],"categories":[11],"tags":[10],"_links":{"self":[{"href":"https:\/\/www.thesignspeaking.com\/it\/wp-json\/wp\/v2\/posts\/1285"}],"collection":[{"href":"https:\/\/www.thesignspeaking.com\/it\/wp-json\/wp\/v2\/posts"}],"about":[{"href":"https:\/\/www.thesignspeaking.com\/it\/wp-json\/wp\/v2\/types\/post"}],"author":[{"embeddable":true,"href":"https:\/\/www.thesignspeaking.com\/it\/wp-json\/wp\/v2\/users\/3"}],"replies":[{"embeddable":true,"href":"https:\/\/www.thesignspeaking.com\/it\/wp-json\/wp\/v2\/comments?post=1285"}],"version-history":[{"count":0,"href":"https:\/\/www.thesignspeaking.com\/it\/wp-json\/wp\/v2\/posts\/1285\/revisions"}],"wp:featuredmedia":[{"embeddable":true,"href":"https:\/\/www.thesignspeaking.com\/it\/wp-json\/wp\/v2\/media\/679"}],"wp:attachment":[{"href":"https:\/\/www.thesignspeaking.com\/it\/wp-json\/wp\/v2\/media?parent=1285"}],"wp:term":[{"taxonomy":"category","embeddable":true,"href":"https:\/\/www.thesignspeaking.com\/it\/wp-json\/wp\/v2\/categories?post=1285"},{"taxonomy":"post_tag","embeddable":true,"href":"https:\/\/www.thesignspeaking.com\/it\/wp-json\/wp\/v2\/tags?post=1285"}],"curies":[{"name":"wp","href":"https:\/\/api.w.org\/{rel}","templated":true}]}}