{"id":12896,"date":"2019-11-21T11:31:38","date_gmt":"2019-11-21T10:31:38","guid":{"rendered":"http:\/\/www.thesignspeaking.com\/?p=12896"},"modified":"2019-11-21T11:39:35","modified_gmt":"2019-11-21T10:39:35","slug":"ied-barcelona-madrid-25-years-designing-the-future","status":"publish","type":"post","link":"https:\/\/www.thesignspeaking.com\/it\/ied-barcelona-madrid-25-years-designing-the-future\/","title":{"rendered":"IED BARCELONA\/MADRID, 25 YEARS DESIGNING THE FUTURE"},"content":{"rendered":"<span class=\"cb-itemprop\" itemprop=\"reviewBody\"><p><a href=\"https:\/\/www.ied.edu\/ied-locations\/barcelona\"><strong>Istituto Europeo di Design<\/strong><\/a> ha celebrato il 25\u00b0 anniversario del suo arrivo in Spagna nel 1994 con un evento che si \u00e8 tenuto il 18 novembre scorso al Museo Guggenheim di Bilbao. Un omaggio alla creativit\u00e0 e al talento. L&#8217;evento si \u00e8 svolto nell&#8217;ambito del programma\u00a0<a href=\"http:\/\/www.apple.com\/uk\">TOPArte<\/a>\u00a0mentre la citt\u00e0 celebrava la <a href=\"https:\/\/www.bilbaobizkaiadesignweek.eus\/\">Bilbao Bizkaia Design Week<\/a>.<img decoding=\"async\" class=\"size-large wp-image-12900 aligncenter\" src=\"http:\/\/www.thesignspeaking.com\/wp-content\/uploads\/2019\/11\/x4ied-bilbao-1.jpg.pagespeed.ic_.KCRYfD6u9W-1024x636.jpg\" alt=\"\" width=\"1024\" height=\"636\" srcset=\"https:\/\/www.thesignspeaking.com\/wp-content\/uploads\/2019\/11\/x4ied-bilbao-1.jpg.pagespeed.ic_.KCRYfD6u9W-1024x636.jpg 1024w, https:\/\/www.thesignspeaking.com\/wp-content\/uploads\/2019\/11\/x4ied-bilbao-1.jpg.pagespeed.ic_.KCRYfD6u9W-300x186.jpg 300w, https:\/\/www.thesignspeaking.com\/wp-content\/uploads\/2019\/11\/x4ied-bilbao-1.jpg.pagespeed.ic_.KCRYfD6u9W-768x477.jpg 768w, https:\/\/www.thesignspeaking.com\/wp-content\/uploads\/2019\/11\/x4ied-bilbao-1.jpg.pagespeed.ic_.KCRYfD6u9W.jpg 1200w\" sizes=\"(max-width: 1024px) 100vw, 1024px\" \/>Il famoso museo di arte contemporanea ha ospitato una sfilata di moda con designer spagnoli e stranieri. Gli ex studenti di IED Madrid e IED di Barcellona hanno presentato 25 collezioni che rappresentano il passato, il presente e il futuro di IED. Nell\u2019eclettica gamma di abiti e concept che anticipano il futuro della moda, traspare l&#8217;individualit\u00e0 di ogni designer.<\/p>\n<p><iframe width=\"1200\" height=\"675\" src=\"https:\/\/www.youtube.com\/embed\/WRawYluaeZg?feature=oembed\" frameborder=\"0\" allow=\"accelerometer; autoplay; encrypted-media; gyroscope; picture-in-picture\" allowfullscreen><\/iframe><\/p>\n<p>Durante l&#8217;evento \u00e8 stato anche proiettato un audiovisivo per evidenziare l&#8217;impatto del design sull&#8217;ambiente circostante e il potere di queste giovani menti di talento nel definire il futuro.<\/p>\n<p>Sono state presentate collezioni di noti marchi nazionali e internazionali, giovani promesse, designer premiati da Vogue Who&#8217;s On Next e Samsung EGO Innovation Project, oltre a fashion designer che partecipano regolarmente alla settimana della moda di New York, alla Mercedes Benz Fashion Week e alla 080 Barcelona Fashion.<\/p>\n<p>Tre ex studenti IED &#8211; uno per ogni scuola di Madrid, Barcellona e Milano &#8211; hanno presentato due abiti ciascuno in omaggio al 60\u00b0 anniversario dalla costruzione del Guggenheim Museum di New York, progettato da Frank Lloyd Wright.<\/p>\n<p>Designer:<\/p>\n<p>Ainhoa Mortencia (<a href=\"http:\/\/amentia.es\/\">Amentia<\/a>),\u00a0<a href=\"https:\/\/andrahandaric.com\/\">Andra Handaric<\/a>,\u00a0<a href=\"http:\/\/www.andreszurru.com\/\">Andr\u00e9s Zurru<\/a>,\u00a0<a href=\"https:\/\/www.instagram.com\/wastaholic\/?hl=es\">Andr\u00e9s Garc\u00eda Cruz<\/a>,\u00a0<a href=\"https:\/\/www.notjustalabel.com\/brenda-gonzalez-z\">Brenda Gonz\u00e1lez<\/a>,\u00a0<a href=\"https:\/\/cynthiabuttenklepper.com\/\">Cynthia Buttenklepper<\/a>, Carla Alberch,\u00a0<a href=\"https:\/\/www.carlotabarrera.com\/\">Carlota Barrera<\/a>,\u00a0<a href=\"https:\/\/www.cristinatamborero.com\/\">Cristina Tamborero<\/a>,\u00a0<a href=\"https:\/\/www.instagram.com\/edward.cuming\/\">Edward Cuming<\/a>\u00a0(Eddie Cuming), E\u00f1aut Barruetabe\u00f1a (<a href=\"https:\/\/enaut.co\/es\/\">E\u00f1aut<\/a>),\u00a0<a href=\"https:\/\/www.instagram.com\/murano.francesco\/?hl=es\">Francesco Murano<\/a>, Idan Gilony (<a href=\"https:\/\/www.uy-studio.com\/\">UY Studio<\/a>),\u00a0<a href=\"https:\/\/www.notjustalabel.com\/ines-monjo\">In\u00e9s Monjo<\/a>,\u00a0<a href=\"https:\/\/www.leyrevaliente.com\/\">Leyre Valiente<\/a>, Manuela Gonz\u00e1lez Hidalgo (<a href=\"http:\/\/elafidalgo.com\/\">Ela Fidalgo<\/a>), Maria Rosenfeldt (<a href=\"https:\/\/www.heridadegato.com\/\">Heridadegato<\/a>),\u00a0<a href=\"http:\/\/mariacleleal.es\/\">Maria Cl\u00e8 Leal<\/a>,\u00a0<a href=\"https:\/\/www.moisesnieto.com\/\">Mois\u00e9s Nieto<\/a>,\u00a0<a href=\"https:\/\/www.notjustalabel.com\/paula-maria-stolt\">Paula St\u00f6lt<\/a>, Paolo Chulia, Prisca Franchetti (<a href=\"http:\/\/www.priscavera.com\/\">PRISCAVera<\/a>),\u00a0<a href=\"http:\/\/mrytas.com\/\">Rytas Matuliuskas<\/a>,\u00a0<a href=\"https:\/\/sonia-carrasco.com\/\">Sonia Carrasco<\/a>,\u00a0<a href=\"https:\/\/www.tiscarespadas.com\/\">Tiscar Espadas<\/a>,\u00a0<a href=\"http:\/\/tiagovalente.name\/\">Tiago Valente<\/a>\u00a0and\u00a0<a href=\"https:\/\/www.notjustalabel.com\/vivian-alarcon\">Vivian Alarc\u00f3n<\/a>.<\/p>\n<\/span>","protected":false},"excerpt":{"rendered":"<p>Istituto Europeo di Design ha celebrato il 25\u00b0 anniversario del suo arrivo in Spagna nel 1994 con un evento che si \u00e8 tenuto il 18 novembre scorso al Museo Guggenheim di Bilbao. Un omaggio alla creativit\u00e0 e al talento. L&#8217;evento si \u00e8 svolto nell&#8217;ambito del programma\u00a0TOPArte\u00a0mentre la citt\u00e0 celebrava la Bilbao Bizkaia Design Week.Il famoso [&hellip;]<\/p>\n","protected":false},"author":3,"featured_media":12900,"comment_status":"open","ping_status":"open","sticky":false,"template":"","format":"standard","meta":[],"categories":[4],"tags":[],"_links":{"self":[{"href":"https:\/\/www.thesignspeaking.com\/it\/wp-json\/wp\/v2\/posts\/12896"}],"collection":[{"href":"https:\/\/www.thesignspeaking.com\/it\/wp-json\/wp\/v2\/posts"}],"about":[{"href":"https:\/\/www.thesignspeaking.com\/it\/wp-json\/wp\/v2\/types\/post"}],"author":[{"embeddable":true,"href":"https:\/\/www.thesignspeaking.com\/it\/wp-json\/wp\/v2\/users\/3"}],"replies":[{"embeddable":true,"href":"https:\/\/www.thesignspeaking.com\/it\/wp-json\/wp\/v2\/comments?post=12896"}],"version-history":[{"count":0,"href":"https:\/\/www.thesignspeaking.com\/it\/wp-json\/wp\/v2\/posts\/12896\/revisions"}],"wp:featuredmedia":[{"embeddable":true,"href":"https:\/\/www.thesignspeaking.com\/it\/wp-json\/wp\/v2\/media\/12900"}],"wp:attachment":[{"href":"https:\/\/www.thesignspeaking.com\/it\/wp-json\/wp\/v2\/media?parent=12896"}],"wp:term":[{"taxonomy":"category","embeddable":true,"href":"https:\/\/www.thesignspeaking.com\/it\/wp-json\/wp\/v2\/categories?post=12896"},{"taxonomy":"post_tag","embeddable":true,"href":"https:\/\/www.thesignspeaking.com\/it\/wp-json\/wp\/v2\/tags?post=12896"}],"curies":[{"name":"wp","href":"https:\/\/api.w.org\/{rel}","templated":true}]}}