{"id":12923,"date":"2019-12-04T16:08:45","date_gmt":"2019-12-04T15:08:45","guid":{"rendered":"http:\/\/www.thesignspeaking.com\/?p=12923"},"modified":"2019-12-04T17:25:24","modified_gmt":"2019-12-04T16:25:24","slug":"the-dream-e-bike-that-protects-you-as-an-angel","status":"publish","type":"post","link":"https:\/\/www.thesignspeaking.com\/it\/the-dream-e-bike-that-protects-you-as-an-angel\/","title":{"rendered":"THE DREAM E-BIKE THAT PROTECTS YOU AS AN ANGEL"},"content":{"rendered":"<span class=\"cb-itemprop\" itemprop=\"reviewBody\"><p><img decoding=\"async\" class=\"size-large wp-image-12929 aligncenter\" src=\"http:\/\/www.thesignspeaking.com\/wp-content\/uploads\/2019\/12\/ANGELL_ShootArchiV3_5-1024x683.jpg\" alt=\"\" width=\"1024\" height=\"683\" srcset=\"https:\/\/www.thesignspeaking.com\/wp-content\/uploads\/2019\/12\/ANGELL_ShootArchiV3_5.jpg 1024w, https:\/\/www.thesignspeaking.com\/wp-content\/uploads\/2019\/12\/ANGELL_ShootArchiV3_5-300x200.jpg 300w, https:\/\/www.thesignspeaking.com\/wp-content\/uploads\/2019\/12\/ANGELL_ShootArchiV3_5-768x512.jpg 768w, https:\/\/www.thesignspeaking.com\/wp-content\/uploads\/2019\/12\/ANGELL_ShootArchiV3_5-360x240.jpg 360w\" sizes=\"(max-width: 1024px) 100vw, 1024px\" \/>L\u2019obiettivo era creare la smart-bike pi\u00f9 sicura del mondo. <a href=\"https:\/\/angell.bike\/\"><strong>A<\/strong><strong>ngell<\/strong><\/a> \u00e8 potente, agile, intelligente, leggera e ultra maneggevole; per rendere i tragitti lisci come il velluto. E offrire la migliore esperienza di mobilit\u00e0 in citt\u00e0.<\/p>\n<p>Angell \u00e8 stata disegnata da\u00a0<a href=\"http:\/\/www.ora-ito.com\/en\/\"><strong>Ora Ito<\/strong><\/a>, senza dubbio il designer pi\u00f9 visionario della sua generazione al quale i fondatori hanno dato carta bianca per immaginare, creare e concepire la bici dei loro sogni. Forme rotonde accentuate da linee forti e materiali nobili: alluminio e carbonio. L\u2019alluminio ad alta resistenza utilizzato ha consentito di raggiungere un peso di 13,9 kg, cosa che la rende una delle bici elettriche pi\u00f9 leggere del mondo.<img decoding=\"async\" class=\"size-large wp-image-12926 aligncenter\" src=\"http:\/\/www.thesignspeaking.com\/wp-content\/uploads\/2019\/12\/ANGELL_ShootArchiV3_31-1024x683.jpg\" alt=\"\" width=\"1024\" height=\"683\" srcset=\"https:\/\/www.thesignspeaking.com\/wp-content\/uploads\/2019\/12\/ANGELL_ShootArchiV3_31.jpg 1024w, https:\/\/www.thesignspeaking.com\/wp-content\/uploads\/2019\/12\/ANGELL_ShootArchiV3_31-300x200.jpg 300w, https:\/\/www.thesignspeaking.com\/wp-content\/uploads\/2019\/12\/ANGELL_ShootArchiV3_31-768x512.jpg 768w, https:\/\/www.thesignspeaking.com\/wp-content\/uploads\/2019\/12\/ANGELL_ShootArchiV3_31-360x240.jpg 360w\" sizes=\"(max-width: 1024px) 100vw, 1024px\" \/>Collegare una batteria intelligente a un computer di bordo integrato nella cabina di pilotaggio \u00e8 stata una grande sfida tecnologica, ma, grazie al concept rivoluzionario, alla sua intelligenza incorporata, alle luci iperboliche e ai sensori, \u00e8 al sicuro chi pedala e la bici stessa.<\/p>\n<p>Con un&#8217;autonomia di 70 chilometri, pu\u00f2 raggiungere fino a 25 chilometri\/h in un lampo. E si ricarica in due ore con una semplice presa. Per arrivare a destinazione una applicazione mobile propone su un display il tragitto migliore calcolando velocit\u00e0, distanza, calorie e tenendo conto del meteo, del traffico e dell&#8217;inquinamento, del livello della batteria.<img decoding=\"async\" class=\"alignnone size-large wp-image-12925\" src=\"http:\/\/www.thesignspeaking.com\/wp-content\/uploads\/2019\/12\/ANGELL_ShootArchiV3_30-1024x683.jpg\" alt=\"\" width=\"1024\" height=\"683\" srcset=\"https:\/\/www.thesignspeaking.com\/wp-content\/uploads\/2019\/12\/ANGELL_ShootArchiV3_30.jpg 1024w, https:\/\/www.thesignspeaking.com\/wp-content\/uploads\/2019\/12\/ANGELL_ShootArchiV3_30-300x200.jpg 300w, https:\/\/www.thesignspeaking.com\/wp-content\/uploads\/2019\/12\/ANGELL_ShootArchiV3_30-768x512.jpg 768w, https:\/\/www.thesignspeaking.com\/wp-content\/uploads\/2019\/12\/ANGELL_ShootArchiV3_30-360x240.jpg 360w\" sizes=\"(max-width: 1024px) 100vw, 1024px\" \/>Pedalare dunque protetti dai rischi della circolazione e da quelli di furto grazie a: fanali iperbolici anteriori e posteriori, bande riflettenti sugli pneumatici, lampeggianti integrati al cockpit e alla batteria, cockpit con vibratori di aiuto nella navigazione, allarme visivo e sonoro ad alta intensit\u00e0. In caso di caduta, un messaggio viene inviato automaticamente al tuo contatto per le emergenze.<\/p>\n<p>Inoltre, blocco automatico della batteria e della bici quando ci si allontana e geolocalizzazione permanente grazie al GPS e al chip 2G che informa in tempo reale quando la bici cambia posizione e in modo da attivare l&#8217;allarme a distanza.<img decoding=\"async\" class=\"size-large wp-image-12927 aligncenter\" src=\"http:\/\/www.thesignspeaking.com\/wp-content\/uploads\/2019\/12\/black-mat-1024x576.png\" alt=\"\" width=\"1024\" height=\"576\" srcset=\"https:\/\/www.thesignspeaking.com\/wp-content\/uploads\/2019\/12\/black-mat-1024x576.png 1024w, https:\/\/www.thesignspeaking.com\/wp-content\/uploads\/2019\/12\/black-mat-300x169.png 300w, https:\/\/www.thesignspeaking.com\/wp-content\/uploads\/2019\/12\/black-mat-768x432.png 768w, https:\/\/www.thesignspeaking.com\/wp-content\/uploads\/2019\/12\/black-mat.png 1204w\" sizes=\"(max-width: 1024px) 100vw, 1024px\" \/>Inoltre, una serie di accessori intelligenti uniscono la cura dell&#8217;ambiente, il comfort e il benessere per migliorare la quotidianit\u00e0 e le prestazioni: parafango in legno, cestino anteriore in legno, zaino riflettente impermeabile, giacca impermeabile con LED, casco, maschera anti-inquinamento, cavalletto, retrovisori, porta borraccia, fanale posteriore Angell (che si sostituisce a quelli della batteria per viaggiare pi\u00f9 leggeri e senza assistenza), clacson.<img decoding=\"async\" class=\"size-full wp-image-12930 aligncenter\" src=\"http:\/\/www.thesignspeaking.com\/wp-content\/uploads\/2019\/12\/Accessoires-produits-3.jpg\" alt=\"\" width=\"950\" height=\"880\" srcset=\"https:\/\/www.thesignspeaking.com\/wp-content\/uploads\/2019\/12\/Accessoires-produits-3.jpg 950w, https:\/\/www.thesignspeaking.com\/wp-content\/uploads\/2019\/12\/Accessoires-produits-3-300x278.jpg 300w, https:\/\/www.thesignspeaking.com\/wp-content\/uploads\/2019\/12\/Accessoires-produits-3-768x711.jpg 768w\" sizes=\"(max-width: 950px) 100vw, 950px\" \/>La formula prevede l\u2019acquisto a 2690\u20ac o 74,90\u20ac al mese (per 36 mesi, a tasso 0%) con incluso servizio di riparazione e un anno di assicurazione su furto \/ rottura ai primi 500 preordini, con consegna nella primavera del 2020. L\u2019assicurazione furto e danni per 9,90 \u20ac al mese.<\/p>\n<p>E\u2019 una bicicletta che nasce dal progetto di alcuni imprenditori e investitori che condividevano la stessa vision: i sogni costruiscono il futuro. E cos\u00ec che \u00e8 nato Angell LAB. Il 5% del CA di Angell \u00e8 reinvestito in progetti e team animati dallo stesso impegno, perch\u00e9 se ci prendiamo cura delle nostre citt\u00e0, di noi, del nostro presente, saremo in grado di costruire insieme un futuro pi\u00f9 sicuro.<\/p>\n<p>Il Manifesto di Angell:<\/p>\n<ol>\n<li>Siamo un laboratorio imprenditoriale per le citt\u00e0, un incrocio tra tecnologia, mobilit\u00e0 e durabilit\u00e0;<\/li>\n<li>Il miglioramento della vita quotidiana nelle citt\u00e0 permetter\u00e0 di garantire un futuro migliore ai suoi abitanti e alle generazioni successive. La nostra ambizione \u00e8 quella di rivoluzionare il nostro stile di vita in citt\u00e0 tramite un maggior numero di progetti umani e durevoli;<\/li>\n<li>Ci impegniamo sul lungo termine: in quanto imprenditori, abbiamo scelto la via pi\u00f9 difficile, avviando dei progetti &#8220;da zero&#8221;, creando i nostri team e sviluppando una cultura d&#8217;impresa allineata alla nostra mission e alla nostra vision; forti di questa sperimentazione ripetuta, desideriamo costruire collaborazioni a lungo termine con i team e i progetti di Angell LAB;<\/li>\n<li>Angell \u00e8 un progetto sociale, durevole ed imprenditoriale: desideriamo prenderci cura delle citt\u00e0, migliorare la sicurezza e il benessere degli abitanti e quindi anche la tua. La mission di Angell LAB \u00e8 quella di proteggere oggi i tuoi sogni di domani, sostenendoti nel tuo sforzo di costruire un futuro pi\u00f9 sicuro.<\/li>\n<\/ol>\n<p><img decoding=\"async\" class=\"size-large wp-image-12924 aligncenter\" src=\"http:\/\/www.thesignspeaking.com\/wp-content\/uploads\/2019\/12\/ANGELL_ShootArchiV3_22-683x1024.jpg\" alt=\"\" width=\"683\" height=\"1024\" srcset=\"https:\/\/www.thesignspeaking.com\/wp-content\/uploads\/2019\/12\/ANGELL_ShootArchiV3_22-683x1024.jpg 683w, https:\/\/www.thesignspeaking.com\/wp-content\/uploads\/2019\/12\/ANGELL_ShootArchiV3_22-200x300.jpg 200w, https:\/\/www.thesignspeaking.com\/wp-content\/uploads\/2019\/12\/ANGELL_ShootArchiV3_22-768x1152.jpg 768w, https:\/\/www.thesignspeaking.com\/wp-content\/uploads\/2019\/12\/ANGELL_ShootArchiV3_22.jpg 1024w\" sizes=\"(max-width: 683px) 100vw, 683px\" \/><\/p>\n<\/span>","protected":false},"excerpt":{"rendered":"<p>L\u2019obiettivo era creare la smart-bike pi\u00f9 sicura del mondo. Angell \u00e8 potente, agile, intelligente, leggera e ultra maneggevole; per rendere i tragitti lisci come il velluto. E offrire la migliore esperienza di mobilit\u00e0 in citt\u00e0. Angell \u00e8 stata disegnata da\u00a0Ora Ito, senza dubbio il designer pi\u00f9 visionario della sua generazione al quale i fondatori hanno [&hellip;]<\/p>\n","protected":false},"author":3,"featured_media":12928,"comment_status":"open","ping_status":"open","sticky":false,"template":"","format":"standard","meta":[],"categories":[13],"tags":[1279,637,531,27,207,1281,12,1280,184],"_links":{"self":[{"href":"https:\/\/www.thesignspeaking.com\/it\/wp-json\/wp\/v2\/posts\/12923"}],"collection":[{"href":"https:\/\/www.thesignspeaking.com\/it\/wp-json\/wp\/v2\/posts"}],"about":[{"href":"https:\/\/www.thesignspeaking.com\/it\/wp-json\/wp\/v2\/types\/post"}],"author":[{"embeddable":true,"href":"https:\/\/www.thesignspeaking.com\/it\/wp-json\/wp\/v2\/users\/3"}],"replies":[{"embeddable":true,"href":"https:\/\/www.thesignspeaking.com\/it\/wp-json\/wp\/v2\/comments?post=12923"}],"version-history":[{"count":0,"href":"https:\/\/www.thesignspeaking.com\/it\/wp-json\/wp\/v2\/posts\/12923\/revisions"}],"wp:featuredmedia":[{"embeddable":true,"href":"https:\/\/www.thesignspeaking.com\/it\/wp-json\/wp\/v2\/media\/12928"}],"wp:attachment":[{"href":"https:\/\/www.thesignspeaking.com\/it\/wp-json\/wp\/v2\/media?parent=12923"}],"wp:term":[{"taxonomy":"category","embeddable":true,"href":"https:\/\/www.thesignspeaking.com\/it\/wp-json\/wp\/v2\/categories?post=12923"},{"taxonomy":"post_tag","embeddable":true,"href":"https:\/\/www.thesignspeaking.com\/it\/wp-json\/wp\/v2\/tags?post=12923"}],"curies":[{"name":"wp","href":"https:\/\/api.w.org\/{rel}","templated":true}]}}