{"id":13148,"date":"2020-01-27T20:17:27","date_gmt":"2020-01-27T19:17:27","guid":{"rendered":"http:\/\/www.thesignspeaking.com\/?p=13148"},"modified":"2020-01-27T20:33:13","modified_gmt":"2020-01-27T19:33:13","slug":"kitchen-open-call-for-the-5th-istanbul-design-biennial","status":"publish","type":"post","link":"https:\/\/www.thesignspeaking.com\/it\/kitchen-open-call-for-the-5th-istanbul-design-biennial\/","title":{"rendered":"KITCHEN: OPEN CALL FOR THE 5TH ISTANBUL DESIGN BIENNIAL"},"content":{"rendered":"<span class=\"cb-itemprop\" itemprop=\"reviewBody\"><p style=\"text-align: left;\">La scadenza per partecipare alla Open Call per il programma Kitchen della\u00a0<a href=\"https:\/\/tasarimbienali.iksv.org\/en\"><strong>5th Istanbul Design Biennial<\/strong><\/a> \u00e8 il 28 febbraio 2020. Partendo dall&#8217;idea che il design comprende i dispositivi, le piattaforme e le interfacce attraverso le quali ci relazioniamo tra loro, Kitchen \u00e8 un nuovo luogo per la sperimentazione, la conversazione, la condivisione e l\u2019azione. Le cucine sono infatti spazi di incontro condivisi. Abbracciano le differenze sociali e facilitano la circolazione di idee e pratiche di cura, empatia e ospitalit\u00e0. Nel corso della storia, le cucine sono state oggetto dei lavori di designer, architetti e artisti, che si sono relazionati con le loro idee con il valore, la produzione e la distribuzione del cibo e gli aspetti sociopolitici della cucina e della ristorazione.<img decoding=\"async\" class=\"size-large wp-image-13149 aligncenter\" src=\"http:\/\/www.thesignspeaking.com\/wp-content\/uploads\/2020\/01\/0097_JamesShaw_ExtrudedCutlery_062-1024x683.jpg\" alt=\"\" width=\"1024\" height=\"683\" srcset=\"https:\/\/www.thesignspeaking.com\/wp-content\/uploads\/2020\/01\/0097_JamesShaw_ExtrudedCutlery_062.jpg 1024w, https:\/\/www.thesignspeaking.com\/wp-content\/uploads\/2020\/01\/0097_JamesShaw_ExtrudedCutlery_062-300x200.jpg 300w, https:\/\/www.thesignspeaking.com\/wp-content\/uploads\/2020\/01\/0097_JamesShaw_ExtrudedCutlery_062-768x512.jpg 768w, https:\/\/www.thesignspeaking.com\/wp-content\/uploads\/2020\/01\/0097_JamesShaw_ExtrudedCutlery_062-360x240.jpg 360w\" sizes=\"(max-width: 1024px) 100vw, 1024px\" \/>James Shaw &#8211; Plastik Baroque Cutlery<\/p>\n<p>&nbsp;<\/p>\n<p>I progetti che verranno presentati dovranno riflettere il tema della biennale proposto dall&#8217;architetto e curatrice\u00a0<a href=\"https:\/\/marianapestana.com\/\"><strong>Mariana Pestana<\/strong><\/a>: <em><a href=\"http:\/\/tasarimbienali.iksv.org\/en\/5th-istanbul-design-biennial\/curator-s-text\">Empathy Revisited: designs for more than one<\/a><\/em> <span style=\"font-size: 11.0pt; font-family: 'Calibri',sans-serif;\">che celebra la commensalit\u00e0 e le altre modalit\u00e0 della condivisione. Includeranno tavoli, pentole e set da pranzo, ma anche caschi per la realt\u00e0 virtuale, valute digitali e chat room online, eviteranno invece di catalogare o classificare, mentre saranno ben accetti miti e cerimonie. Kitchen funziona come uno spazio sociale e conviviale, un luogo di presentazione, un caff\u00e8, una scuola di cucina e una piattaforma per spettacoli. All&#8217;interno, i visitatori possono sperimentare il passaggio del cibo dalla pianta al palato; prendere parte alle tradizioni culinarie collettive ed esaminare in che modo lo scambio, la preparazione e il consumo di alimenti incidano sulla cultura contemporanea. Kitchen rivisita le origini della nozione di empatia per immaginare un ruolo per il design che coinvolga sentimenti, affetti e relazioni.<\/span><\/p>\n<p><span style=\"font-size: 11.0pt; font-family: 'Calibri',sans-serif;\">L&#8217;invito, aperto a progetti ed eventi che ruotano attorno alla cucina, \u00e8 esteso a tutti i professionisti e pensatori, sia locali sia internazionali, come designer, artisti, scrittori, architetti, curatori, ricercatori, accademici, professionisti del cibo, cuochi e appassionati di cucina.<\/span><\/p>\n<p>&nbsp;<\/p>\n<p><strong><em><u>Open Call per Menus &#038; Tools<\/u><\/em><\/strong><\/p>\n<p><span style=\"font-size: 11.0pt; font-family: 'Calibri',sans-serif;\">Il team curatoriale della quinta Biennale del Design di Istanbul \u00e8 alla ricerca di candidature per &#8220;Menu&#8221; (progetti che propongono approcci culturali diversi al cibo e al modo di mangiare in relazione alle condizioni globali, alle sfide socio-economiche e al dibattito contemporaneo) e &#8220;Tools&#8221; (oggetti che si trovano in cucina che supportano ed espandono i modi di cucinare e mangiare) per un programma che affronta uno o pi\u00f9 dei seguenti temi:<\/span><\/p>\n<p><span style=\"font-size: 11.0pt; font-family: 'Calibri',sans-serif;\">&#8211; Sistemi alternativi: scarsit\u00e0, crisi ecologica, sistemi di raccolta dei rifiuti, nuovi materiali, ingredienti inaspettati, economia circolare.<\/span><\/p>\n<p><span style=\"font-size: 11.0pt; font-family: 'Calibri',sans-serif;\">&#8211; Narrazioni geopolitiche: storie culinarie globali, industria agricola vs ecologie locali, ricette dimenticate, citt\u00e0 vs entroterra rurale, cucine nascoste.<\/span><\/p>\n<p><span style=\"font-size: 11.0pt; font-family: 'Calibri',sans-serif;\">&#8211; Amore e lavoro: lavoro domestico, economia dell&#8217;amore, ospitalit\u00e0 vs ostilit\u00e0, modelli di propriet\u00e0 e condivisione.<\/span><\/p>\n<p><span style=\"font-size: 11.0pt; font-family: 'Calibri',sans-serif;\">&#8211; Incontri postumani: relazioni interspecie, postcolonialismo, narrazioni postumane e inclusivit\u00e0.<\/span><\/p>\n<p><span style=\"font-size: 11.0pt; font-family: 'Calibri',sans-serif;\">&#8211; Cerimonia e rituale: maniere a tavola, rituali culinari, etichetta, connessioni spirituali con il cibo, intimit\u00e0, mito.<\/span><\/p>\n<p><span style=\"font-size: 11.0pt; font-family: 'Calibri',sans-serif;\">&#8211; Percezione estesa: design multisensoriale, diversit\u00e0 gustativa, sapore ed esperienza, palato e dieta, salute, accessibilit\u00e0.<\/span><\/p>\n<p><span style=\"font-size: 11.0pt; font-family: 'Calibri',sans-serif;\">Kitchen invita i visitatori a considerare e sperimentare il design in senso lato, attraverso attrezzature e arredi, la materialit\u00e0 e le condizioni spaziali, la relazione con il corpo e i suoi sensi e il potenziale nell\u2019influenzare il comportamento umano. <\/span><\/p>\n<p><span style=\"font-size: 11.0pt; font-family: 'Calibri',sans-serif;\">Con un programma aperto al pubblico, la \u201ccucina\u201d sar\u00e0 attiva durante la biennale, sfidando le pratiche di ospitalit\u00e0 e ripensando il rapporto tra ospite e ospite. Organizzata dalla Fondazione per la Cultura e l&#8217;Arte di Istanbul (\u0130KSV), la biennale, che si svolger\u00e0 dal 26 settembre fino all&#8217;8 novembre 2020, comprender\u00e0 Kitchen e Observatory, che si svolgeranno in due luoghi separati.<\/span><img decoding=\"async\" class=\"size-large wp-image-13152 aligncenter\" src=\"http:\/\/www.thesignspeaking.com\/wp-content\/uploads\/2020\/01\/NazSahin1-771x1024.jpg\" alt=\"\" width=\"771\" height=\"1024\" srcset=\"https:\/\/www.thesignspeaking.com\/wp-content\/uploads\/2020\/01\/NazSahin1-771x1024.jpg 771w, https:\/\/www.thesignspeaking.com\/wp-content\/uploads\/2020\/01\/NazSahin1-226x300.jpg 226w, https:\/\/www.thesignspeaking.com\/wp-content\/uploads\/2020\/01\/NazSahin1-768x1020.jpg 768w, https:\/\/www.thesignspeaking.com\/wp-content\/uploads\/2020\/01\/NazSahin1.jpg 1024w\" sizes=\"(max-width: 771px) 100vw, 771px\" \/><\/p>\n<p><strong><em><u>Come partecipare?<\/u><\/em><\/strong><\/p>\n<p><span style=\"font-size: 11.0pt; font-family: 'Calibri',sans-serif;\">La biennale selezioner\u00e0 12 menu e 12 strumenti per la cucina. La fattibilit\u00e0 dei progetti, che potranno includere dettagli sulla presentazione, eventuali collaborazioni con marchi e produttori o altre relazioni che potrebbero sostenere la produzione del lavoro, nonch\u00e9 l&#8217;entit\u00e0 dei budget di produzione, saranno prese in considerazione durante il processo di selezione. I candidati dovranno indicare chiaramente se stanno facendo domanda per &#8220;Menu&#8221; o \u201cTools\u201d ma la biennale accoglier\u00e0 i candidati interessati a presentare domanda per entrambi. <\/span><\/p>\n<p>&nbsp;<\/p>\n<p>Per maggiori informazioni: <a href=\"https:\/\/tasarimbienali.iksv.org\/en\">https:\/\/tasarimbienali.iksv.org\/en<\/a><\/p>\n<p>Per partecipare alla Open Call: <a href=\"https:\/\/forms.gle\/ePQUt4Ne4h8FKx2p8\">https:\/\/forms.gle\/ePQUt4Ne4h8FKx2p8<\/a><\/p>\n<p><img decoding=\"async\" class=\"size-large wp-image-13153 aligncenter\" src=\"http:\/\/www.thesignspeaking.com\/wp-content\/uploads\/2020\/01\/NazSahin2-768x1024.jpg\" alt=\"\" width=\"768\" height=\"1024\" srcset=\"https:\/\/www.thesignspeaking.com\/wp-content\/uploads\/2020\/01\/NazSahin2-768x1024.jpg 768w, https:\/\/www.thesignspeaking.com\/wp-content\/uploads\/2020\/01\/NazSahin2-225x300.jpg 225w, https:\/\/www.thesignspeaking.com\/wp-content\/uploads\/2020\/01\/NazSahin2.jpg 1024w\" sizes=\"(max-width: 768px) 100vw, 768px\" \/><\/p>\n<p>Fotografie: <strong><a href=\"https:\/\/www.nazsahinozcan.com\/\">Naz Sahin<\/a><\/strong><\/p>\n<\/span>","protected":false},"excerpt":{"rendered":"<p>La scadenza per partecipare alla Open Call per il programma Kitchen della\u00a05th Istanbul Design Biennial \u00e8 il 28 febbraio 2020. Partendo dall&#8217;idea che il design comprende i dispositivi, le piattaforme e le interfacce attraverso le quali ci relazioniamo tra loro, Kitchen \u00e8 un nuovo luogo per la sperimentazione, la conversazione, la condivisione e l\u2019azione. Le [&hellip;]<\/p>\n","protected":false},"author":3,"featured_media":13149,"comment_status":"open","ping_status":"open","sticky":false,"template":"","format":"standard","meta":[],"categories":[15],"tags":[14,190,1370,1369,211,1368],"_links":{"self":[{"href":"https:\/\/www.thesignspeaking.com\/it\/wp-json\/wp\/v2\/posts\/13148"}],"collection":[{"href":"https:\/\/www.thesignspeaking.com\/it\/wp-json\/wp\/v2\/posts"}],"about":[{"href":"https:\/\/www.thesignspeaking.com\/it\/wp-json\/wp\/v2\/types\/post"}],"author":[{"embeddable":true,"href":"https:\/\/www.thesignspeaking.com\/it\/wp-json\/wp\/v2\/users\/3"}],"replies":[{"embeddable":true,"href":"https:\/\/www.thesignspeaking.com\/it\/wp-json\/wp\/v2\/comments?post=13148"}],"version-history":[{"count":0,"href":"https:\/\/www.thesignspeaking.com\/it\/wp-json\/wp\/v2\/posts\/13148\/revisions"}],"wp:featuredmedia":[{"embeddable":true,"href":"https:\/\/www.thesignspeaking.com\/it\/wp-json\/wp\/v2\/media\/13149"}],"wp:attachment":[{"href":"https:\/\/www.thesignspeaking.com\/it\/wp-json\/wp\/v2\/media?parent=13148"}],"wp:term":[{"taxonomy":"category","embeddable":true,"href":"https:\/\/www.thesignspeaking.com\/it\/wp-json\/wp\/v2\/categories?post=13148"},{"taxonomy":"post_tag","embeddable":true,"href":"https:\/\/www.thesignspeaking.com\/it\/wp-json\/wp\/v2\/tags?post=13148"}],"curies":[{"name":"wp","href":"https:\/\/api.w.org\/{rel}","templated":true}]}}