{"id":13273,"date":"2020-02-27T18:03:36","date_gmt":"2020-02-27T17:03:36","guid":{"rendered":"http:\/\/www.thesignspeaking.com\/?p=13273"},"modified":"2020-02-27T18:12:54","modified_gmt":"2020-02-27T17:12:54","slug":"children-drawing-diversity-with-faber-castell","status":"publish","type":"post","link":"https:\/\/www.thesignspeaking.com\/it\/children-drawing-diversity-with-faber-castell\/","title":{"rendered":"CHILDREN DRAWING DIVERSITY WITH FABER-CASTELL"},"content":{"rendered":"<span class=\"cb-itemprop\" itemprop=\"reviewBody\"><p>Rosa? Gialla? Rossa? Marrone? Di che colore \u00e8 la pelle? Per i bambini non esistono confini. E il colore della pelle non ha un solo colore. Un gioco di parole per dimostrare anche che l\u2019arte non ha confini.<\/p>\n<p>La nostra societ\u00e0 oggi vive l\u2019esperienza della multietnicit\u00e0: non c\u2019\u00e8 un solo colore per la pelle, ma tante sfumature che rappresentano i tanti volti della quotidianit\u00e0.<\/p>\n<p>E\u2019 cos\u00ec che nasce \u201cChildren of The World\u201d di\u00a0<a href=\"https:\/\/www.faber-castell.com\/\"><strong>Faber-Castell<\/strong><\/a>,\u00a0un progetto che comprende prodotti studiati per rappresentare tutte le sfumature della pelle e una attivit\u00e0 di charity in favore della creativit\u00e0 per i bambini del mondo.<\/p>\n<p><img decoding=\"async\" class=\"size-large wp-image-13280 aligncenter\" src=\"http:\/\/www.thesignspeaking.com\/wp-content\/uploads\/2020\/02\/Screenshot-2020-02-27-17.43.13-1024x725.png\" alt=\"\" width=\"1024\" height=\"725\" srcset=\"https:\/\/www.thesignspeaking.com\/wp-content\/uploads\/2020\/02\/Screenshot-2020-02-27-17.43.13-1024x725.png 1024w, https:\/\/www.thesignspeaking.com\/wp-content\/uploads\/2020\/02\/Screenshot-2020-02-27-17.43.13-300x213.png 300w, https:\/\/www.thesignspeaking.com\/wp-content\/uploads\/2020\/02\/Screenshot-2020-02-27-17.43.13-768x544.png 768w, https:\/\/www.thesignspeaking.com\/wp-content\/uploads\/2020\/02\/Screenshot-2020-02-27-17.43.13.png 1104w\" sizes=\"(max-width: 1024px) 100vw, 1024px\" \/><\/p>\n<p>Che Faber-Castell parli di bambini ai bambini \u00e8 scontato: con le sue matite da pi\u00f9 di tre secoli supporta l\u2019espressione della creativit\u00e0 dai primi mille giorni di vita a qualunque et\u00e0. Se a questa straordinaria vocazione si aggiunge l\u2019esperienza tecnica di Faber-Castell Cosmetics, la divisione dell\u2019azienda che realizza le matite per il trucco delle pi\u00f9 importanti aziende cosmetiche del mondo, \u00e8 facile comprendere come le matite dedicate alle sei nuance della pelle presentate nella collezione \u201cChildren of The World\u201d siano il vero nuovo progetto cult dell\u2019azienda di Norimberga.<\/p>\n<p>Sei diverse sfumature per rappresentare la pelle di tutti i bambini del mondo: sono presentate in tre matite bicolori, di due tonalit\u00e0 ciascuna, abbinate al set tradizionale di matite colorate triangolari ergonomiche da 12 e 24 colori e al set di matite colorate acquerellabili Grip Colour da 10 e 20 colori.<\/p>\n<p><img decoding=\"async\" class=\"size-large wp-image-13281\" src=\"http:\/\/www.thesignspeaking.com\/wp-content\/uploads\/2020\/02\/201744_Children-of-the-World-colour-pencil-triangular-123_Original_60111-1024x43.jpg\" alt=\"\" width=\"1024\" height=\"43\" srcset=\"https:\/\/www.thesignspeaking.com\/wp-content\/uploads\/2020\/02\/201744_Children-of-the-World-colour-pencil-triangular-123_Original_60111-1024x43.jpg 1024w, https:\/\/www.thesignspeaking.com\/wp-content\/uploads\/2020\/02\/201744_Children-of-the-World-colour-pencil-triangular-123_Original_60111-300x12.jpg 300w, https:\/\/www.thesignspeaking.com\/wp-content\/uploads\/2020\/02\/201744_Children-of-the-World-colour-pencil-triangular-123_Original_60111-768x32.jpg 768w\" sizes=\"(max-width: 1024px) 100vw, 1024px\" \/><\/p>\n<p><img decoding=\"async\" class=\"size-large wp-image-13282\" src=\"http:\/\/www.thesignspeaking.com\/wp-content\/uploads\/2020\/02\/201744_Children-of-the-World-colour-pencil-triangular-123_Original_60110-1024x44.jpg\" alt=\"\" width=\"1024\" height=\"44\" srcset=\"https:\/\/www.thesignspeaking.com\/wp-content\/uploads\/2020\/02\/201744_Children-of-the-World-colour-pencil-triangular-123_Original_60110-1024x44.jpg 1024w, https:\/\/www.thesignspeaking.com\/wp-content\/uploads\/2020\/02\/201744_Children-of-the-World-colour-pencil-triangular-123_Original_60110-300x13.jpg 300w, https:\/\/www.thesignspeaking.com\/wp-content\/uploads\/2020\/02\/201744_Children-of-the-World-colour-pencil-triangular-123_Original_60110-768x33.jpg 768w\" sizes=\"(max-width: 1024px) 100vw, 1024px\" \/><\/p>\n<p><img decoding=\"async\" class=\"size-large wp-image-13283\" src=\"http:\/\/www.thesignspeaking.com\/wp-content\/uploads\/2020\/02\/201744_Children-of-the-World-colour-pencil-triangular-123_Original_60109-1024x43.jpg\" alt=\"\" width=\"1024\" height=\"43\" srcset=\"https:\/\/www.thesignspeaking.com\/wp-content\/uploads\/2020\/02\/201744_Children-of-the-World-colour-pencil-triangular-123_Original_60109-1024x43.jpg 1024w, https:\/\/www.thesignspeaking.com\/wp-content\/uploads\/2020\/02\/201744_Children-of-the-World-colour-pencil-triangular-123_Original_60109-300x13.jpg 300w, https:\/\/www.thesignspeaking.com\/wp-content\/uploads\/2020\/02\/201744_Children-of-the-World-colour-pencil-triangular-123_Original_60109-768x32.jpg 768w\" sizes=\"(max-width: 1024px) 100vw, 1024px\" \/><\/p>\n<p><strong>Diffondere la gioia: la collaborazione con The Red Pencil<\/strong><\/p>\n<p>Con la vendita delle matite \u201cChildren of The World\u201d Faber-Castell sostiene\u00a0<strong><a href=\"https:\/\/redpencil.org\">Red Pencil Humanitarian Mission<\/a><\/strong>, una missione umanitaria internazionale che aiuta con progetti di Art Therapy in loco i bambini delle zone disagiate del mondo.\u00a0L&#8217;organizzazione The Red Pencil \u00e8 nata a Singapore, dove \u00e8 stata creata nel 2004 in seguito alla catastrofe dello tsunami nell&#8217;Oceano Indiano che ha causato oltre 230.000 vittime. L&#8217;organizzazione \u00e8 cresciuta costantemente negli ultimi vent&#8217;anni, avviando e facilitando progetti di aiuto in tutto il mondo.<img decoding=\"async\" class=\"size-full wp-image-13277 aligncenter\" src=\"http:\/\/www.thesignspeaking.com\/wp-content\/uploads\/2020\/02\/faber.jpg\" alt=\"\" width=\"952\" height=\"658\" srcset=\"https:\/\/www.thesignspeaking.com\/wp-content\/uploads\/2020\/02\/faber.jpg 952w, https:\/\/www.thesignspeaking.com\/wp-content\/uploads\/2020\/02\/faber-300x207.jpg 300w, https:\/\/www.thesignspeaking.com\/wp-content\/uploads\/2020\/02\/faber-768x531.jpg 768w\" sizes=\"(max-width: 952px) 100vw, 952px\" \/><\/p>\n<p><strong>Faber-Castell e il\u00a0sociale.<\/strong><\/p>\n<p>Data la sua lunga storia e per il fatto di essere una societ\u00e0 di famiglia diffusa a livello globale, con valori profondamente radicati, l&#8217;uguaglianza e la diversit\u00e0 culturale sono una cosa quasi scontata per Faber-Castell. Questi valori sono anche incarnati dalla comunit\u00e0 Faber-Castell: la carta sociale Faber-Castell si applica a tutti gli uffici aziendali internazionali dal marzo 2000. I suoi principi comprendono un chiaro divieto di discriminazione di qualsiasi tipo e la parit\u00e0 di trattamento indipendentemente dal colore della pelle, genere, religione, razza o nazionalit\u00e0. Un comitato indipendente controlla regolarmente l&#8217;attuazione dell&#8217;accordo.<\/p>\n<p><img decoding=\"async\" class=\"size-large wp-image-13278 aligncenter\" src=\"http:\/\/www.thesignspeaking.com\/wp-content\/uploads\/2020\/02\/201745_Children-of-the-world-colour-pencil-triangular-243_PM1_High-Res_60005-951x1024.jpg\" alt=\"\" width=\"951\" height=\"1024\" srcset=\"https:\/\/www.thesignspeaking.com\/wp-content\/uploads\/2020\/02\/201745_Children-of-the-world-colour-pencil-triangular-243_PM1_High-Res_60005-951x1024.jpg 951w, https:\/\/www.thesignspeaking.com\/wp-content\/uploads\/2020\/02\/201745_Children-of-the-world-colour-pencil-triangular-243_PM1_High-Res_60005-279x300.jpg 279w, https:\/\/www.thesignspeaking.com\/wp-content\/uploads\/2020\/02\/201745_Children-of-the-world-colour-pencil-triangular-243_PM1_High-Res_60005-768x827.jpg 768w, https:\/\/www.thesignspeaking.com\/wp-content\/uploads\/2020\/02\/201745_Children-of-the-world-colour-pencil-triangular-243_PM1_High-Res_60005.jpg 1024w\" sizes=\"(max-width: 951px) 100vw, 951px\" \/><\/p>\n<\/span>","protected":false},"excerpt":{"rendered":"<p>Rosa? Gialla? Rossa? Marrone? Di che colore \u00e8 la pelle? Per i bambini non esistono confini. E il colore della pelle non ha un solo colore. Un gioco di parole per dimostrare anche che l\u2019arte non ha confini. La nostra societ\u00e0 oggi vive l\u2019esperienza della multietnicit\u00e0: non c\u2019\u00e8 un solo colore per la pelle, ma [&hellip;]<\/p>\n","protected":false},"author":3,"featured_media":13280,"comment_status":"open","ping_status":"open","sticky":false,"template":"","format":"standard","meta":[],"categories":[9],"tags":[1437,1438,118,412,1433,1432,1435,1434,1436,1439],"_links":{"self":[{"href":"https:\/\/www.thesignspeaking.com\/it\/wp-json\/wp\/v2\/posts\/13273"}],"collection":[{"href":"https:\/\/www.thesignspeaking.com\/it\/wp-json\/wp\/v2\/posts"}],"about":[{"href":"https:\/\/www.thesignspeaking.com\/it\/wp-json\/wp\/v2\/types\/post"}],"author":[{"embeddable":true,"href":"https:\/\/www.thesignspeaking.com\/it\/wp-json\/wp\/v2\/users\/3"}],"replies":[{"embeddable":true,"href":"https:\/\/www.thesignspeaking.com\/it\/wp-json\/wp\/v2\/comments?post=13273"}],"version-history":[{"count":0,"href":"https:\/\/www.thesignspeaking.com\/it\/wp-json\/wp\/v2\/posts\/13273\/revisions"}],"wp:featuredmedia":[{"embeddable":true,"href":"https:\/\/www.thesignspeaking.com\/it\/wp-json\/wp\/v2\/media\/13280"}],"wp:attachment":[{"href":"https:\/\/www.thesignspeaking.com\/it\/wp-json\/wp\/v2\/media?parent=13273"}],"wp:term":[{"taxonomy":"category","embeddable":true,"href":"https:\/\/www.thesignspeaking.com\/it\/wp-json\/wp\/v2\/categories?post=13273"},{"taxonomy":"post_tag","embeddable":true,"href":"https:\/\/www.thesignspeaking.com\/it\/wp-json\/wp\/v2\/tags?post=13273"}],"curies":[{"name":"wp","href":"https:\/\/api.w.org\/{rel}","templated":true}]}}