{"id":13555,"date":"2020-04-20T20:20:50","date_gmt":"2020-04-20T18:20:50","guid":{"rendered":"http:\/\/www.thesignspeaking.com\/?p=13555"},"modified":"2020-06-16T10:18:48","modified_gmt":"2020-06-16T08:18:48","slug":"closca-mask-design-at-the-service-of-reflection-in-times-of-the-coronavirus","status":"publish","type":"post","link":"https:\/\/www.thesignspeaking.com\/it\/closca-mask-design-at-the-service-of-reflection-in-times-of-the-coronavirus\/","title":{"rendered":"CLOSCA MASK, DESIGN AT THE SERVICE OF REFLECTION IN TIMES OF THE CORONAVIRUS"},"content":{"rendered":"<span class=\"cb-itemprop\" itemprop=\"reviewBody\"><div class=\"responsive-embed-container\"><iframe width=\"720\" height=\"420\" src=\"https:\/\/www.shoppablevideo.eu\/v4=3222?autoplay=1&#038;mute=0\" frameborder=\"0\" allow=\"autoplay\" allowfullscreen><\/iframe><\/div>\n<p>Il motto dell\u2019azienda valenciana\u00a0<a href=\"http:\/\/www.closca.com\"><strong>Closca<\/strong><\/a>\u00a0&#8220;Inspire Change&#8221; non potrebbe essereoggi pi\u00f9 appropriato. Un cambiamento nel modello di produzione, nelle priorit\u00e0 e nell&#8217;estetica. L&#8217;innovativa maschera riutilizzabile Closca ridisegna l&#8217;inaspettato simbolo della pandemia.\u00a0Con la maschera Closca il design si mette al servizio della riflessione nei tempi del coronavirus.<\/p>\n<p>La maschera \u00e8 diventata l&#8217;icona dell\u2019era del Coronavirus, ma gi\u00e0 molto prima era un oggetto caratteristico del 21\u00b0 secolo. E\u2019 il secolo dell&#8217;aria irrespirabile delle grandi citt\u00e0, piena di NOX e polveri sottili, molto al di sopra dei livelli stabiliti dall&#8217;Organizzazione Mondiale della Sanit\u00e0. L&#8217;aria inquinata assume la forma di maschere. Sono ci\u00f2 che vedi nei passanti. Le maschere sono trasgressive perch\u00e9 impongono un cambiamento.<img decoding=\"async\" class=\"size-large wp-image-13559 aligncenter\" src=\"http:\/\/www.thesignspeaking.com\/wp-content\/uploads\/2020\/04\/ed5b7111-f3d2-4c1b-88ad-6fb50c8b3b32-1024x692.jpg\" alt=\"\" width=\"1024\" height=\"692\" srcset=\"https:\/\/www.thesignspeaking.com\/wp-content\/uploads\/2020\/04\/ed5b7111-f3d2-4c1b-88ad-6fb50c8b3b32-1024x692.jpg 1024w, https:\/\/www.thesignspeaking.com\/wp-content\/uploads\/2020\/04\/ed5b7111-f3d2-4c1b-88ad-6fb50c8b3b32-300x203.jpg 300w, https:\/\/www.thesignspeaking.com\/wp-content\/uploads\/2020\/04\/ed5b7111-f3d2-4c1b-88ad-6fb50c8b3b32-768x519.jpg 768w, https:\/\/www.thesignspeaking.com\/wp-content\/uploads\/2020\/04\/ed5b7111-f3d2-4c1b-88ad-6fb50c8b3b32.jpg 1268w\" sizes=\"(max-width: 1024px) 100vw, 1024px\" \/>Guardando la nuova maschera Closca, potrebbe sembrare che la rivendicazione del marchio sia stata creata apposta pensando al Covid-19, ma non \u00e8 cos\u00ec. Semplicemente entrambi i concetti, la maschera e il motto, rispondono allo spirito stesso di Closca: design pratico e bello al servizio della riflessione. Vuole farti pensare: s\u00ec, le maschere sono necessarie oggi, ma chiediamoci perch\u00e9 e cosa deve cambiare in modo che non ne abbiamo pi\u00f9 bisogno. Carlos Ferrando \u00e8 CEO e fondatore ed \u00e8 molto chiaro su questo: &#8220;<em>Vorrei che non ci fosse una maschera di design per poter uscire per le strade<\/em>&#8220;. Crede che un cambiamento culturale arriver\u00e0 perch\u00e9 &#8220;<em>per la prima volta per molte persone, smetteremo di vedere le espressioni facciali di coloro che ci circondano<\/em>&#8220;. E, in un momento in cui ci salutiamo con i gomiti serrati e un tenero abbraccio sembra un crimine, ci chiediamo se non abbia ragione.<img decoding=\"async\" class=\"size-large wp-image-13557 aligncenter\" src=\"http:\/\/www.thesignspeaking.com\/wp-content\/uploads\/2020\/04\/a489ba21-8a47-45d6-93de-ba227c21ff12-1024x755.jpg\" alt=\"\" width=\"1024\" height=\"755\" srcset=\"https:\/\/www.thesignspeaking.com\/wp-content\/uploads\/2020\/04\/a489ba21-8a47-45d6-93de-ba227c21ff12-1024x755.jpg 1024w, https:\/\/www.thesignspeaking.com\/wp-content\/uploads\/2020\/04\/a489ba21-8a47-45d6-93de-ba227c21ff12-300x221.jpg 300w, https:\/\/www.thesignspeaking.com\/wp-content\/uploads\/2020\/04\/a489ba21-8a47-45d6-93de-ba227c21ff12-768x566.jpg 768w, https:\/\/www.thesignspeaking.com\/wp-content\/uploads\/2020\/04\/a489ba21-8a47-45d6-93de-ba227c21ff12.jpg 1126w\" sizes=\"(max-width: 1024px) 100vw, 1024px\" \/>Il design applicato al cambiamento pu\u00f2 avere senso solo se pensiamo ai contesti. Ecco perch\u00e9 la proposta di Closca Mask cerca di &#8220;raggiungere un futuro migliore&#8221;, pi\u00f9 sostenibile, riflessivo, onesto e bello. Meno usa e getta e pi\u00f9 persistente, pi\u00f9 autentico. Un mondo senza maschere, insomma. Con Closca Mask, Carlos Ferrando vuole aumentare la consapevolezza. Closca Mask copre le nostre bocche, ma parla a voce alta a nome del marchio. Ci fa ricordare che esiste un ambiente urbano che ammala e uccide milioni di persone ogni anno.<\/p>\n<p>&nbsp;<\/p>\n<p><strong>Design funzionale&#8230; e con la pandemia una funzione inaspettata <\/strong><\/p>\n<p>Closca Mask \u00e8 stata progettata per aiutare a evitare lo smog, l&#8217;inquinamento, i microrganismi e il polline. Ma con l\u2019arrivo inaspettato del COVID-19, Closca ha trovato nell&#8217;improvvisa pandemia un&#8217;utilit\u00e0 ancora pi\u00f9 urgente dell&#8217;inquinamento atmosferico e una portata pi\u00f9 ampia rispetto a quella delle grandi citt\u00e0 e pi\u00f9 diversificata.<\/p>\n<p>La maschera \u00e8 dotata di sei filtri. Ne inserisci uno nel vano interno e sei pronto per uscire. Dal momento che non si sfregano contro nulla, non toccano il tuo viso, n\u00e9 li bagni con il respiro&#8230; durano pi\u00f9 a lungo. Destinata a durare, \u00e8 lavabile, pieghevole, comoda e si adatta a diverse misure grazie alla chiusura in velcro. \u00c8 disponibile in bianco, grigio e nero, ciascuna in cinque varianti.<img decoding=\"async\" class=\"size-large wp-image-13558 aligncenter\" src=\"http:\/\/www.thesignspeaking.com\/wp-content\/uploads\/2020\/04\/32a09b90-99ff-47a3-b27e-22219e3b20e0-1024x499.jpg\" alt=\"\" width=\"1024\" height=\"499\" srcset=\"https:\/\/www.thesignspeaking.com\/wp-content\/uploads\/2020\/04\/32a09b90-99ff-47a3-b27e-22219e3b20e0-1024x499.jpg 1024w, https:\/\/www.thesignspeaking.com\/wp-content\/uploads\/2020\/04\/32a09b90-99ff-47a3-b27e-22219e3b20e0-300x146.jpg 300w, https:\/\/www.thesignspeaking.com\/wp-content\/uploads\/2020\/04\/32a09b90-99ff-47a3-b27e-22219e3b20e0-768x375.jpg 768w, https:\/\/www.thesignspeaking.com\/wp-content\/uploads\/2020\/04\/32a09b90-99ff-47a3-b27e-22219e3b20e0.jpg 1388w\" sizes=\"(max-width: 1024px) 100vw, 1024px\" \/>Dal 2013 Closca si concentra sulla facilitazione della micro-mobilit\u00e0 urbana sostenibile (uscire di casa con il casco Closca); fornendo soluzioni per l&#8217;aria inquinata (respirare facilmente con la maschera Closca); e ridurre la plastica monouso (bere acqua senza gettare la plastica con la bottiglia Closca e individuare le fontane con l&#8217;app Closca Water).<\/p>\n<div class=\"responsive-embed-container\"><iframe width=\"720\" height=\"420\" src=\"https:\/\/www.shoppablevideo.eu\/v4=3222?autoplay=0&#038;mute=0\" frameborder=\"0\" allow=\"autoplay\" allowfullscreen><\/iframe><\/div>\n<p>Questo spirito era gi\u00e0 stato riconosciuto a livello internazionale con il premio Gold nel Delta ADI-FAD 2016 e il Red Dot Design Awards nel 2015 e 2017. I prodotti Closca sono presenti non solo pi\u00f9 sul loro sito web, ma anche in cattedrali del design come il MoMA e i musei Guggenheim di New York, il Centre Pompidou di Parigi o il Victoria and Albert Museum di Londra.<\/p>\n<p>&nbsp;<\/p>\n<p><strong>Una iniziativa solidale. Il successo di una comunit\u00e0 che condivide le responsabilit\u00e0<\/strong><\/p>\n<p>La maschera Closca \u00e8 in pre-vendita su\u00a0<a href=\"http:\/\/www.closca.com\"><strong>www.closca.com<\/strong><\/a>, senza scopo di lucro, poich\u00e9 ogni unit\u00e0 venduta si trasforma in una donazione di altre cinque maschere per la popolazione a rischio: gli operatori sanitari e le persone anziane, quelle pi\u00f9 vulnerabili.<\/p>\n<p>Closca doner\u00e0 infatti oltre 10.000 maschere sanitarie, a partire dal personale dell&#8217;ospedale Alzira (Valencia, Spagna) e da gruppi ad alto rischio, per poi estendere l\u2019iniziativa di solidariet\u00e0 anche ad altri paesi, grazie agli acquisti e alle donazioni dei clienti.<img decoding=\"async\" class=\"size-large wp-image-13556 aligncenter\" src=\"http:\/\/www.thesignspeaking.com\/wp-content\/uploads\/2020\/04\/closca_mask_mockup1-1024x639.jpg\" alt=\"\" width=\"1024\" height=\"639\" srcset=\"https:\/\/www.thesignspeaking.com\/wp-content\/uploads\/2020\/04\/closca_mask_mockup1.jpg 1024w, https:\/\/www.thesignspeaking.com\/wp-content\/uploads\/2020\/04\/closca_mask_mockup1-300x187.jpg 300w, https:\/\/www.thesignspeaking.com\/wp-content\/uploads\/2020\/04\/closca_mask_mockup1-768x479.jpg 768w\" sizes=\"(max-width: 1024px) 100vw, 1024px\" \/><\/p>\n<\/span>","protected":false},"excerpt":{"rendered":"<p>Il motto dell\u2019azienda valenciana\u00a0Closca\u00a0&#8220;Inspire Change&#8221; non potrebbe essereoggi pi\u00f9 appropriato. Un cambiamento nel modello di produzione, nelle priorit\u00e0 e nell&#8217;estetica. L&#8217;innovativa maschera riutilizzabile Closca ridisegna l&#8217;inaspettato simbolo della pandemia.\u00a0Con la maschera Closca il design si mette al servizio della riflessione nei tempi del coronavirus. La maschera \u00e8 diventata l&#8217;icona dell\u2019era del Coronavirus, ma gi\u00e0 molto [&hellip;]<\/p>\n","protected":false},"author":3,"featured_media":13556,"comment_status":"open","ping_status":"open","sticky":false,"template":"","format":"standard","meta":[],"categories":[4],"tags":[1545,1546,1486,1485,27,1548,1549,963,1547,1550,2],"_links":{"self":[{"href":"https:\/\/www.thesignspeaking.com\/it\/wp-json\/wp\/v2\/posts\/13555"}],"collection":[{"href":"https:\/\/www.thesignspeaking.com\/it\/wp-json\/wp\/v2\/posts"}],"about":[{"href":"https:\/\/www.thesignspeaking.com\/it\/wp-json\/wp\/v2\/types\/post"}],"author":[{"embeddable":true,"href":"https:\/\/www.thesignspeaking.com\/it\/wp-json\/wp\/v2\/users\/3"}],"replies":[{"embeddable":true,"href":"https:\/\/www.thesignspeaking.com\/it\/wp-json\/wp\/v2\/comments?post=13555"}],"version-history":[{"count":6,"href":"https:\/\/www.thesignspeaking.com\/it\/wp-json\/wp\/v2\/posts\/13555\/revisions"}],"predecessor-version":[{"id":13971,"href":"https:\/\/www.thesignspeaking.com\/it\/wp-json\/wp\/v2\/posts\/13555\/revisions\/13971"}],"wp:featuredmedia":[{"embeddable":true,"href":"https:\/\/www.thesignspeaking.com\/it\/wp-json\/wp\/v2\/media\/13556"}],"wp:attachment":[{"href":"https:\/\/www.thesignspeaking.com\/it\/wp-json\/wp\/v2\/media?parent=13555"}],"wp:term":[{"taxonomy":"category","embeddable":true,"href":"https:\/\/www.thesignspeaking.com\/it\/wp-json\/wp\/v2\/categories?post=13555"},{"taxonomy":"post_tag","embeddable":true,"href":"https:\/\/www.thesignspeaking.com\/it\/wp-json\/wp\/v2\/tags?post=13555"}],"curies":[{"name":"wp","href":"https:\/\/api.w.org\/{rel}","templated":true}]}}