{"id":13684,"date":"2020-04-28T16:13:52","date_gmt":"2020-04-28T14:13:52","guid":{"rendered":"http:\/\/www.thesignspeaking.com\/?p=13684"},"modified":"2020-04-30T18:32:50","modified_gmt":"2020-04-30T16:32:50","slug":"making-the-fashion-dream","status":"publish","type":"post","link":"https:\/\/www.thesignspeaking.com\/it\/making-the-fashion-dream\/","title":{"rendered":"MAKING THE FASHION DREAM"},"content":{"rendered":"<span class=\"cb-itemprop\" itemprop=\"reviewBody\"><p>Il mondo della moda reagisce al momento critico, generato dalla pandemia di Covid-19, con tipica contrizione cattolica del perdono al disastro arrecato da una globalizzazione sconsiderata, promettendo \u201c<em>non lo faccio pi\u00f9, tutto cambier\u00e0, rallentiamo, pensiamo, atteniamoci ai valori necessari<\/em>&#8230;\u201d.<\/p>\n<p>The True Cost \u00e8 un film del 2015! Mi sembra che i pentimenti eccessivamente tardivi siano veri quanto le lacrime di coccodrillo. E soprattutto non mostrino alcuna visione se non una serie di proponimenti veloci e poco realizzabili.<\/p>\n<p>Siamo legati alla tecnologia, se questa progredir\u00e0, e con questo intendo verso l&#8217;umano, anche noi ci salveremo. Dire che nulla sar\u00e0 pi\u00f9 come prima \u00e8 di una banalit\u00e0 sconcertante, ovvio non ci si bagna mai due volte nello stesso fiume.<\/p>\n<h5>La ricerca detta la strada<\/h5>\n<div id=\"attachment_13688\" style=\"width: 310px\"  class=\"wp-caption aligncenter\"><img decoding=\"async\" class=\"size-full wp-image-13688\" src=\"http:\/\/www.thesignspeaking.com\/wp-content\/uploads\/2020\/04\/sofia.jpg\" alt=\"\" width=\"300\" height=\"450\" srcset=\"https:\/\/www.thesignspeaking.com\/wp-content\/uploads\/2020\/04\/sofia.jpg 300w, https:\/\/www.thesignspeaking.com\/wp-content\/uploads\/2020\/04\/sofia-200x300.jpg 200w\" sizes=\"(max-width: 300px) 100vw, 300px\" \/><p class=\"wp-caption-text\">photo by\u00a0\u00a0<strong><a href=\"http:\/\/www.sofiaf.com\/\">Sofia Fernandez Stenstr\u00f6m<\/a><\/strong><\/p><\/div>\n<p>Come avverr\u00e0 il cambiamento ancora non lo possiamo dire. Negli anni &#8217;60 con l&#8217;eccitazione per lo spazio cosmico dopo l\u2019allunaggio, attendevamo i marziani atterrare in giardino. Non sono mai arrivati. Ma hanno generato un immaginario moda di alto profilo che ha dato il via a stilemi ancora attuali. Non erano i marziani, ma la ricerca a dettare la strada.<\/p>\n<p>Un&#8217;economia che crolla dopo soli due mesi di stop forzato si basa su rapporti fittizi, non sul reale ma su una finanza virtuale.<\/p>\n<p>Viviamo di pregiudizi e di sola immagine. Una denuncia che ci arriva da tempi lontani, dal 1967 dalla Societ\u00e0 dello Spettacolo di Guy Debord e poi ancora dal 1978 con gli scritti di Susan Sontag su immagine e capitalismo. Ci siamo cascati in pieno.<\/p>\n<h5>Il senso della conoscenza: io ho un sogno<\/h5>\n<div id=\"attachment_13685\" style=\"width: 960px\"  class=\"wp-caption alignnone\"><img decoding=\"async\" class=\"size-full wp-image-13685\" src=\"http:\/\/www.thesignspeaking.com\/wp-content\/uploads\/2020\/04\/Farewell-Eden-Christian-Pontus-Andersson.jpg\" alt=\"\" width=\"950\" height=\"632\" srcset=\"https:\/\/www.thesignspeaking.com\/wp-content\/uploads\/2020\/04\/Farewell-Eden-Christian-Pontus-Andersson.jpg 950w, https:\/\/www.thesignspeaking.com\/wp-content\/uploads\/2020\/04\/Farewell-Eden-Christian-Pontus-Andersson-300x200.jpg 300w, https:\/\/www.thesignspeaking.com\/wp-content\/uploads\/2020\/04\/Farewell-Eden-Christian-Pontus-Andersson-768x511.jpg 768w, https:\/\/www.thesignspeaking.com\/wp-content\/uploads\/2020\/04\/Farewell-Eden-Christian-Pontus-Andersson-360x240.jpg 360w\" sizes=\"(max-width: 950px) 100vw, 950px\" \/><p class=\"wp-caption-text\">Farewell Eden by Christian-Pontus Andersson &#8211; <strong><a href=\"http:\/\/www.larsenwarner.com\/\">Larsen Warner<\/a><\/strong> gallery &#8211; Stockholm, Sweden<\/p><\/div>\n<p>Ora dovremo basare le dinamiche sulla conoscenza, sulla coscienza e meno sull&#8217;immagine. Il capitalismo per come lo vivevamo \u00e8 morto. La sua sostituzione \u00e8 tutta da studiare ancora. Sar\u00e0 un percorso lento e doloroso ma necessario, non basta riconvertire, rimaneggiare, risistemare, ma rifondare.<\/p>\n<p>Ci serve progresso, ricerca, cultura poesia e sogno. Quando tutto sembra realizzabile, il sogno scompare e con lui la capacit\u00e0 di avere una visione, di potere immaginare. Gi\u00e0 perch\u00e9 sapere \u00e8 immaginare.<\/p>\n<p>&nbsp;<\/p>\n<p>Alessandro Turci <em>speaking<\/em><\/p>\n<p>&nbsp;<\/p>\n<p><em>Studi in Giurisprudenza all\u2019Universit\u00e0 di Torino e interessi tra Moda e Arte Contemporanea. Fashion Designer e Art Director per marchi internazionali, fonda a Milano nel 2012 Risekult, Associazione Culturale per l\u2019Arte Contemporanea e pubblica l\u2019Art Book Risekult libro d\u2019eccellenza per collezionisti. Curatore di mostre d\u2019arte, collabora con gallerie e musei. Contributing Editor per Flair Magazine, Thesignspeaking e per L\u2019Officiel Homme con rubriche su Arte e Moda. Insegna all\u2019Accademia di Belle Arti di Brera, allo IED Milano e Torino, all\u2019Universit\u00e0 Bicocca in Milano.<\/em><\/p>\n<\/span>","protected":false},"excerpt":{"rendered":"<p>Il mondo della moda reagisce al momento critico, generato dalla pandemia di Covid-19, con tipica contrizione cattolica del perdono al disastro arrecato da una globalizzazione sconsiderata, promettendo \u201cnon lo faccio pi\u00f9, tutto cambier\u00e0, rallentiamo, pensiamo, atteniamoci ai valori necessari&#8230;\u201d. The True Cost \u00e8 un film del 2015! Mi sembra che i pentimenti eccessivamente tardivi siano [&hellip;]<\/p>\n","protected":false},"author":3,"featured_media":13685,"comment_status":"open","ping_status":"open","sticky":false,"template":"","format":"standard","meta":[],"categories":[4],"tags":[1485,1573,1574,33,389],"_links":{"self":[{"href":"https:\/\/www.thesignspeaking.com\/it\/wp-json\/wp\/v2\/posts\/13684"}],"collection":[{"href":"https:\/\/www.thesignspeaking.com\/it\/wp-json\/wp\/v2\/posts"}],"about":[{"href":"https:\/\/www.thesignspeaking.com\/it\/wp-json\/wp\/v2\/types\/post"}],"author":[{"embeddable":true,"href":"https:\/\/www.thesignspeaking.com\/it\/wp-json\/wp\/v2\/users\/3"}],"replies":[{"embeddable":true,"href":"https:\/\/www.thesignspeaking.com\/it\/wp-json\/wp\/v2\/comments?post=13684"}],"version-history":[{"count":0,"href":"https:\/\/www.thesignspeaking.com\/it\/wp-json\/wp\/v2\/posts\/13684\/revisions"}],"wp:featuredmedia":[{"embeddable":true,"href":"https:\/\/www.thesignspeaking.com\/it\/wp-json\/wp\/v2\/media\/13685"}],"wp:attachment":[{"href":"https:\/\/www.thesignspeaking.com\/it\/wp-json\/wp\/v2\/media?parent=13684"}],"wp:term":[{"taxonomy":"category","embeddable":true,"href":"https:\/\/www.thesignspeaking.com\/it\/wp-json\/wp\/v2\/categories?post=13684"},{"taxonomy":"post_tag","embeddable":true,"href":"https:\/\/www.thesignspeaking.com\/it\/wp-json\/wp\/v2\/tags?post=13684"}],"curies":[{"name":"wp","href":"https:\/\/api.w.org\/{rel}","templated":true}]}}