{"id":13858,"date":"2020-05-26T18:18:13","date_gmt":"2020-05-26T16:18:13","guid":{"rendered":"http:\/\/www.thesignspeaking.com\/?p=13858"},"modified":"2020-06-30T14:17:33","modified_gmt":"2020-06-30T12:17:33","slug":"reflections-and-regrets","status":"publish","type":"post","link":"https:\/\/www.thesignspeaking.com\/it\/reflections-and-regrets\/","title":{"rendered":"REFLECTIONS AND REGRETS"},"content":{"rendered":"<span class=\"cb-itemprop\" itemprop=\"reviewBody\"><h5>Alessandro Turci, insegnante all\u2019Accademia di Belle Arti di Brera, allo IED Milano e Torino, all\u2019Universit\u00e0 Bicocca in Milano, ci ha mandato una riflessione sui pentimenti dell\u2019ultima ora nel settore della moda, senza una reale e autentica presa di coscienza del problema.<\/h5>\n<p>&nbsp;<\/p>\n<p>\u201c\u2026<em> La forza \u00e8 in stretto rapporto con la sensazione: \u00e8 sufficiente che una forza si eserciti su un corpo, cio\u00e8 su un punto determinato dell\u2019onda, perch\u00e9 vi sia sensazione<\/em>\u201d ha detto Gilles Deleuze.<\/p>\n<p>Lontani anni luce dal percepire la bench\u00e9 minima forma di sensibilit\u00e0, ci accontentiamo di pentimenti dell\u2019ultima ora anzich\u00e9 di una presa di coscienza reale. Quel punto di forza non c\u2019\u00e8. E nemmeno la pressione che ci dovrebbe mostrare la direzione.<\/p>\n<p>Resta la convenienza, preludio ad una nuova forma di capitalismo pi\u00f9 subdolo del precedente, pi\u00f9 nascosto, invisibile.<\/p>\n<p>Il focus del problema \u00e8 sempre lo stesso, far quadrare etica ed estetica, bilancio e sentimento, senso e ragione economica. \u201c<em>Noi non troviamo il senso della vita, lo costruiamo<\/em>\u201d (Anselm Kiefer).<\/p>\n<p>Siamo artefici del nostro destino, presi tra pi\u00f9 forze, nudi di fronte alle decisioni prese dagli \u201caltri\u201d.<\/p>\n<p>Un senso di vergogna ci pervade, non per i crimini commessi per cui c\u2019\u00e8 sempre una ragione, ma per l\u2019assenza di una rivolta virtuale, e non solo nel senso del web ma intellettuale, che opera sul piano dello spirito provocando sconvolgimenti necessari e totali. Questa ingenuit\u00e0 del primitivo che lascia l\u2019impronta del suo passaggio ci commuove ancora. Ma si allenta la tensione a favore di un rassicurante compiacimento.<\/p>\n<div id=\"attachment_13862\" style=\"width: 1034px\"  class=\"wp-caption aligncenter\"><img decoding=\"async\" class=\"wp-image-13862 size-large\" src=\"http:\/\/www.thesignspeaking.com\/wp-content\/uploads\/2020\/05\/Editor-1024x683.jpg\" alt=\"\" width=\"1024\" height=\"683\" srcset=\"https:\/\/www.thesignspeaking.com\/wp-content\/uploads\/2020\/05\/Editor.jpg 1024w, https:\/\/www.thesignspeaking.com\/wp-content\/uploads\/2020\/05\/Editor-300x200.jpg 300w, https:\/\/www.thesignspeaking.com\/wp-content\/uploads\/2020\/05\/Editor-768x512.jpg 768w, https:\/\/www.thesignspeaking.com\/wp-content\/uploads\/2020\/05\/Editor-360x240.jpg 360w\" sizes=\"(max-width: 1024px) 100vw, 1024px\" \/><p class=\"wp-caption-text\">Adam and Eve photo \u00a9 <strong><a href=\"https:\/\/ahoykaito.wordpress.com\/\">Kaitlyn Hayes<\/a><\/strong><\/p><\/div>\n<p>\u201c<em>La vergogna \u00e8 il sentimento della caduta originale, non del fatto che abbiamo commesso questo o quell\u2019errore, ma semplicemente del fatto che sono \u201ccaduto\u201d nel mondo, in mezzo alle cose, e che ho bisogno della mediazione d\u2019altri per essere ci\u00f2 che sono.(\u2026.) Per questo il simbolo biblico della caduta, dopo il peccato originale, \u00e8 il fatto che Adamo ed Eva \u201ccapiscono di essere nudi<\/em>\u201d disse Jean Paul Sartre.<\/p>\n<p style=\"text-align: right;\">Alessandro Turci <em>speaking<\/em><\/p>\n<p>&nbsp;<\/p>\n<p><iframe width=\"1200\" height=\"675\" src=\"https:\/\/www.youtube.com\/embed\/X062GHDjEw0?feature=oembed\" frameborder=\"0\" allow=\"accelerometer; autoplay; encrypted-media; gyroscope; picture-in-picture\" allowfullscreen><\/iframe><\/p>\n<h5>TROUBLE IN PARADISE (2015)<\/h5>\n<p>A sostegno dell&#8217;iniziativa globale dei cittadini,\u00a0<strong><a href=\"http:\/\/www.endecocide.org\">End Ecocide<\/a><\/strong>\u00a0si occupa di sensibilizzare in merito al danno, alla distruzione e alla perdita di ecosistemi in tutto il mondo e alla disperata necessit\u00e0 di una legge che metta finalmente fine a tutti gli orrendi crimini contro la natura.<\/p>\n<p>La storia, interpretata dalla stilista\u00a0<strong><a href=\"https:\/\/www.viviennewestwood.com\/it\/\">Vivienne Westwood\u00a0<\/a><\/strong>e dal marito Andreas Kronthaler, \u00e8 ambientata nel paradiso di Adamo ed Eva sull&#8217;orlo della completa distruzione.<\/p>\n<p>Citando l&#8217;artista belga Ren\u00e9 Magritte, il cortometraggio attinge al surrealismo emotivo per rappresentare artisticamente questa minaccia che riguarda nella vita reale tutti noi.<\/p>\n<h5><\/h5>\n<h5>ALESSANDRO TURCI<\/h5>\n<p>Studi in Giurisprudenza all\u2019Universit\u00e0 di Torino e interessi tra Moda e Arte Contemporanea. Fashion Designer e Art Director per marchi internazionali, fonda a Milano nel 2012 Risekult, Associazione Culturale per l\u2019Arte Contemporanea e pubblica l\u2019Art Book Risekult libro d\u2019eccellenza per collezionisti. Curatore di mostre d\u2019arte, collabora con gallerie e musei. Contributing Editor perL\u2019Officiel Homme e Thesignspeaking con rubriche su Arte e Moda.<\/p>\n<\/span>","protected":false},"excerpt":{"rendered":"<p>Alessandro Turci, insegnante all\u2019Accademia di Belle Arti di Brera, allo IED Milano e Torino, all\u2019Universit\u00e0 Bicocca in Milano, ci ha mandato una riflessione sui pentimenti dell\u2019ultima ora nel settore della moda, senza una reale e autentica presa di coscienza del problema. &nbsp; \u201c\u2026 La forza \u00e8 in stretto rapporto con la sensazione: \u00e8 sufficiente che [&hellip;]<\/p>\n","protected":false},"author":3,"featured_media":13862,"comment_status":"open","ping_status":"open","sticky":false,"template":"","format":"standard","meta":[],"categories":[4],"tags":[27,1663,1662,1082,1661,33,1196,1420],"_links":{"self":[{"href":"https:\/\/www.thesignspeaking.com\/it\/wp-json\/wp\/v2\/posts\/13858"}],"collection":[{"href":"https:\/\/www.thesignspeaking.com\/it\/wp-json\/wp\/v2\/posts"}],"about":[{"href":"https:\/\/www.thesignspeaking.com\/it\/wp-json\/wp\/v2\/types\/post"}],"author":[{"embeddable":true,"href":"https:\/\/www.thesignspeaking.com\/it\/wp-json\/wp\/v2\/users\/3"}],"replies":[{"embeddable":true,"href":"https:\/\/www.thesignspeaking.com\/it\/wp-json\/wp\/v2\/comments?post=13858"}],"version-history":[{"count":12,"href":"https:\/\/www.thesignspeaking.com\/it\/wp-json\/wp\/v2\/posts\/13858\/revisions"}],"predecessor-version":[{"id":14064,"href":"https:\/\/www.thesignspeaking.com\/it\/wp-json\/wp\/v2\/posts\/13858\/revisions\/14064"}],"wp:featuredmedia":[{"embeddable":true,"href":"https:\/\/www.thesignspeaking.com\/it\/wp-json\/wp\/v2\/media\/13862"}],"wp:attachment":[{"href":"https:\/\/www.thesignspeaking.com\/it\/wp-json\/wp\/v2\/media?parent=13858"}],"wp:term":[{"taxonomy":"category","embeddable":true,"href":"https:\/\/www.thesignspeaking.com\/it\/wp-json\/wp\/v2\/categories?post=13858"},{"taxonomy":"post_tag","embeddable":true,"href":"https:\/\/www.thesignspeaking.com\/it\/wp-json\/wp\/v2\/tags?post=13858"}],"curies":[{"name":"wp","href":"https:\/\/api.w.org\/{rel}","templated":true}]}}