{"id":13972,"date":"2020-06-18T15:47:38","date_gmt":"2020-06-18T13:47:38","guid":{"rendered":"http:\/\/www.thesignspeaking.com\/?p=13972"},"modified":"2020-06-18T15:51:14","modified_gmt":"2020-06-18T13:51:14","slug":"manifesto-art","status":"publish","type":"post","link":"https:\/\/www.thesignspeaking.com\/it\/manifesto-art\/","title":{"rendered":"HERV\u00c9 FISCHER, MANIFESTO FOR A CONTEMPORARY ART"},"content":{"rendered":"<span class=\"cb-itemprop\" itemprop=\"reviewBody\"><h5>HERV\u00c9 FISCHER, MANIFESTO PER UN&#8217;ARTE CONTEMPORANEA<\/h5>\n<p><img decoding=\"async\" class=\"size-full wp-image-13979 aligncenter\" src=\"http:\/\/www.thesignspeaking.com\/wp-content\/uploads\/2020\/06\/hervefischer.art_.jpg\" alt=\"\" width=\"1000\" height=\"666\" srcset=\"https:\/\/www.thesignspeaking.com\/wp-content\/uploads\/2020\/06\/hervefischer.art_.jpg 1000w, https:\/\/www.thesignspeaking.com\/wp-content\/uploads\/2020\/06\/hervefischer.art_-300x200.jpg 300w, https:\/\/www.thesignspeaking.com\/wp-content\/uploads\/2020\/06\/hervefischer.art_-768x511.jpg 768w, https:\/\/www.thesignspeaking.com\/wp-content\/uploads\/2020\/06\/hervefischer.art_-360x240.jpg 360w\" sizes=\"(max-width: 1000px) 100vw, 1000px\" \/><\/p>\n<p>La &#8220;normalit\u00e0&#8221; che ci ha portato ad una catastrofe globale deve essere profondamente riformata.<\/p>\n<p>La creativit\u00e0 individuale del &#8220;tutto \u00e8 arte&#8221; ha avuto le sue virt\u00f9. Ma di fronte all&#8217;attuale crisi globale come artisti dobbiamo assumerci la nostra responsabilit\u00e0 sociale.<\/p>\n<p>Diamo un senso all&#8217;arte.<\/p>\n<p>Diamo un&#8217;arte al senso.<\/p>\n<p>&nbsp;<\/p>\n<p><a href=\"http:\/\/Herv\u00e9 Fischer, Montr\u00e9al, June 2020\"><strong>Herv\u00e9 Fischer<\/strong><\/a>, Montr\u00e9al, giugno 2020<\/p>\n<p><img decoding=\"async\" class=\"size-full wp-image-13978 aligncenter\" src=\"http:\/\/www.thesignspeaking.com\/wp-content\/uploads\/2020\/06\/hervefischer.art-meteo-Wall-Street.jpg\" alt=\"\" width=\"1000\" height=\"666\" srcset=\"https:\/\/www.thesignspeaking.com\/wp-content\/uploads\/2020\/06\/hervefischer.art-meteo-Wall-Street.jpg 1000w, https:\/\/www.thesignspeaking.com\/wp-content\/uploads\/2020\/06\/hervefischer.art-meteo-Wall-Street-300x200.jpg 300w, https:\/\/www.thesignspeaking.com\/wp-content\/uploads\/2020\/06\/hervefischer.art-meteo-Wall-Street-768x511.jpg 768w, https:\/\/www.thesignspeaking.com\/wp-content\/uploads\/2020\/06\/hervefischer.art-meteo-Wall-Street-360x240.jpg 360w\" sizes=\"(max-width: 1000px) 100vw, 1000px\" \/><\/p>\n<p><em>La \u00ab normalit\u00e9 \u00bb qui nous a men\u00e9s \u00e0 une catastrophe plan\u00e9taire doit \u00eatre profond\u00e9ment r\u00e9form\u00e9e. La cr\u00e9ativit\u00e9 individuelle du \u00ab n\u2019importe quoi est art \u00bb a eu ses vertus. Mais face \u00e0 la crise mondiale actuelle notre responsabilit\u00e9 sociale d\u2019artiste est engag\u00e9e. Il fait donner un art au sens. Il faut donner un sens \u00e0 l\u2019art.<\/em><\/p>\n<p>La &#8220;normalidad&#8221; que nos ha llevado a una cat\u00e1strofe planetaria debe ser reformada profundamente. La creatividad individual del &#8220;todo es arte&#8221; ha tenido sus virtudes. Pero frente a la actual crisis mundial, nuestra responsabilidad social como artistas est\u00e1 comprometida. Hay que dar un sentido al arte. Hay que dar un arte al sentido.<\/p>\n<p><em>A &#8220;normalidade&#8221; que nos levou a uma cat\u00e1strofe global deve ser profundamente reformada. A criatividade individual del &#8220;qualquer coisa \u00e9 arte&#8221; tem tido suas virtudes. Mas diante da atual crise mundial, nossa responsabilidade social como artistas est\u00e1 comprometida. Faz a arte dar sentido, al sentido dar um arte.<\/em><\/p>\n<p>Die &#8220;Normalit\u00e4t&#8221;, die uns zu einer globalen Katastrophe gef\u00fchrt hat, muss von Grund aus reformiert werden. Die individuelle Kreativit\u00e4t des &#8220;Alles ist Kunst&#8221; hat ihre Tugenden gehabt. Aber angesichts der gegenw\u00e4rtigen Weltkrise ist unsere soziale Verantwortung als K\u00fcnstler verpflichtet. Sie bringt uns dazu, der Kunst einen Sinn zu geben, dem Sinn eine Kunst zu geben.<\/p>\n<p><img decoding=\"async\" class=\"size-full wp-image-13977 aligncenter\" src=\"http:\/\/www.thesignspeaking.com\/wp-content\/uploads\/2020\/06\/p108677_97.jpg\" alt=\"\" width=\"1000\" height=\"455\" srcset=\"https:\/\/www.thesignspeaking.com\/wp-content\/uploads\/2020\/06\/p108677_97.jpg 1000w, https:\/\/www.thesignspeaking.com\/wp-content\/uploads\/2020\/06\/p108677_97-300x137.jpg 300w, https:\/\/www.thesignspeaking.com\/wp-content\/uploads\/2020\/06\/p108677_97-768x349.jpg 768w\" sizes=\"(max-width: 1000px) 100vw, 1000px\" \/><\/p>\n<h5><img decoding=\"async\" class=\"size-full wp-image-13974 aligncenter\" src=\"http:\/\/www.thesignspeaking.com\/wp-content\/uploads\/2020\/06\/p108677_273.jpg\" alt=\"\" width=\"1000\" height=\"484\" srcset=\"https:\/\/www.thesignspeaking.com\/wp-content\/uploads\/2020\/06\/p108677_273.jpg 1000w, https:\/\/www.thesignspeaking.com\/wp-content\/uploads\/2020\/06\/p108677_273-300x145.jpg 300w, https:\/\/www.thesignspeaking.com\/wp-content\/uploads\/2020\/06\/p108677_273-768x372.jpg 768w\" sizes=\"(max-width: 1000px) 100vw, 1000px\" \/>BIOGRAFIA<\/h5>\n<p><strong><a href=\"https:\/\/hervefischer.art\/\">Herv\u00e9 Fischer<\/a><\/strong>, nato in Francia nel 1941, \u00e8 artista filosofo e sociologo. Si \u00e8 laureato all&#8217;\u00c9cole Normale Sup\u00e9rieure e ha difeso la tesi di Master sulla filosofia politica di Spinoza con Raymond Aron e ha dedicato le sue principali ricerche alla sociologia del colore. Per molti anni ha insegnato la sociologia della comunicazione e della cultura alla Sorbona. Parallelamente, ha sviluppato una carriera come artista multimediale e creatore di &#8220;arte sociologica&#8221; (1971) e ha avviato numerosi progetti di partecipazione pubblica con la radio, la televisione e la stampa in molti paesi europei e latinoamericani prima di trasferirsi in Quebec.<\/p>\n<p>Herve Fischer Art &#8211; 749B Avenue De L&#8217;Epee, Outremont, Montr\u00e9al<\/p>\n<p><img decoding=\"async\" class=\"size-full wp-image-13976 aligncenter\" src=\"http:\/\/www.thesignspeaking.com\/wp-content\/uploads\/2020\/06\/p108677_284.jpg\" alt=\"\" width=\"1000\" height=\"486\" srcset=\"https:\/\/www.thesignspeaking.com\/wp-content\/uploads\/2020\/06\/p108677_284.jpg 1000w, https:\/\/www.thesignspeaking.com\/wp-content\/uploads\/2020\/06\/p108677_284-300x146.jpg 300w, https:\/\/www.thesignspeaking.com\/wp-content\/uploads\/2020\/06\/p108677_284-768x373.jpg 768w\" sizes=\"(max-width: 1000px) 100vw, 1000px\" \/> <img decoding=\"async\" class=\"size-full wp-image-13975 aligncenter\" src=\"http:\/\/www.thesignspeaking.com\/wp-content\/uploads\/2020\/06\/p108677_355.jpg\" alt=\"\" width=\"1000\" height=\"623\" srcset=\"https:\/\/www.thesignspeaking.com\/wp-content\/uploads\/2020\/06\/p108677_355.jpg 1000w, https:\/\/www.thesignspeaking.com\/wp-content\/uploads\/2020\/06\/p108677_355-300x187.jpg 300w, https:\/\/www.thesignspeaking.com\/wp-content\/uploads\/2020\/06\/p108677_355-768x478.jpg 768w\" sizes=\"(max-width: 1000px) 100vw, 1000px\" \/><\/p>\n<p>&nbsp;<\/p>\n<p><img decoding=\"async\" class=\"size-full wp-image-13973 aligncenter\" src=\"http:\/\/www.thesignspeaking.com\/wp-content\/uploads\/2020\/06\/p108677_153.jpg\" alt=\"\" width=\"1000\" height=\"470\" srcset=\"https:\/\/www.thesignspeaking.com\/wp-content\/uploads\/2020\/06\/p108677_153.jpg 1000w, https:\/\/www.thesignspeaking.com\/wp-content\/uploads\/2020\/06\/p108677_153-300x141.jpg 300w, https:\/\/www.thesignspeaking.com\/wp-content\/uploads\/2020\/06\/p108677_153-768x361.jpg 768w\" sizes=\"(max-width: 1000px) 100vw, 1000px\" \/><\/p>\n<\/span>","protected":false},"excerpt":{"rendered":"<p>HERV\u00c9 FISCHER, MANIFESTO PER UN&#8217;ARTE CONTEMPORANEA La &#8220;normalit\u00e0&#8221; che ci ha portato ad una catastrofe globale deve essere profondamente riformata. La creativit\u00e0 individuale del &#8220;tutto \u00e8 arte&#8221; ha avuto le sue virt\u00f9. Ma di fronte all&#8217;attuale crisi globale come artisti dobbiamo assumerci la nostra responsabilit\u00e0 sociale. Diamo un senso all&#8217;arte. Diamo un&#8217;arte al senso. &nbsp; [&hellip;]<\/p>\n","protected":false},"author":3,"featured_media":13978,"comment_status":"open","ping_status":"open","sticky":false,"template":"","format":"standard","meta":[],"categories":[11],"tags":[34,35,193,1714,1711,1385,1713,1712],"_links":{"self":[{"href":"https:\/\/www.thesignspeaking.com\/it\/wp-json\/wp\/v2\/posts\/13972"}],"collection":[{"href":"https:\/\/www.thesignspeaking.com\/it\/wp-json\/wp\/v2\/posts"}],"about":[{"href":"https:\/\/www.thesignspeaking.com\/it\/wp-json\/wp\/v2\/types\/post"}],"author":[{"embeddable":true,"href":"https:\/\/www.thesignspeaking.com\/it\/wp-json\/wp\/v2\/users\/3"}],"replies":[{"embeddable":true,"href":"https:\/\/www.thesignspeaking.com\/it\/wp-json\/wp\/v2\/comments?post=13972"}],"version-history":[{"count":5,"href":"https:\/\/www.thesignspeaking.com\/it\/wp-json\/wp\/v2\/posts\/13972\/revisions"}],"predecessor-version":[{"id":13984,"href":"https:\/\/www.thesignspeaking.com\/it\/wp-json\/wp\/v2\/posts\/13972\/revisions\/13984"}],"wp:featuredmedia":[{"embeddable":true,"href":"https:\/\/www.thesignspeaking.com\/it\/wp-json\/wp\/v2\/media\/13978"}],"wp:attachment":[{"href":"https:\/\/www.thesignspeaking.com\/it\/wp-json\/wp\/v2\/media?parent=13972"}],"wp:term":[{"taxonomy":"category","embeddable":true,"href":"https:\/\/www.thesignspeaking.com\/it\/wp-json\/wp\/v2\/categories?post=13972"},{"taxonomy":"post_tag","embeddable":true,"href":"https:\/\/www.thesignspeaking.com\/it\/wp-json\/wp\/v2\/tags?post=13972"}],"curies":[{"name":"wp","href":"https:\/\/api.w.org\/{rel}","templated":true}]}}