{"id":14021,"date":"2020-06-30T11:11:31","date_gmt":"2020-06-30T09:11:31","guid":{"rendered":"http:\/\/www.thesignspeaking.com\/?p=14021"},"modified":"2020-06-30T14:14:52","modified_gmt":"2020-06-30T12:14:52","slug":"everything-is-to-do-with-covid","status":"publish","type":"post","link":"https:\/\/www.thesignspeaking.com\/it\/everything-is-to-do-with-covid\/","title":{"rendered":"EVERYTHING IS TO DO WITH COVID!"},"content":{"rendered":"<span class=\"cb-itemprop\" itemprop=\"reviewBody\"><h5><strong>TUTTA COLPA DEL COVID!<\/strong><\/h5>\n<p><strong>UN CASTELLO DI CARTE CHIAMATO SISTEMA MODA<\/strong><\/p>\n<p>A seguito dei vari ripensamenti e mea culpa di una moda non pi\u00f9 sostenibile e diremmo anche incomprensibile, date le schizofreniche dinamiche di un mercato pi\u00f9 che saturo di mercanzie varie, si sente l\u2019esigenza di una buona dose di schiettezza finora celata per rispetto al potere dei brand.<\/p>\n<p>Rallentare, ricordare, riqualificare, prodotto, rapporti umani e professionali, senso delle cose.<\/p>\n<div id=\"attachment_14046\" style=\"width: 1034px\"  class=\"wp-caption aligncenter\"><img decoding=\"async\" class=\"size-full wp-image-14046\" src=\"http:\/\/www.thesignspeaking.com\/wp-content\/uploads\/2020\/06\/Collage_Fotor-Jean-Patou.jpg\" alt=\"\" width=\"1024\" height=\"1024\" srcset=\"https:\/\/www.thesignspeaking.com\/wp-content\/uploads\/2020\/06\/Collage_Fotor-Jean-Patou.jpg 1024w, https:\/\/www.thesignspeaking.com\/wp-content\/uploads\/2020\/06\/Collage_Fotor-Jean-Patou-150x150.jpg 150w, https:\/\/www.thesignspeaking.com\/wp-content\/uploads\/2020\/06\/Collage_Fotor-Jean-Patou-300x300.jpg 300w, https:\/\/www.thesignspeaking.com\/wp-content\/uploads\/2020\/06\/Collage_Fotor-Jean-Patou-768x768.jpg 768w, https:\/\/www.thesignspeaking.com\/wp-content\/uploads\/2020\/06\/Collage_Fotor-Jean-Patou-125x125.jpg 125w\" sizes=\"(max-width: 1024px) 100vw, 1024px\" \/><p class=\"wp-caption-text\">Jean Patou vs Jean Patou<\/p><\/div>\n<p>Tutto ci\u00f2 a causa di un virus che nella sua invisibilit\u00e0 di bug biologicamente modificato, per natura o tecnologia sprovveduta, ha da solo causato il crollo del castello di carte chiamato Sistema Moda.<\/p>\n<p>Cos\u2019\u00e8 andato storto? Com\u2019\u00e8 stato possibile un default dopo soli tre mesi di lockdown, sette mesi per la Cina, tra smentite e denunce poi ritrattate? La corsa era troppo veloce, si sapeva da tempo, dopo che nel 2015 il docu-film <em>The True Cost<\/em> ne denunciava i misfatti. E la plastica che inquina fiumi e oceani? Gli anticrittogamici che avvelenano l\u2019ambiente? Gli allevamenti intensivi che ammalano animali e uomo? Il CO2 a livelli intollerabili?<\/p>\n<p>Un mondo malsano che pensa in modo altrettanto nocivo. Non lasciamo andare nulla, non ci piace rinunciare a nulla. Ma il Covid-19 non c\u2019entra.<\/p>\n<div id=\"attachment_14047\" style=\"width: 1034px\"  class=\"wp-caption aligncenter\"><img decoding=\"async\" class=\"size-full wp-image-14047\" src=\"http:\/\/www.thesignspeaking.com\/wp-content\/uploads\/2020\/06\/Collage_Fotor-Thierry-Mugler.jpg\" alt=\"\" width=\"1024\" height=\"1024\" srcset=\"https:\/\/www.thesignspeaking.com\/wp-content\/uploads\/2020\/06\/Collage_Fotor-Thierry-Mugler.jpg 1024w, https:\/\/www.thesignspeaking.com\/wp-content\/uploads\/2020\/06\/Collage_Fotor-Thierry-Mugler-150x150.jpg 150w, https:\/\/www.thesignspeaking.com\/wp-content\/uploads\/2020\/06\/Collage_Fotor-Thierry-Mugler-300x300.jpg 300w, https:\/\/www.thesignspeaking.com\/wp-content\/uploads\/2020\/06\/Collage_Fotor-Thierry-Mugler-768x768.jpg 768w, https:\/\/www.thesignspeaking.com\/wp-content\/uploads\/2020\/06\/Collage_Fotor-Thierry-Mugler-125x125.jpg 125w\" sizes=\"(max-width: 1024px) 100vw, 1024px\" \/><p class=\"wp-caption-text\">Mugler vs\u00a0Thierry Mugler<\/p><\/div>\n<p>Cos\u00ec accade anche per i brand moda accumulatori seriali, fagociti di quel tessuto storico di nomi ormai noti solo a chi ha conservato la facolt\u00e0 della memoria e della conoscenza. La realt\u00e0 \u00e8 che nella confusione che si \u00e8 generata tra i valori da considerare prerogative genetiche del Fashion Sapiens degni di essere tramandati alle future generazioni, non si prende in considerazione il nocciolo del problema, <strong>avere il senso del limite<\/strong>. Rara prerogativa che come scriveva Jean Luc Goddard \u201c<em>\u00e8 il margine che da il senso alla pagina bianca<\/em>\u201d, sembra non riguardare gli investimenti multimilionari dei CEO che contano.<\/p>\n<div id=\"attachment_14036\" style=\"width: 1034px\"  class=\"wp-caption aligncenter\"><img decoding=\"async\" class=\"wp-image-14036 size-full\" src=\"http:\/\/www.thesignspeaking.com\/wp-content\/uploads\/2020\/06\/Collage_Fotor-paco-rabanne.jpg\" alt=\"\" width=\"1024\" height=\"1024\" srcset=\"https:\/\/www.thesignspeaking.com\/wp-content\/uploads\/2020\/06\/Collage_Fotor-paco-rabanne.jpg 1024w, https:\/\/www.thesignspeaking.com\/wp-content\/uploads\/2020\/06\/Collage_Fotor-paco-rabanne-150x150.jpg 150w, https:\/\/www.thesignspeaking.com\/wp-content\/uploads\/2020\/06\/Collage_Fotor-paco-rabanne-300x300.jpg 300w, https:\/\/www.thesignspeaking.com\/wp-content\/uploads\/2020\/06\/Collage_Fotor-paco-rabanne-768x768.jpg 768w, https:\/\/www.thesignspeaking.com\/wp-content\/uploads\/2020\/06\/Collage_Fotor-paco-rabanne-125x125.jpg 125w\" sizes=\"(max-width: 1024px) 100vw, 1024px\" \/><p class=\"wp-caption-text\">Paco Rabanne vs\u00a0Paco Rabanne<\/p><\/div>\n<p>Ma l\u2019avvedutezza non \u00e8 affare degli uomini dei numeri, quelli che venderebbero comunque pur di non sacrificare un euro di fatturato, pronti a smentirsi in un piagnisteo medioevale (citazione gucciana recente). Quello che sorprende chi, come me, ha conservato un po\u2019 di senno e di onest\u00e0 intellettuale, \u00e8 la prevedibile ignoranza della Storia della Moda, le scelte ambigue e repentine, l\u2019avvicendarsi alle direzioni creative.<\/p>\n<p>La verit\u00e0 \u00e8 <em>tranchant<\/em>: i geni della Moda non sono interpretabili. Come si pu\u00f2 pensare ad una prosecuzione senza il fondatore della Maison, come pu\u00f2 esserci la stessa visione quando la vita creativa si riduce per tutti ad una manciata di anni d\u2019oro, irripetibili, unici?<\/p>\n<div id=\"attachment_14039\" style=\"width: 1034px\"  class=\"wp-caption aligncenter\"><img decoding=\"async\" class=\"wp-image-14039 size-full\" src=\"http:\/\/www.thesignspeaking.com\/wp-content\/uploads\/2020\/06\/Collage_Fotor-balengiaga.jpg\" alt=\"\" width=\"1024\" height=\"1024\" srcset=\"https:\/\/www.thesignspeaking.com\/wp-content\/uploads\/2020\/06\/Collage_Fotor-balengiaga.jpg 1024w, https:\/\/www.thesignspeaking.com\/wp-content\/uploads\/2020\/06\/Collage_Fotor-balengiaga-150x150.jpg 150w, https:\/\/www.thesignspeaking.com\/wp-content\/uploads\/2020\/06\/Collage_Fotor-balengiaga-300x300.jpg 300w, https:\/\/www.thesignspeaking.com\/wp-content\/uploads\/2020\/06\/Collage_Fotor-balengiaga-768x768.jpg 768w, https:\/\/www.thesignspeaking.com\/wp-content\/uploads\/2020\/06\/Collage_Fotor-balengiaga-125x125.jpg 125w\" sizes=\"(max-width: 1024px) 100vw, 1024px\" \/><p class=\"wp-caption-text\">Balenciaga vs Crist\u00f3bal Balenciaga<\/p><\/div>\n<p>Soltanto chi non comprende quel raro e fugace momento di genio potrebbe scambiare la magia con il fatturato. Talenti nuovi adoperati per resuscitare cadaveri. S\u00ec questo sono diventati i grandi nomi della Moda, oggetti vuoti da riempire pi\u00f9 volte a favore di un indotto ancora produttivo.<\/p>\n<p>E allora si apre la danza grottesca di stilisti star e dei loro agenti, non per amore della Moda ma per il guadagno incondizionato. Le abbiamo viste tutte.<\/p>\n<div id=\"attachment_14031\" style=\"width: 1034px\"  class=\"wp-caption aligncenter\"><img decoding=\"async\" class=\"wp-image-14031 size-full\" src=\"http:\/\/www.thesignspeaking.com\/wp-content\/uploads\/2020\/06\/Collage_Fotor-dior.jpg\" alt=\"\" width=\"1024\" height=\"1024\" srcset=\"https:\/\/www.thesignspeaking.com\/wp-content\/uploads\/2020\/06\/Collage_Fotor-dior.jpg 1024w, https:\/\/www.thesignspeaking.com\/wp-content\/uploads\/2020\/06\/Collage_Fotor-dior-150x150.jpg 150w, https:\/\/www.thesignspeaking.com\/wp-content\/uploads\/2020\/06\/Collage_Fotor-dior-300x300.jpg 300w, https:\/\/www.thesignspeaking.com\/wp-content\/uploads\/2020\/06\/Collage_Fotor-dior-768x768.jpg 768w, https:\/\/www.thesignspeaking.com\/wp-content\/uploads\/2020\/06\/Collage_Fotor-dior-125x125.jpg 125w\" sizes=\"(max-width: 1024px) 100vw, 1024px\" \/><p class=\"wp-caption-text\">Dior vs Christian Dior<\/p><\/div>\n<p>Dai talenti come Galliano da Christian Dior, forse il solo perfettamente in sintonia col brand, di Antonio Marras da Kenzo, quasi una propaggine del sentimento romantico del maestro nipponico, alle inutili acrobazie di Krizia o di Balmain, Balenciaga, Lanvin, Versace, Ferr\u00e8, Romeo Gigli, Mila Schon, Lancetti, Celine o ancor peggio\u00a0Azzedine Ala\u00efa, Capucci, Jean Patou, Courr\u00e8ges, Paco Rabanne, Halston, Schiaparelli\u2026<\/p>\n<div id=\"attachment_14035\" style=\"width: 1034px\"  class=\"wp-caption aligncenter\"><img decoding=\"async\" class=\"wp-image-14035 size-full\" src=\"http:\/\/www.thesignspeaking.com\/wp-content\/uploads\/2020\/06\/Collage_Fotor-krizia.jpg\" alt=\"\" width=\"1024\" height=\"1024\" srcset=\"https:\/\/www.thesignspeaking.com\/wp-content\/uploads\/2020\/06\/Collage_Fotor-krizia.jpg 1024w, https:\/\/www.thesignspeaking.com\/wp-content\/uploads\/2020\/06\/Collage_Fotor-krizia-150x150.jpg 150w, https:\/\/www.thesignspeaking.com\/wp-content\/uploads\/2020\/06\/Collage_Fotor-krizia-300x300.jpg 300w, https:\/\/www.thesignspeaking.com\/wp-content\/uploads\/2020\/06\/Collage_Fotor-krizia-768x768.jpg 768w, https:\/\/www.thesignspeaking.com\/wp-content\/uploads\/2020\/06\/Collage_Fotor-krizia-125x125.jpg 125w\" sizes=\"(max-width: 1024px) 100vw, 1024px\" \/><p class=\"wp-caption-text\">Krizia vs Krizia<\/p><\/div>\n<p>La lista \u00e8 assai lunga. E dunque ci si chiede che senso ha creare un nuovo racconto se la testa non \u00e8 pi\u00f9 quella?<\/p>\n<p>Perch\u00e9 accostarsi a quel genio di Halston, ai suoi abiti di sole cuciture ripiegati come origami e ridurlo ad un drappeggio, ad uno sbieco indossato da Liza Minnelli.<\/p>\n<div id=\"attachment_14032\" style=\"width: 1034px\"  class=\"wp-caption aligncenter\"><img decoding=\"async\" class=\"wp-image-14032 size-full\" src=\"http:\/\/www.thesignspeaking.com\/wp-content\/uploads\/2020\/06\/Collage_Fotor-halston-2.jpg\" alt=\"\" width=\"1024\" height=\"1024\" srcset=\"https:\/\/www.thesignspeaking.com\/wp-content\/uploads\/2020\/06\/Collage_Fotor-halston-2.jpg 1024w, https:\/\/www.thesignspeaking.com\/wp-content\/uploads\/2020\/06\/Collage_Fotor-halston-2-150x150.jpg 150w, https:\/\/www.thesignspeaking.com\/wp-content\/uploads\/2020\/06\/Collage_Fotor-halston-2-300x300.jpg 300w, https:\/\/www.thesignspeaking.com\/wp-content\/uploads\/2020\/06\/Collage_Fotor-halston-2-768x768.jpg 768w, https:\/\/www.thesignspeaking.com\/wp-content\/uploads\/2020\/06\/Collage_Fotor-halston-2-125x125.jpg 125w\" sizes=\"(max-width: 1024px) 100vw, 1024px\" \/><p class=\"wp-caption-text\">Halston<\/p><\/div>\n<p>O le silhouette di Thierry Mugler ma cos\u00ec pure la famosa aragosta di Schiaparelli, tristemente stampata su un abito: tutto perde di senso e il crostaceo non trova una tavola adeguata su cui dare sfoggio della sua prelibatezza, ma un contesto povero di gente troppo affamata.<\/p>\n<div id=\"attachment_14037\" style=\"width: 1034px\"  class=\"wp-caption aligncenter\"><img decoding=\"async\" class=\"wp-image-14037 size-full\" src=\"http:\/\/www.thesignspeaking.com\/wp-content\/uploads\/2020\/06\/Collage_Fotor-schiaparelli.jpg\" alt=\"\" width=\"1024\" height=\"1024\" srcset=\"https:\/\/www.thesignspeaking.com\/wp-content\/uploads\/2020\/06\/Collage_Fotor-schiaparelli.jpg 1024w, https:\/\/www.thesignspeaking.com\/wp-content\/uploads\/2020\/06\/Collage_Fotor-schiaparelli-150x150.jpg 150w, https:\/\/www.thesignspeaking.com\/wp-content\/uploads\/2020\/06\/Collage_Fotor-schiaparelli-300x300.jpg 300w, https:\/\/www.thesignspeaking.com\/wp-content\/uploads\/2020\/06\/Collage_Fotor-schiaparelli-768x768.jpg 768w, https:\/\/www.thesignspeaking.com\/wp-content\/uploads\/2020\/06\/Collage_Fotor-schiaparelli-125x125.jpg 125w\" sizes=\"(max-width: 1024px) 100vw, 1024px\" \/><p class=\"wp-caption-text\">Schiapparelli vs Elsa Schiapparelli<\/p><\/div>\n<p>Ci si rende conto che Emilio Pucci era solo una stampa e che Roberto Cavalli non era solo una stampa. Che ridefinire i canoni di una genialit\u00e0 non ha alcun senso, nemmeno nella sua riattualizzazione.<\/p>\n<div id=\"attachment_14049\" style=\"width: 1034px\"  class=\"wp-caption aligncenter\"><img decoding=\"async\" class=\"wp-image-14049 size-large\" src=\"http:\/\/www.thesignspeaking.com\/wp-content\/uploads\/2020\/06\/pucci-60-1024x700.jpg\" alt=\"\" width=\"1024\" height=\"700\" srcset=\"https:\/\/www.thesignspeaking.com\/wp-content\/uploads\/2020\/06\/pucci-60.jpg 1024w, https:\/\/www.thesignspeaking.com\/wp-content\/uploads\/2020\/06\/pucci-60-300x205.jpg 300w, https:\/\/www.thesignspeaking.com\/wp-content\/uploads\/2020\/06\/pucci-60-768x525.jpg 768w\" sizes=\"(max-width: 1024px) 100vw, 1024px\" \/><p class=\"wp-caption-text\">Emilio Pucci<\/p><\/div>\n<div id=\"attachment_14050\" style=\"width: 693px\"  class=\"wp-caption aligncenter\"><img decoding=\"async\" class=\"size-large wp-image-14050\" src=\"http:\/\/www.thesignspeaking.com\/wp-content\/uploads\/2020\/06\/pucci-683x1024.jpg\" alt=\"\" width=\"683\" height=\"1024\" srcset=\"https:\/\/www.thesignspeaking.com\/wp-content\/uploads\/2020\/06\/pucci-683x1024.jpg 683w, https:\/\/www.thesignspeaking.com\/wp-content\/uploads\/2020\/06\/pucci-200x300.jpg 200w, https:\/\/www.thesignspeaking.com\/wp-content\/uploads\/2020\/06\/pucci-768x1151.jpg 768w, https:\/\/www.thesignspeaking.com\/wp-content\/uploads\/2020\/06\/pucci.jpg 1024w\" sizes=\"(max-width: 683px) 100vw, 683px\" \/><p class=\"wp-caption-text\">Emilio Pucci<\/p><\/div>\n<p>Ci serve il coraggio di <a href=\"https:\/\/flash---art.it\/2018\/10\/gino-de-dominicis-il-voyeur-dellarte\/\"><strong>Gino De Dominicis<\/strong><\/a> che non ammetteva la documentazione delle sue opere, poich\u00e9 oggetto creativo del documentarista. La tecnologia e il progresso ci hanno portato &#8211; oltre che il razzismo e il concetto di indifferenziato &#8211; anche la sua conseguenza, il \u201ctutto \u00e8 possibile\u201d.<\/p>\n<p>Aperta la via allo spettacolarismo puro e semplice, ogni cosa diventa degna di menzione, apparire fondamentale. L\u2019abito precedentemente costruito evapora in tanti rivoli di \u201cunicit\u00e0 qualunque\u201d e gli illuminati influencer, inventati per sbarcare il lunario, sono privi di qualsiasi competenza sartoriale, figuriamoci poi di quella certa sensibilit\u00e0 sulle significanti sfumature delle palette.<\/p>\n<div id=\"attachment_14028\" style=\"width: 1034px\"  class=\"wp-caption alignnone\"><img decoding=\"async\" class=\"wp-image-14028 size-full\" src=\"http:\/\/www.thesignspeaking.com\/wp-content\/uploads\/2020\/06\/Collage_Fotor-alaia.jpg\" alt=\"\" width=\"1024\" height=\"1024\" srcset=\"https:\/\/www.thesignspeaking.com\/wp-content\/uploads\/2020\/06\/Collage_Fotor-alaia.jpg 1024w, https:\/\/www.thesignspeaking.com\/wp-content\/uploads\/2020\/06\/Collage_Fotor-alaia-150x150.jpg 150w, https:\/\/www.thesignspeaking.com\/wp-content\/uploads\/2020\/06\/Collage_Fotor-alaia-300x300.jpg 300w, https:\/\/www.thesignspeaking.com\/wp-content\/uploads\/2020\/06\/Collage_Fotor-alaia-768x768.jpg 768w, https:\/\/www.thesignspeaking.com\/wp-content\/uploads\/2020\/06\/Collage_Fotor-alaia-125x125.jpg 125w\" sizes=\"(max-width: 1024px) 100vw, 1024px\" \/><p class=\"wp-caption-text\">Azzedine Ala\u00efa vs\u00a0Azzedine Ala\u00efa<\/p><\/div>\n<p>L\u2019abito non esiste pi\u00f9, il processo creativo nemmeno. Cos\u00ec si perdono i nomi nuovi, le menti fresche,\u00a0 lasciandole arroventare in produzioni perverse prive di appeal e spesso persino di mercato. E, con queste, quel senso imprenditoriale che nasce dalla passione e dalla lungimiranza, nonch\u00e9 dalla conoscenza della Storia. Chi vede tra i giovani creatori solamente un modo per ovviare alla pochezza della propria visione dovrebbe fare abbigliamento, non Moda.<\/p>\n<p>Lanciare un nuovo nome, una nuova visione, non \u00e8 solo un investimento ma una <em>conditio sine qua non, <\/em>perch\u00e9 la Moda rinasca e ritorni ad esprimere un chiaro concetto di futuro, ricollocandosi in quella sfera da cui i bravi manager e una stampa compiacente l\u2019hanno sottratta.<\/p>\n<p>Alessandro Turci <em>speaking<\/em><\/p>\n<p>&nbsp;<\/p>\n<p><em>Studi in Giurisprudenza all\u2019Universit\u00e0 di Torino e interessi tra Moda e Arte Contemporanea. Fashion Designer e Art Director per marchi internazionali, Alessandro Turci fonda a Milano nel 2012 Risekult, Associazione Culturale per l\u2019Arte Contemporanea e pubblica l\u2019Art Book Risekult libro d\u2019eccellenza per collezionisti. Curatore di mostre d\u2019arte, collabora con gallerie e musei. Contributing Editor per L\u2019Officiel Homme e Thesignspeaking con rubriche su Arte e Moda.<\/em><\/p>\n<\/span>","protected":false},"excerpt":{"rendered":"<p>TUTTA COLPA DEL COVID! UN CASTELLO DI CARTE CHIAMATO SISTEMA MODA A seguito dei vari ripensamenti e mea culpa di una moda non pi\u00f9 sostenibile e diremmo anche incomprensibile, date le schizofreniche dinamiche di un mercato pi\u00f9 che saturo di mercanzie varie, si sente l\u2019esigenza di una buona dose di schiettezza finora celata per rispetto [&hellip;]<\/p>\n","protected":false},"author":3,"featured_media":14032,"comment_status":"open","ping_status":"open","sticky":false,"template":"","format":"standard","meta":[],"categories":[1,4],"tags":[1729,227,1730,33,1731,293],"_links":{"self":[{"href":"https:\/\/www.thesignspeaking.com\/it\/wp-json\/wp\/v2\/posts\/14021"}],"collection":[{"href":"https:\/\/www.thesignspeaking.com\/it\/wp-json\/wp\/v2\/posts"}],"about":[{"href":"https:\/\/www.thesignspeaking.com\/it\/wp-json\/wp\/v2\/types\/post"}],"author":[{"embeddable":true,"href":"https:\/\/www.thesignspeaking.com\/it\/wp-json\/wp\/v2\/users\/3"}],"replies":[{"embeddable":true,"href":"https:\/\/www.thesignspeaking.com\/it\/wp-json\/wp\/v2\/comments?post=14021"}],"version-history":[{"count":25,"href":"https:\/\/www.thesignspeaking.com\/it\/wp-json\/wp\/v2\/posts\/14021\/revisions"}],"predecessor-version":[{"id":14062,"href":"https:\/\/www.thesignspeaking.com\/it\/wp-json\/wp\/v2\/posts\/14021\/revisions\/14062"}],"wp:featuredmedia":[{"embeddable":true,"href":"https:\/\/www.thesignspeaking.com\/it\/wp-json\/wp\/v2\/media\/14032"}],"wp:attachment":[{"href":"https:\/\/www.thesignspeaking.com\/it\/wp-json\/wp\/v2\/media?parent=14021"}],"wp:term":[{"taxonomy":"category","embeddable":true,"href":"https:\/\/www.thesignspeaking.com\/it\/wp-json\/wp\/v2\/categories?post=14021"},{"taxonomy":"post_tag","embeddable":true,"href":"https:\/\/www.thesignspeaking.com\/it\/wp-json\/wp\/v2\/tags?post=14021"}],"curies":[{"name":"wp","href":"https:\/\/api.w.org\/{rel}","templated":true}]}}