{"id":14110,"date":"2020-07-02T17:05:23","date_gmt":"2020-07-02T15:05:23","guid":{"rendered":"http:\/\/www.thesignspeaking.com\/?p=14110"},"modified":"2020-07-07T13:35:23","modified_gmt":"2020-07-07T11:35:23","slug":"eco-mask-by-guzzini-protect-ourself-protect-the-environment","status":"publish","type":"post","link":"https:\/\/www.thesignspeaking.com\/it\/eco-mask-by-guzzini-protect-ourself-protect-the-environment\/","title":{"rendered":"ECO MASK BY GUZZINI: PROTECT OURSELF, PROTECT THE ENVIRONMENT"},"content":{"rendered":"<span class=\"cb-itemprop\" itemprop=\"reviewBody\"><p>\u201c<em>Si parla di circa novanta milioni di mascherine giornaliere da smaltire solo in Italia. Sono cifre enormi\u2026 Insostenibili\u2026\u201d <\/em>commenta preoccupato Domenico Guzzini, presidente dell\u2019omonima azienda marchigiana. \u201c<em>Non credo che sia stata una scelta, ma semplicemente una cosa che un\u2019azienda come la nostra, con le competenze e il know how che ha alle spalle, doveva fare. Pensare, progettare e realizzare dispositivi di protezione individuale sicuri, ecosostenibili, comodi e con un\u2019estetica accattivante era, per noi, un dovere verso i nostri clienti e verso il pianeta<\/em>\u201d.<br \/>\n<img decoding=\"async\" class=\"size-large wp-image-14117 aligncenter\" src=\"http:\/\/www.thesignspeaking.com\/wp-content\/uploads\/2020\/07\/ambientata-007-634x1024.jpg\" alt=\"\" width=\"634\" height=\"1024\" srcset=\"https:\/\/www.thesignspeaking.com\/wp-content\/uploads\/2020\/07\/ambientata-007-634x1024.jpg 634w, https:\/\/www.thesignspeaking.com\/wp-content\/uploads\/2020\/07\/ambientata-007-186x300.jpg 186w, https:\/\/www.thesignspeaking.com\/wp-content\/uploads\/2020\/07\/ambientata-007-768x1240.jpg 768w, https:\/\/www.thesignspeaking.com\/wp-content\/uploads\/2020\/07\/ambientata-007.jpg 1024w\" sizes=\"(max-width: 634px) 100vw, 634px\" \/><\/p>\n<p>A sostegno della necessit\u00e0 di realizzare mascherine riutilizzabili si aggiunge anche la voce di Stefano Ciafani\u00a0presidente di\u00a0<a href=\"https:\/\/www.legambiente.it\/\"><strong>Legambiente<\/strong><\/a>: \u201c<em>Noi stimiamo che con il paese in piena attivit\u00e0 potranno servire diverse decine di milioni di mascherine usa e getta al giorno con costi rilevanti per i cittadini e per l&#8217;ambiente.\u00a0\u00c8 per questo che sar\u00e0 importante promuovere, laddove possibile, l&#8217;uso di mascherine riutilizzabili certificate. In questo modo si eviter\u00e0 l&#8217;abuso di prodotti usa e getta, limitando anche il fenomeno del littering, <\/em><em>l\u2019abbandono dei dispositivi <\/em><em>di protezione individuale, che si \u00e8 affiancato a quello dei rifiuti pi\u00f9 in generale e che \u00e8 diventato una piaga nazionale che stiamo monitorando con i nostri mille circoli locali. Va in questa direzione questa lodevole iniziativa di Guzzini, un&#8217;importante azienda italiana da sempre attenta all&#8217;innovazione<\/em>\u201d.<\/p>\n<p>\u201c<em>Abbiamo realizzato ECO MASK, la mascherina facciale protettiva, riutilizzabile ed ecosostenibile. Prodotta in Italia utilizzando innovativi materiali plastici antibatterici. Inoltre, ci siamo resi disponibili a sostenere Legambiente, destinando una parte dei proventi, per far fronte all\u2019emergenza ambientale che l\u2019utilizzo di tutte queste mascherine monouso, senza dubbio, causeranno<\/em>\u201d dice Domenico Guzzini.<img decoding=\"async\" class=\"size-full wp-image-14116 aligncenter\" src=\"http:\/\/www.thesignspeaking.com\/wp-content\/uploads\/2020\/07\/ambientata-003.jpg\" alt=\"\" width=\"1024\" height=\"1024\" srcset=\"https:\/\/www.thesignspeaking.com\/wp-content\/uploads\/2020\/07\/ambientata-003.jpg 1024w, https:\/\/www.thesignspeaking.com\/wp-content\/uploads\/2020\/07\/ambientata-003-150x150.jpg 150w, https:\/\/www.thesignspeaking.com\/wp-content\/uploads\/2020\/07\/ambientata-003-300x300.jpg 300w, https:\/\/www.thesignspeaking.com\/wp-content\/uploads\/2020\/07\/ambientata-003-768x768.jpg 768w, https:\/\/www.thesignspeaking.com\/wp-content\/uploads\/2020\/07\/ambientata-003-125x125.jpg 125w\" sizes=\"(max-width: 1024px) 100vw, 1024px\" \/><a href=\"https:\/\/www.fratelliguzzini.com\/eu\/new-in.html\"><strong>Protective Face Eco Mask<\/strong><\/a>, disegnata da\u00a0<a href=\"https:\/\/www.spalvieridelciotto.com\/\"><strong>Spalvieri&#038;Del Ciotto<\/strong><\/a>, due designer che da un paio d\u2019anni sono entrati a far parte del prestigioso parterre dei creativi di <strong><a href=\"https:\/\/www.fratelliguzzini.com\/eu\/\">Guzzini<\/a><\/strong>, appartiene alla collezione On The Go, nella sezione Protection, un nuovo item nato proprio per offrire ai clienti strumenti idonei a facilitare le attivit\u00e0 quotidiane.<\/p>\n<p>Eco Mask \u00e8 leggerissima, pesa solo 45 grammi e grazie alla morbida guarnizione anatomica, aderisce al volto e si adatta perfettamente a tutte le fisionomie restituendo un comfort che la rende indossabile anche per ore senza procurare fastidi: pruriti, arrossamenti, segni sulla pelle\u2026<img decoding=\"async\" class=\"size-full wp-image-14115 aligncenter\" src=\"http:\/\/www.thesignspeaking.com\/wp-content\/uploads\/2020\/07\/ambientata-002-TESTA.jpg\" alt=\"\" width=\"1024\" height=\"1024\" srcset=\"https:\/\/www.thesignspeaking.com\/wp-content\/uploads\/2020\/07\/ambientata-002-TESTA.jpg 1024w, https:\/\/www.thesignspeaking.com\/wp-content\/uploads\/2020\/07\/ambientata-002-TESTA-150x150.jpg 150w, https:\/\/www.thesignspeaking.com\/wp-content\/uploads\/2020\/07\/ambientata-002-TESTA-300x300.jpg 300w, https:\/\/www.thesignspeaking.com\/wp-content\/uploads\/2020\/07\/ambientata-002-TESTA-768x768.jpg 768w, https:\/\/www.thesignspeaking.com\/wp-content\/uploads\/2020\/07\/ambientata-002-TESTA-125x125.jpg 125w\" sizes=\"(max-width: 1024px) 100vw, 1024px\" \/>La mascherina, grazie alla particolare forma, \u00e8 portabile anche con gli occhiali e minimizza l\u2019appannamento delle lenti. L\u2019ampia camera interna, il corretto dimensionamento del sistema filtrante e l\u2019ottima vestibilit\u00e0 data dalla doppia configurazione, dietro la testa o dietro le orecchie, dei cinturini elastici facilmente regolabili permettono di respirare bene togliendo quel fastidioso senso di soffocamento che molti dispositivi procurano.<img decoding=\"async\" class=\"size-full wp-image-14113 aligncenter\" src=\"http:\/\/www.thesignspeaking.com\/wp-content\/uploads\/2020\/07\/Collage_Fotor-guzzini.jpg\" alt=\"\" width=\"1024\" height=\"1024\" srcset=\"https:\/\/www.thesignspeaking.com\/wp-content\/uploads\/2020\/07\/Collage_Fotor-guzzini.jpg 1024w, https:\/\/www.thesignspeaking.com\/wp-content\/uploads\/2020\/07\/Collage_Fotor-guzzini-150x150.jpg 150w, https:\/\/www.thesignspeaking.com\/wp-content\/uploads\/2020\/07\/Collage_Fotor-guzzini-300x300.jpg 300w, https:\/\/www.thesignspeaking.com\/wp-content\/uploads\/2020\/07\/Collage_Fotor-guzzini-768x768.jpg 768w, https:\/\/www.thesignspeaking.com\/wp-content\/uploads\/2020\/07\/Collage_Fotor-guzzini-125x125.jpg 125w\" sizes=\"(max-width: 1024px) 100vw, 1024px\" \/>Ma se \u00e8 vero che il comfort \u00e8 una caratteristica fondamentale per questo accessorio \u00e8 ancor pi\u00f9 vero che la sicurezza e l\u2019affidabilit\u00e0 fanno di Eco Mask un alleato davvero insostituibile.<\/p>\n<p>La mascherina Eco Mask ha ottenuto la marcatura CE come dispositivo medico Classe I Tipo I (non sterile) conforme ai seguenti regolamenti\/norme EN 14683 &#8211; ISO 10993 \u2013 Regolamento\u00a0 (UE) n.745\/2017.<\/p>\n<p>Dotata di un efficace filtro, della durata di 1 giorno, in tessuto multistrato, con capacit\u00e0 filtrante >=95%, la mascherina firmata Guzzini assicura un elevato isolamento dall\u2019ambiente circostante grazie alla perfetta aderenza al viso della guarnizione in morbida gomma anallergica.<img decoding=\"async\" class=\"size-full wp-image-14114 aligncenter\" src=\"http:\/\/www.thesignspeaking.com\/wp-content\/uploads\/2020\/07\/finitura-ASSO-NERO.jpg\" alt=\"\" width=\"1024\" height=\"1024\" srcset=\"https:\/\/www.thesignspeaking.com\/wp-content\/uploads\/2020\/07\/finitura-ASSO-NERO.jpg 1024w, https:\/\/www.thesignspeaking.com\/wp-content\/uploads\/2020\/07\/finitura-ASSO-NERO-150x150.jpg 150w, https:\/\/www.thesignspeaking.com\/wp-content\/uploads\/2020\/07\/finitura-ASSO-NERO-300x300.jpg 300w, https:\/\/www.thesignspeaking.com\/wp-content\/uploads\/2020\/07\/finitura-ASSO-NERO-768x768.jpg 768w, https:\/\/www.thesignspeaking.com\/wp-content\/uploads\/2020\/07\/finitura-ASSO-NERO-125x125.jpg 125w\" sizes=\"(max-width: 1024px) 100vw, 1024px\" \/>Inoltre, l\u2019intera mascherina e i lacci sono realizzati in un innovativo materiale plastico in grado di riducendo la proliferazione batteri riducendo al minimo il pericolo di contaminazione.<\/p>\n<p>Realizzata in un ambiente opportunamente igienizzato, in assenza di germi e fonti di contaminazione con standard di qualit\u00e0 massimi, Eco Mask \u00e8 realizzata in materiali accuratamente selezionati e testati: la guarnizione a contatto con il viso e i cinturini sono realizzati in una particolare gomma termoplastica medicale, biocompatibile\u00a0 e priva di lattice.<\/p>\n<p>Eco Mask \u00e8 riutilizzabile all\u2019infinito grazie all\u2019utilizzo di materiali plastici durevoli, di elevata qualit\u00e0 e facilmente sterilizzabili e alla possibilit\u00e0 di rimuovere e sostituire facilmente il filtro.<\/p>\n<p>L\u2019intera mascherina pu\u00f2 essere facilmente igienizzata in quattro diversi modi, tutti adatti a rendere il suo utilizzo sicuro, facile e agevole. Infatti Eco Mask pu\u00f2 essere lavata sia a mano in acqua calda con detergente comune, sia in lavastoviglie \u2013 ciclo stoviglie a 70\u00b0C.<\/p>\n<p><img decoding=\"async\" class=\"size-large wp-image-14112 aligncenter\" src=\"http:\/\/www.thesignspeaking.com\/wp-content\/uploads\/2020\/07\/Collage_Fotor-guzzini-3-1024x1024.jpg\" alt=\"\" width=\"1024\" height=\"1024\" srcset=\"https:\/\/www.thesignspeaking.com\/wp-content\/uploads\/2020\/07\/Collage_Fotor-guzzini-3-1024x1024.jpg 1024w, https:\/\/www.thesignspeaking.com\/wp-content\/uploads\/2020\/07\/Collage_Fotor-guzzini-3-150x150.jpg 150w, https:\/\/www.thesignspeaking.com\/wp-content\/uploads\/2020\/07\/Collage_Fotor-guzzini-3-300x300.jpg 300w, https:\/\/www.thesignspeaking.com\/wp-content\/uploads\/2020\/07\/Collage_Fotor-guzzini-3-768x768.jpg 768w, https:\/\/www.thesignspeaking.com\/wp-content\/uploads\/2020\/07\/Collage_Fotor-guzzini-3-125x125.jpg 125w\" sizes=\"(max-width: 1024px) 100vw, 1024px\" \/>Ma non \u00e8 tutto, pu\u00f2 essere anche sanificata nel forno a microonde mediante buste per sterilizzazione a vapore (3 min \u2013 800\/900 W) o a freddo con l\u2019uso di appositi disinfettanti liquidi o in compresse effervescenti acquistabili a parte e da utilizzare secondo le indicazioni fornite dal produttore.<img decoding=\"async\" class=\"size-full wp-image-14111 aligncenter\" src=\"http:\/\/www.thesignspeaking.com\/wp-content\/uploads\/2020\/07\/Collage_Fotor-guzzini-2.jpg\" alt=\"\" width=\"1024\" height=\"1024\" srcset=\"https:\/\/www.thesignspeaking.com\/wp-content\/uploads\/2020\/07\/Collage_Fotor-guzzini-2.jpg 1024w, https:\/\/www.thesignspeaking.com\/wp-content\/uploads\/2020\/07\/Collage_Fotor-guzzini-2-150x150.jpg 150w, https:\/\/www.thesignspeaking.com\/wp-content\/uploads\/2020\/07\/Collage_Fotor-guzzini-2-300x300.jpg 300w, https:\/\/www.thesignspeaking.com\/wp-content\/uploads\/2020\/07\/Collage_Fotor-guzzini-2-768x768.jpg 768w, https:\/\/www.thesignspeaking.com\/wp-content\/uploads\/2020\/07\/Collage_Fotor-guzzini-2-125x125.jpg 125w\" sizes=\"(max-width: 1024px) 100vw, 1024px\" \/><\/p>\n<p>Made in Italy, Eco Mask \u00e8 sicura, ecosostenibile, confortevole da indossare ma, come tutti i prodotti Guzzini che sanno mixare perfettamente funzione ed estetica, \u00e8 anche gradevole nella forma, un accessorio personale di design che offre, oltre a una grande vestibilit\u00e0 anche un\u2019ampia gamma di colori alla moda tutti proposti in un\u2019elegante finitura satinata.<\/p>\n<p>Due varianti neutre nero, bianco e quattro colorate azzurro, rosa, verde e giallo con coprifiltro abbinato nel colore bianco: colorata per il giorno, bianca o nera per la sera! Inoltre, in famiglia ognuno potr\u00e0 scegliere il suo colore preferito evitando cos\u00ec di confonderla con quella degli altri.<\/p>\n<p>Il kit mascherina \u00e8 composto da Eco Mask e 4 filtri e si pu\u00f2 acquistare sul sito e parte parte degli introiti sar\u00e0 donato a Legambiente: <a href=\"https:\/\/www.fratelliguzzini.com\/eu\/new-in.html\">https:\/\/www.fratelliguzzini.com\/eu\/new-in.html<\/a><\/p>\n<p>\u201c<em>Dobbiamo scegliere quale Italia vogliamo per noi, per i nostri figli e per i nostri nipoti<\/em>\u201d commenta Domenico Guzzini \u201c<em>Dobbiamo riconoscere i valori come la conoscenza, la tecnologia, la creativit\u00e0, la sostenibilit\u00e0, la sicurezza e la salute. Il benessere riguarda tutti noi, le persone che incontriamo e quelle con cui lavoriamo. Per un futuro di benessere e per essere sempre vicini e sensibili alla salute di ognuno di noi dobbiamo scegliere cosa produrre e cosa utilizzare nella nostra quotidianit\u00e0<\/em>\u201d.<\/p>\n<p>Ed \u00e8 proprio con questi obiettivi che l\u2019azienda ha creato un\u2019offerta merceologica denominata On The Go Protection: una serie di prodotti nati per salvaguardare la salute e l\u2019ambiente come dichiara il suo pay-off Made for Nature, Made for Health, la rinascita del bello, sano e utile per l\u2019Italia, per l\u2019ambiente, per le persone, verso un nuovo futuro.<\/p>\n<\/span>","protected":false},"excerpt":{"rendered":"<p>\u201cSi parla di circa novanta milioni di mascherine giornaliere da smaltire solo in Italia. Sono cifre enormi\u2026 Insostenibili\u2026\u201d commenta preoccupato Domenico Guzzini, presidente dell\u2019omonima azienda marchigiana. \u201cNon credo che sia stata una scelta, ma semplicemente una cosa che un\u2019azienda come la nostra, con le competenze e il know how che ha alle spalle, doveva fare. [&hellip;]<\/p>\n","protected":false},"author":3,"featured_media":14116,"comment_status":"open","ping_status":"open","sticky":false,"template":"","format":"standard","meta":[],"categories":[11],"tags":[1486,1729,27,1743,1744,1746,290,1742,1747,1745],"_links":{"self":[{"href":"https:\/\/www.thesignspeaking.com\/it\/wp-json\/wp\/v2\/posts\/14110"}],"collection":[{"href":"https:\/\/www.thesignspeaking.com\/it\/wp-json\/wp\/v2\/posts"}],"about":[{"href":"https:\/\/www.thesignspeaking.com\/it\/wp-json\/wp\/v2\/types\/post"}],"author":[{"embeddable":true,"href":"https:\/\/www.thesignspeaking.com\/it\/wp-json\/wp\/v2\/users\/3"}],"replies":[{"embeddable":true,"href":"https:\/\/www.thesignspeaking.com\/it\/wp-json\/wp\/v2\/comments?post=14110"}],"version-history":[{"count":4,"href":"https:\/\/www.thesignspeaking.com\/it\/wp-json\/wp\/v2\/posts\/14110\/revisions"}],"predecessor-version":[{"id":14133,"href":"https:\/\/www.thesignspeaking.com\/it\/wp-json\/wp\/v2\/posts\/14110\/revisions\/14133"}],"wp:featuredmedia":[{"embeddable":true,"href":"https:\/\/www.thesignspeaking.com\/it\/wp-json\/wp\/v2\/media\/14116"}],"wp:attachment":[{"href":"https:\/\/www.thesignspeaking.com\/it\/wp-json\/wp\/v2\/media?parent=14110"}],"wp:term":[{"taxonomy":"category","embeddable":true,"href":"https:\/\/www.thesignspeaking.com\/it\/wp-json\/wp\/v2\/categories?post=14110"},{"taxonomy":"post_tag","embeddable":true,"href":"https:\/\/www.thesignspeaking.com\/it\/wp-json\/wp\/v2\/tags?post=14110"}],"curies":[{"name":"wp","href":"https:\/\/api.w.org\/{rel}","templated":true}]}}