{"id":14277,"date":"2020-07-31T13:08:21","date_gmt":"2020-07-31T11:08:21","guid":{"rendered":"http:\/\/www.thesignspeaking.com\/?p=14277"},"modified":"2020-08-28T18:51:43","modified_gmt":"2020-08-28T16:51:43","slug":"architectures-to-reactivate-the-city","status":"publish","type":"post","link":"https:\/\/www.thesignspeaking.com\/it\/architectures-to-reactivate-the-city\/","title":{"rendered":"Architectures to reactivate the city"},"content":{"rendered":"<span class=\"cb-itemprop\" itemprop=\"reviewBody\"><p><img decoding=\"async\" class=\"size-large wp-image-14279 aligncenter\" src=\"http:\/\/www.thesignspeaking.com\/wp-content\/uploads\/2020\/07\/cf8afa38-509f-4ce4-9620-9aa744a1398b-1024x683.jpg\" alt=\"\" width=\"1024\" height=\"683\" srcset=\"https:\/\/www.thesignspeaking.com\/wp-content\/uploads\/2020\/07\/cf8afa38-509f-4ce4-9620-9aa744a1398b-1024x683.jpg 1024w, https:\/\/www.thesignspeaking.com\/wp-content\/uploads\/2020\/07\/cf8afa38-509f-4ce4-9620-9aa744a1398b-300x200.jpg 300w, https:\/\/www.thesignspeaking.com\/wp-content\/uploads\/2020\/07\/cf8afa38-509f-4ce4-9620-9aa744a1398b-768x512.jpg 768w, https:\/\/www.thesignspeaking.com\/wp-content\/uploads\/2020\/07\/cf8afa38-509f-4ce4-9620-9aa744a1398b-360x240.jpg 360w, https:\/\/www.thesignspeaking.com\/wp-content\/uploads\/2020\/07\/cf8afa38-509f-4ce4-9620-9aa744a1398b.jpg 1200w\" sizes=\"(max-width: 1024px) 100vw, 1024px\" \/>Dal 3 al 6 settembre 2020 a Logro\u00f1o, La Rioja (Spagna) \u00e8 possibile visitare <strong><a href=\"https:\/\/concentrico.us17.list-manage.com\/track\/click?u=3f6952cae85cdb02a853114bc&#038;id=3fc3fb2380&#038;e=fec15fb291\">Conc\u00e9ntrico 06<\/a><\/strong>, festival di architettura con l&#8217;obiettivo di riattivare la citt\u00e0. Una delle aree di intervento di Concentrico \u00e8, infatti, esplorare il potenziale sottoutilizzato degli spazi urbani vuoti e proporre funzioni alternative. Nella sesta edizione, tre installazioni propongono questa strategia con approcci molto diversi:<\/p>\n<p><a href=\"https:\/\/concentrico.us17.list-manage.com\/track\/click?u=3f6952cae85cdb02a853114bc&#038;id=9d88b4cea8&#038;e=fec15fb291\">Circo a\u00e9reo<\/a> in un parcheggio nel centro storico della citt\u00e0,<\/p>\n<div id=\"attachment_14283\" style=\"width: 1034px\"  class=\"wp-caption aligncenter\"><img decoding=\"async\" class=\"size-large wp-image-14283\" src=\"http:\/\/www.thesignspeaking.com\/wp-content\/uploads\/2020\/07\/2fcfc207-1653-4490-8731-210cbd2541e7-1024x645.jpg\" alt=\"\" width=\"1024\" height=\"645\" srcset=\"https:\/\/www.thesignspeaking.com\/wp-content\/uploads\/2020\/07\/2fcfc207-1653-4490-8731-210cbd2541e7-1024x645.jpg 1024w, https:\/\/www.thesignspeaking.com\/wp-content\/uploads\/2020\/07\/2fcfc207-1653-4490-8731-210cbd2541e7-300x189.jpg 300w, https:\/\/www.thesignspeaking.com\/wp-content\/uploads\/2020\/07\/2fcfc207-1653-4490-8731-210cbd2541e7-768x484.jpg 768w, https:\/\/www.thesignspeaking.com\/wp-content\/uploads\/2020\/07\/2fcfc207-1653-4490-8731-210cbd2541e7.jpg 1200w\" sizes=\"(max-width: 1024px) 100vw, 1024px\" \/><p class=\"wp-caption-text\">Conc\u00e9ntrico 06, Logro\u00f1o. Circo a\u00e9reo &#8211; KOGAA<\/p><\/div>\n<p><a href=\"https:\/\/concentrico.us17.list-manage.com\/track\/click?u=3f6952cae85cdb02a853114bc&#038;id=6f15c3faf2&#038;e=fec15fb291\">Across Boundaries<\/a> by Taneli Mansikkam\u00e4ki (AGO)al confine tra propriet\u00e0 pubblica e privata,<\/p>\n<div id=\"attachment_14284\" style=\"width: 1034px\"  class=\"wp-caption aligncenter\"><img decoding=\"async\" class=\"size-large wp-image-14284\" src=\"http:\/\/www.thesignspeaking.com\/wp-content\/uploads\/2020\/07\/a88e4745-4f53-45eb-959f-7023d7927dd4-1024x644.jpg\" alt=\"\" width=\"1024\" height=\"644\" srcset=\"https:\/\/www.thesignspeaking.com\/wp-content\/uploads\/2020\/07\/a88e4745-4f53-45eb-959f-7023d7927dd4-1024x644.jpg 1024w, https:\/\/www.thesignspeaking.com\/wp-content\/uploads\/2020\/07\/a88e4745-4f53-45eb-959f-7023d7927dd4-300x189.jpg 300w, https:\/\/www.thesignspeaking.com\/wp-content\/uploads\/2020\/07\/a88e4745-4f53-45eb-959f-7023d7927dd4-768x483.jpg 768w, https:\/\/www.thesignspeaking.com\/wp-content\/uploads\/2020\/07\/a88e4745-4f53-45eb-959f-7023d7927dd4.jpg 1200w\" sizes=\"(max-width: 1024px) 100vw, 1024px\" \/><p class=\"wp-caption-text\">Conc\u00e9ntrico 06, Logro\u00f1o.<br \/>Across Boundaries &#8211; Taneli Mansikkam\u00e4ki (AGO)<\/p><\/div>\n<p><a href=\"https:\/\/concentrico.us17.list-manage.com\/track\/click?u=3f6952cae85cdb02a853114bc&#038;id=babe8def30&#038;e=fec15fb291\">Hex &#8211; pansiva<\/a> in un cortile della biblioteca.<\/p>\n<div id=\"attachment_14281\" style=\"width: 1034px\"  class=\"wp-caption aligncenter\"><img decoding=\"async\" class=\"size-large wp-image-14281\" src=\"http:\/\/www.thesignspeaking.com\/wp-content\/uploads\/2020\/07\/3e91e03c-01d9-4478-b22c-3d2fdcc0fa58-1024x985.jpg\" alt=\"\" width=\"1024\" height=\"985\" srcset=\"https:\/\/www.thesignspeaking.com\/wp-content\/uploads\/2020\/07\/3e91e03c-01d9-4478-b22c-3d2fdcc0fa58-1024x985.jpg 1024w, https:\/\/www.thesignspeaking.com\/wp-content\/uploads\/2020\/07\/3e91e03c-01d9-4478-b22c-3d2fdcc0fa58-300x289.jpg 300w, https:\/\/www.thesignspeaking.com\/wp-content\/uploads\/2020\/07\/3e91e03c-01d9-4478-b22c-3d2fdcc0fa58-768x739.jpg 768w, https:\/\/www.thesignspeaking.com\/wp-content\/uploads\/2020\/07\/3e91e03c-01d9-4478-b22c-3d2fdcc0fa58.jpg 1200w\" sizes=\"(max-width: 1024px) 100vw, 1024px\" \/><p class=\"wp-caption-text\">Conc\u00e9ntrico 06, Logro\u00f1o. Hex \u00b7 pansiva &#8211; Toledo School of Architecture<\/p><\/div>\n<h4><strong>Quattordici interventi e quattro mostre a Conc\u00e9ntrico 06<\/strong><\/h4>\n<p>La sesta edizione di Concentrico, in sintesi, consta di quattordici interventi, quattro mostre, incontri e attivit\u00e0.<\/p>\n<p>Il programma \u00e8 completato in ogni edizione con altre attivit\u00e0, come incontri e conversazioni, con il sostegno dell&#8217;azione culturale spagnola e dell&#8217;Europa creativa. Dettagli sul sito <a href=\"https:\/\/concentrico.us17.list-manage.com\/track\/click?u=3f6952cae85cdb02a853114bc&#038;id=b6b811ca21&#038;e=fec15fb291\">website<\/a>.<\/p>\n<div id=\"attachment_14282\" style=\"width: 1034px\"  class=\"wp-caption aligncenter\"><img decoding=\"async\" class=\"size-large wp-image-14282\" src=\"http:\/\/www.thesignspeaking.com\/wp-content\/uploads\/2020\/07\/5d01e52d-ab86-4b5a-a015-cba5c6fc78bf-1024x683.jpg\" alt=\"\" width=\"1024\" height=\"683\" srcset=\"https:\/\/www.thesignspeaking.com\/wp-content\/uploads\/2020\/07\/5d01e52d-ab86-4b5a-a015-cba5c6fc78bf-1024x683.jpg 1024w, https:\/\/www.thesignspeaking.com\/wp-content\/uploads\/2020\/07\/5d01e52d-ab86-4b5a-a015-cba5c6fc78bf-300x200.jpg 300w, https:\/\/www.thesignspeaking.com\/wp-content\/uploads\/2020\/07\/5d01e52d-ab86-4b5a-a015-cba5c6fc78bf-768x512.jpg 768w, https:\/\/www.thesignspeaking.com\/wp-content\/uploads\/2020\/07\/5d01e52d-ab86-4b5a-a015-cba5c6fc78bf-360x240.jpg 360w, https:\/\/www.thesignspeaking.com\/wp-content\/uploads\/2020\/07\/5d01e52d-ab86-4b5a-a015-cba5c6fc78bf.jpg 1200w\" sizes=\"(max-width: 1024px) 100vw, 1024px\" \/><p class=\"wp-caption-text\">Conc\u00e9ntrico 06, Logro\u00f1o<\/p><\/div>\n<h4><strong>Interventi urbani<\/strong><\/h4>\n<p>Dal 2015, il festival ha riunito quasi sessanta installazioni urbane nelle sue cinque edizioni, oltre ai quattordici interventi che si terranno quest&#8217;anno:<\/p>\n<p><strong>01<\/strong>.\u00a0<a href=\"https:\/\/concentrico.us17.list-manage.com\/track\/click?u=3f6952cae85cdb02a853114bc&#038;id=42e105a4a4&#038;e=fec15fb291\">Gregor Schneider &#8211; Kreuzweg<\/a>. Plaza del Mercado, in collaborazione con Goethe Institut Madrid.<br \/>\n<strong>02.<\/strong>\u00a0<a href=\"https:\/\/concentrico.us17.list-manage.com\/track\/click?u=3f6952cae85cdb02a853114bc&#038;id=ac850418ae&#038;e=fec15fb291\">Iza Rutkowska &#8211; Equestrian Statue<\/a>. Monumento Espartero, in collaborazione con il Polish Institute of Culture.<br \/>\n<strong>03.<\/strong>\u00a0<a href=\"https:\/\/concentrico.us17.list-manage.com\/track\/click?u=3f6952cae85cdb02a853114bc&#038;id=63aa72488a&#038;e=fec15fb291\">StoreyStudio &#8211;\u00a0<\/a><a href=\"https:\/\/concentrico.us17.list-manage.com\/track\/click?u=3f6952cae85cdb02a853114bc&#038;id=e30c50aa34&#038;e=fec15fb291\">Courtyard of Reflections<\/a>.\u00a0Plaza San Bartolom\u00e9.<br \/>\n<strong>04.<\/strong>\u00a0<a href=\"https:\/\/concentrico.us17.list-manage.com\/track\/click?u=3f6952cae85cdb02a853114bc&#038;id=631e493e18&#038;e=fec15fb291\">Jordi Gali with J\u00e9r\u00e9my Paon and Julien Quartier &#8211; Arcos<\/a>. Plaza Santiago, in collaborazione con l&#8217;Institut Fran\u00e7ais.<br \/>\n<strong>05.<\/strong>\u00a0<a href=\"https:\/\/concentrico.us17.list-manage.com\/track\/click?u=3f6952cae85cdb02a853114bc&#038;id=b2128fb075&#038;e=fec15fb291\">KOGAA &#8211; Circo a\u00e9reo<\/a>. Parcheggio Calle Mayor, in collaborazione con il Czech Centre.<br \/>\n<strong>06.<\/strong>\u00a0<a href=\"https:\/\/concentrico.us17.list-manage.com\/track\/click?u=3f6952cae85cdb02a853114bc&#038;id=5f0779ed5a&#038;e=fec15fb291\">Mecanimo\u00a0&#8211; Banqu\u00edn<\/a>. Gran V\u00eda.<br \/>\n<strong>07.<\/strong>\u00a0<a href=\"https:\/\/concentrico.us17.list-manage.com\/track\/click?u=3f6952cae85cdb02a853114bc&#038;id=8ac3922745&#038;e=fec15fb291\">Taneli Mansikkam\u00e4ki &#8211; Across Boundaries<\/a>. Cortile del COAR, in collaborazione con Ibero-American Institute of Finland.<br \/>\n<strong>08.<\/strong>\u00a0<a href=\"https:\/\/concentrico.us17.list-manage.com\/track\/click?u=3f6952cae85cdb02a853114bc&#038;id=8c010a6681&#038;e=fec15fb291\">Attila Kim + Bogdan Ciocodeica &#8211; Fiesta<\/a>. Plaza Revell\u00edn, in collaborazione con il Romanian Cultural Institute.<br \/>\n<strong>09.<\/strong>\u00a0<a href=\"https:\/\/concentrico.us17.list-manage.com\/track\/click?u=3f6952cae85cdb02a853114bc&#038;id=33df39a453&#038;e=fec15fb291\">Anna &#038; Eugeni Bach &#8211; Sticks &#038; Stones<\/a>. Calado San Gregorio.<\/p>\n<div id=\"attachment_14278\" style=\"width: 887px\"  class=\"wp-caption aligncenter\"><img decoding=\"async\" class=\"size-large wp-image-14278\" src=\"http:\/\/www.thesignspeaking.com\/wp-content\/uploads\/2020\/07\/00ef52f2-5187-4e3b-94b5-8ea603200363-877x1024.jpg\" alt=\"\" width=\"877\" height=\"1024\" srcset=\"https:\/\/www.thesignspeaking.com\/wp-content\/uploads\/2020\/07\/00ef52f2-5187-4e3b-94b5-8ea603200363-877x1024.jpg 877w, https:\/\/www.thesignspeaking.com\/wp-content\/uploads\/2020\/07\/00ef52f2-5187-4e3b-94b5-8ea603200363-257x300.jpg 257w, https:\/\/www.thesignspeaking.com\/wp-content\/uploads\/2020\/07\/00ef52f2-5187-4e3b-94b5-8ea603200363-768x897.jpg 768w, https:\/\/www.thesignspeaking.com\/wp-content\/uploads\/2020\/07\/00ef52f2-5187-4e3b-94b5-8ea603200363.jpg 1024w\" sizes=\"(max-width: 877px) 100vw, 877px\" \/><p class=\"wp-caption-text\">Conc\u00e9ntrico 06, Logro\u00f1o.\u00a0Across Boundaries &#8211; Taneli Mansikkam\u00e4ki (AGO)<\/p><\/div>\n<h4>Vincitori dei concorsi<\/h4>\n<p><strong>10.<\/strong>\u00a0<a href=\"https:\/\/concentrico.us17.list-manage.com\/track\/click?u=3f6952cae85cdb02a853114bc&#038;id=edaa5479cf&#038;e=fec15fb291\">Ignacio Hornillos + Javier F. Contreras &#8211; Prismarium<\/a>. Padiglione del Festival.<br \/>\n<strong>11.<\/strong>\u00a0<a href=\"https:\/\/concentrico.us17.list-manage.com\/track\/click?u=3f6952cae85cdb02a853114bc&#038;id=4c16321187&#038;e=fec15fb291\">Silvia Bachetti + Agnese Casadio &#8211; Arch Play<\/a>. Muro de la Mata, in collaborazione con l&#8217;Istituto Italiano di Cultura.<br \/>\n<strong>12.<\/strong>\u00a0<a href=\"https:\/\/concentrico.us17.list-manage.com\/track\/click?u=3f6952cae85cdb02a853114bc&#038;id=c35ef1caab&#038;e=fec15fb291\">Alejandro Ramirez &#8211; LAN-4<\/a>.\u00a0Vi\u00f1a Lanciano della cantina LAN.<\/p>\n<p>&nbsp;<\/p>\n<h4>Scuole ospiti<\/h4>\n<p><strong>13.\u00a0<\/strong>Toledo School of Architecture &#8211; Hex Pansiva. Biblioteca de La Rioja.<br \/>\n<strong>14.<\/strong>\u00a0La Rioja School of Design &#8211; Eureka.\u00a0Giardini\u00a0 dell&#8217;Esdir.<\/p>\n<h4><strong>Mostre<\/strong><\/h4>\n<p>Le mostre hanno esteso gli orizzonti a nuovi contesti internazionali. Nel 2020 vengono esplorate l&#8217;architettura e i suoi cicli naturali con il padiglione Reverb dello studio polacco Centrala e con Fundacja Be\u00e7 Zmiana, una mostra iniziata nel padiglione polacco della Biennale di Venezia, o con il design del finlandese con Tuomas Kuure nell&#8217;Esdir.<\/p>\n<p><strong>01.<\/strong>\u00a0<a href=\"https:\/\/concentrico.us17.list-manage.com\/track\/click?u=3f6952cae85cdb02a853114bc&#038;id=ce33fa0ded&#038;e=fec15fb291\">The Pavilion of Reverberations &#8211; Centrala<\/a>. Logro\u00f1o City Council, una produzione di Fundacja Be\u00e7 Zmiana con il supporto del Polish Institute of Madrid e della Culture Unit del Logro\u00f1o City Council.<br \/>\n<strong>02.<\/strong> <a href=\"https:\/\/concentrico.us17.list-manage.com\/track\/click?u=3f6952cae85cdb02a853114bc&#038;id=051f1d48e5&#038;e=fec15fb291\">Life is a lethal experiment &#8211; Tuomas Kuure<\/a>. Esdir, in collaborazione con l&#8217;Ibero-American Institute of Finland.<br \/>\n<strong>03.<\/strong> Conc\u00e9ntrico 06 Open calls. COAR<br \/>\n<strong>04.<\/strong>\u00a0LAN Packaging Design. Cantina LAN-Esdir<\/p>\n<p>E la mostra collettiva di ESDIR &#8211; TFE alla Escuela Superior de Dise\u00f1o de La Rioja.<\/p>\n<div id=\"attachment_14280\" style=\"width: 1030px\"  class=\"wp-caption aligncenter\"><img decoding=\"async\" class=\"size-large wp-image-14280\" src=\"http:\/\/www.thesignspeaking.com\/wp-content\/uploads\/2020\/07\/e7fa372f-6924-48fa-bd69-dee81908cd48-1020x1024.jpg\" alt=\"\" width=\"1020\" height=\"1024\" srcset=\"https:\/\/www.thesignspeaking.com\/wp-content\/uploads\/2020\/07\/e7fa372f-6924-48fa-bd69-dee81908cd48-1020x1024.jpg 1020w, https:\/\/www.thesignspeaking.com\/wp-content\/uploads\/2020\/07\/e7fa372f-6924-48fa-bd69-dee81908cd48-150x150.jpg 150w, https:\/\/www.thesignspeaking.com\/wp-content\/uploads\/2020\/07\/e7fa372f-6924-48fa-bd69-dee81908cd48-300x300.jpg 300w, https:\/\/www.thesignspeaking.com\/wp-content\/uploads\/2020\/07\/e7fa372f-6924-48fa-bd69-dee81908cd48-768x771.jpg 768w, https:\/\/www.thesignspeaking.com\/wp-content\/uploads\/2020\/07\/e7fa372f-6924-48fa-bd69-dee81908cd48-125x125.jpg 125w, https:\/\/www.thesignspeaking.com\/wp-content\/uploads\/2020\/07\/e7fa372f-6924-48fa-bd69-dee81908cd48.jpg 1145w\" sizes=\"(max-width: 1020px) 100vw, 1020px\" \/><p class=\"wp-caption-text\">Conc\u00e9ntrico 06, Logro\u00f1o<\/p><\/div>\n<\/span>","protected":false},"excerpt":{"rendered":"<p>Dal 3 al 6 settembre 2020 a Logro\u00f1o, La Rioja (Spagna) \u00e8 possibile visitare Conc\u00e9ntrico 06, festival di architettura con l&#8217;obiettivo di riattivare la citt\u00e0. Una delle aree di intervento di Concentrico \u00e8, infatti, esplorare il potenziale sottoutilizzato degli spazi urbani vuoti e proporre funzioni alternative. Nella sesta edizione, tre installazioni propongono questa strategia con [&hellip;]<\/p>\n","protected":false},"author":3,"featured_media":14284,"comment_status":"open","ping_status":"open","sticky":false,"template":"","format":"standard","meta":[],"categories":[11],"tags":[88,818,85,183,945,1799,1798,1800],"_links":{"self":[{"href":"https:\/\/www.thesignspeaking.com\/it\/wp-json\/wp\/v2\/posts\/14277"}],"collection":[{"href":"https:\/\/www.thesignspeaking.com\/it\/wp-json\/wp\/v2\/posts"}],"about":[{"href":"https:\/\/www.thesignspeaking.com\/it\/wp-json\/wp\/v2\/types\/post"}],"author":[{"embeddable":true,"href":"https:\/\/www.thesignspeaking.com\/it\/wp-json\/wp\/v2\/users\/3"}],"replies":[{"embeddable":true,"href":"https:\/\/www.thesignspeaking.com\/it\/wp-json\/wp\/v2\/comments?post=14277"}],"version-history":[{"count":8,"href":"https:\/\/www.thesignspeaking.com\/it\/wp-json\/wp\/v2\/posts\/14277\/revisions"}],"predecessor-version":[{"id":14407,"href":"https:\/\/www.thesignspeaking.com\/it\/wp-json\/wp\/v2\/posts\/14277\/revisions\/14407"}],"wp:featuredmedia":[{"embeddable":true,"href":"https:\/\/www.thesignspeaking.com\/it\/wp-json\/wp\/v2\/media\/14284"}],"wp:attachment":[{"href":"https:\/\/www.thesignspeaking.com\/it\/wp-json\/wp\/v2\/media?parent=14277"}],"wp:term":[{"taxonomy":"category","embeddable":true,"href":"https:\/\/www.thesignspeaking.com\/it\/wp-json\/wp\/v2\/categories?post=14277"},{"taxonomy":"post_tag","embeddable":true,"href":"https:\/\/www.thesignspeaking.com\/it\/wp-json\/wp\/v2\/tags?post=14277"}],"curies":[{"name":"wp","href":"https:\/\/api.w.org\/{rel}","templated":true}]}}