{"id":14425,"date":"2020-09-06T12:49:33","date_gmt":"2020-09-06T10:49:33","guid":{"rendered":"http:\/\/www.thesignspeaking.com\/?p=14425"},"modified":"2020-09-06T13:08:00","modified_gmt":"2020-09-06T11:08:00","slug":"pietro-franceschini-olympus-neotenic-design","status":"publish","type":"post","link":"https:\/\/www.thesignspeaking.com\/it\/pietro-franceschini-olympus-neotenic-design\/","title":{"rendered":"PF|Studio: OLYMPUS and Neotenic Design"},"content":{"rendered":"<span class=\"cb-itemprop\" itemprop=\"reviewBody\"><p>Una mostra all&#8217;<a href=\"https:\/\/a-d-o.com\/\"><strong>A\/D\/O<\/strong><\/a>\u00a0di Brooklyn (una <em>global communit<\/em>y di creativi promossa da\u00a0<a href=\"https:\/\/www.miniusa.com\/\"><strong>Mini<\/strong><\/a> per esplorare con coraggio il futuro del design) sulla possibilit\u00e0 di un &#8220;Design Neotenico&#8221; \u00e8 stata il punto di partenza per una profonda ricerca in termini di linguaggio e materialit\u00e0, che ha portato alla prima collezione di mobili di\u00a0<a href=\"https:\/\/www.instagram.com\/piet_fran\/?hl=it\"><strong>Pietro Franceschini<\/strong><\/a>, architetto e designer che vive tra New York e Firenze. <img decoding=\"async\" class=\"size-large wp-image-14431 aligncenter\" src=\"http:\/\/www.thesignspeaking.com\/wp-content\/uploads\/2020\/09\/Olympus01-1024x576.png\" alt=\"\" width=\"1024\" height=\"576\" srcset=\"https:\/\/www.thesignspeaking.com\/wp-content\/uploads\/2020\/09\/Olympus01.png 1024w, https:\/\/www.thesignspeaking.com\/wp-content\/uploads\/2020\/09\/Olympus01-300x169.png 300w, https:\/\/www.thesignspeaking.com\/wp-content\/uploads\/2020\/09\/Olympus01-768x432.png 768w\" sizes=\"(max-width: 1024px) 100vw, 1024px\" \/>Olympus \u00e8 un corpo di opere vario e sperimentale, dove pezzi classici e maestosi mantengono un tratto giovane e giocoso. La neotenia \u00e8 infatti la condizione in cui un organismo raggiunge la maturit\u00e0 senza perdere tutte le sue caratteristiche giovanili.<\/p>\n<p><iframe width=\"1200\" height=\"675\" src=\"https:\/\/www.youtube.com\/embed\/SWQDEwP2_FA?feature=oembed\" frameborder=\"0\" allow=\"accelerometer; autoplay; encrypted-media; gyroscope; picture-in-picture\" allowfullscreen><\/iframe><\/p>\n<p>Tra i pezzi della collezione, OLYMPUS: una seduta, una ottomana, uno sgabello e un divano in tessuto boucle\u0301, disponibile anche con i piedi in legno naturale laccato oppure in ottone patinato.<\/p>\n<div id=\"attachment_14437\" style=\"width: 887px\"  class=\"wp-caption aligncenter\"><img decoding=\"async\" class=\"size-large wp-image-14437\" src=\"http:\/\/www.thesignspeaking.com\/wp-content\/uploads\/2020\/09\/ph-Daniel-Civetta-So-Close-So-Good-DC-18-877x1024.jpg\" alt=\"\" width=\"877\" height=\"1024\" srcset=\"https:\/\/www.thesignspeaking.com\/wp-content\/uploads\/2020\/09\/ph-Daniel-Civetta-So-Close-So-Good-DC-18-877x1024.jpg 877w, https:\/\/www.thesignspeaking.com\/wp-content\/uploads\/2020\/09\/ph-Daniel-Civetta-So-Close-So-Good-DC-18-257x300.jpg 257w, https:\/\/www.thesignspeaking.com\/wp-content\/uploads\/2020\/09\/ph-Daniel-Civetta-So-Close-So-Good-DC-18-768x896.jpg 768w, https:\/\/www.thesignspeaking.com\/wp-content\/uploads\/2020\/09\/ph-Daniel-Civetta-So-Close-So-Good-DC-18.jpg 1024w\" sizes=\"(max-width: 877px) 100vw, 877px\" \/><p class=\"wp-caption-text\">OLYMPUS, photo \u00a9 Daniel Civetta<\/p><\/div>\n<div id=\"attachment_14426\" style=\"width: 1034px\"  class=\"wp-caption aligncenter\"><img decoding=\"async\" class=\"wp-image-14426 size-large\" src=\"http:\/\/www.thesignspeaking.com\/wp-content\/uploads\/2020\/09\/cha-cha-cha-by-Pietro-Franceschini-1024x740.png\" alt=\"\" width=\"1024\" height=\"740\" srcset=\"https:\/\/www.thesignspeaking.com\/wp-content\/uploads\/2020\/09\/cha-cha-cha-by-Pietro-Franceschini.png 1024w, https:\/\/www.thesignspeaking.com\/wp-content\/uploads\/2020\/09\/cha-cha-cha-by-Pietro-Franceschini-300x217.png 300w, https:\/\/www.thesignspeaking.com\/wp-content\/uploads\/2020\/09\/cha-cha-cha-by-Pietro-Franceschini-768x555.png 768w\" sizes=\"(max-width: 1024px) 100vw, 1024px\" \/><p class=\"wp-caption-text\">CHA-CHA-CHA\u2019\u00a0 Serie di sedute in marmo\u00a0di Carrara Nero Marquina<\/p><\/div>\n<div id=\"attachment_14429\" style=\"width: 1034px\"  class=\"wp-caption aligncenter\"><img decoding=\"async\" class=\"size-large wp-image-14429\" src=\"http:\/\/www.thesignspeaking.com\/wp-content\/uploads\/2020\/09\/Un-beso-en-el-mar-by-Pietro-Franceschini-1024x740.png\" alt=\"\" width=\"1024\" height=\"740\" srcset=\"https:\/\/www.thesignspeaking.com\/wp-content\/uploads\/2020\/09\/Un-beso-en-el-mar-by-Pietro-Franceschini.png 1024w, https:\/\/www.thesignspeaking.com\/wp-content\/uploads\/2020\/09\/Un-beso-en-el-mar-by-Pietro-Franceschini-300x217.png 300w, https:\/\/www.thesignspeaking.com\/wp-content\/uploads\/2020\/09\/Un-beso-en-el-mar-by-Pietro-Franceschini-768x555.png 768w\" sizes=\"(max-width: 1024px) 100vw, 1024px\" \/><p class=\"wp-caption-text\">UN BESO EN EL MAR, Coppia di sedute\u00a0in marmo\u00a0di Carrara Paonazzo<\/p><\/div>\n<div id=\"attachment_14433\" style=\"width: 1034px\"  class=\"wp-caption aligncenter\"><img decoding=\"async\" class=\"size-full wp-image-14433\" src=\"http:\/\/www.thesignspeaking.com\/wp-content\/uploads\/2020\/09\/Pietro-Franceschini-Olympus-image-by-enrico-capanni-01.jpg\" alt=\"\" width=\"1024\" height=\"1024\" srcset=\"https:\/\/www.thesignspeaking.com\/wp-content\/uploads\/2020\/09\/Pietro-Franceschini-Olympus-image-by-enrico-capanni-01.jpg 1024w, https:\/\/www.thesignspeaking.com\/wp-content\/uploads\/2020\/09\/Pietro-Franceschini-Olympus-image-by-enrico-capanni-01-150x150.jpg 150w, https:\/\/www.thesignspeaking.com\/wp-content\/uploads\/2020\/09\/Pietro-Franceschini-Olympus-image-by-enrico-capanni-01-300x300.jpg 300w, https:\/\/www.thesignspeaking.com\/wp-content\/uploads\/2020\/09\/Pietro-Franceschini-Olympus-image-by-enrico-capanni-01-768x768.jpg 768w, https:\/\/www.thesignspeaking.com\/wp-content\/uploads\/2020\/09\/Pietro-Franceschini-Olympus-image-by-enrico-capanni-01-125x125.jpg 125w\" sizes=\"(max-width: 1024px) 100vw, 1024px\" \/><p class=\"wp-caption-text\">OLYMPUS, GAMMA, photo \u00a9 Enrico Capanni<\/p><\/div>\n<div id=\"attachment_14427\" style=\"width: 1034px\"  class=\"wp-caption aligncenter\"><img decoding=\"async\" class=\"size-large wp-image-14427\" src=\"http:\/\/www.thesignspeaking.com\/wp-content\/uploads\/2020\/09\/Gamma-by-Pietro-Franceschini-1024x715.png\" alt=\"\" width=\"1024\" height=\"715\" srcset=\"https:\/\/www.thesignspeaking.com\/wp-content\/uploads\/2020\/09\/Gamma-by-Pietro-Franceschini.png 1024w, https:\/\/www.thesignspeaking.com\/wp-content\/uploads\/2020\/09\/Gamma-by-Pietro-Franceschini-300x209.png 300w, https:\/\/www.thesignspeaking.com\/wp-content\/uploads\/2020\/09\/Gamma-by-Pietro-Franceschini-768x536.png 768w\" sizes=\"(max-width: 1024px) 100vw, 1024px\" \/><p class=\"wp-caption-text\">GAMMA, Seduta in Perlato Siciliano<\/p><\/div>\n<div id=\"attachment_14428\" style=\"width: 1034px\"  class=\"wp-caption aligncenter\"><img decoding=\"async\" class=\"size-large wp-image-14428\" src=\"http:\/\/www.thesignspeaking.com\/wp-content\/uploads\/2020\/09\/tres-deseos-by-Pietro-Franceschini-1024x701.png\" alt=\"\" width=\"1024\" height=\"701\" srcset=\"https:\/\/www.thesignspeaking.com\/wp-content\/uploads\/2020\/09\/tres-deseos-by-Pietro-Franceschini.png 1024w, https:\/\/www.thesignspeaking.com\/wp-content\/uploads\/2020\/09\/tres-deseos-by-Pietro-Franceschini-300x205.png 300w, https:\/\/www.thesignspeaking.com\/wp-content\/uploads\/2020\/09\/tres-deseos-by-Pietro-Franceschini-768x526.png 768w\" sizes=\"(max-width: 1024px) 100vw, 1024px\" \/><p class=\"wp-caption-text\">LOS TRES DESEOS, Serie di sedute in onice bianco di Carrara<\/p><\/div>\n<div id=\"attachment_14434\" style=\"width: 778px\"  class=\"wp-caption aligncenter\"><img decoding=\"async\" class=\"wp-image-14434 size-large\" src=\"http:\/\/www.thesignspeaking.com\/wp-content\/uploads\/2020\/09\/Pietro-Franceschini-Arch-Console-768x1024.jpg\" alt=\"\" width=\"768\" height=\"1024\" srcset=\"https:\/\/www.thesignspeaking.com\/wp-content\/uploads\/2020\/09\/Pietro-Franceschini-Arch-Console-768x1024.jpg 768w, https:\/\/www.thesignspeaking.com\/wp-content\/uploads\/2020\/09\/Pietro-Franceschini-Arch-Console-225x300.jpg 225w, https:\/\/www.thesignspeaking.com\/wp-content\/uploads\/2020\/09\/Pietro-Franceschini-Arch-Console.jpg 1024w\" sizes=\"(max-width: 768px) 100vw, 768px\" \/><p class=\"wp-caption-text\">GOLD ARCH, Console in ottone, photo \u00a9 Enrico Capanni<\/p><\/div>\n<h4><strong>PIETRO FRANCESCHINI<\/strong><\/h4>\n<p>Pietro Franceschini ha studiato in Italia, Portogallo e Stati Uniti. Dopo aver ricevuto il B.Arch cum laude dall&#8217;Universit\u00e0 degli Studi di Firenze e il suo MSArch con lode di 1 \u00b0 classe dal Pratt Institute, ha collaborato tra gli altri con Leeser Architecture a Brooklyn, Claudio Nardi a Firenze, Laisn\u00e9 Roussel a Parigi e Carlo Ratti Associati a New York.<\/p>\n<p>PF | Studio nasce nel 2020 come studio di interior e furniture design.<\/p>\n<div id=\"attachment_14430\" style=\"width: 1034px\"  class=\"wp-caption aligncenter\"><img decoding=\"async\" class=\"wp-image-14430 size-large\" src=\"http:\/\/www.thesignspeaking.com\/wp-content\/uploads\/2020\/09\/IMG_4646-HDR-1024x683.jpg\" alt=\"\" width=\"1024\" height=\"683\" srcset=\"https:\/\/www.thesignspeaking.com\/wp-content\/uploads\/2020\/09\/IMG_4646-HDR.jpg 1024w, https:\/\/www.thesignspeaking.com\/wp-content\/uploads\/2020\/09\/IMG_4646-HDR-300x200.jpg 300w, https:\/\/www.thesignspeaking.com\/wp-content\/uploads\/2020\/09\/IMG_4646-HDR-768x512.jpg 768w, https:\/\/www.thesignspeaking.com\/wp-content\/uploads\/2020\/09\/IMG_4646-HDR-360x240.jpg 360w\" sizes=\"(max-width: 1024px) 100vw, 1024px\" \/><p class=\"wp-caption-text\">GAMMA, Seduta in marmo\u00a0di Carrara Nero Marquina<\/p><\/div>\n<\/span>","protected":false},"excerpt":{"rendered":"<p>Una mostra all&#8217;A\/D\/O\u00a0di Brooklyn (una global community di creativi promossa da\u00a0Mini per esplorare con coraggio il futuro del design) sulla possibilit\u00e0 di un &#8220;Design Neotenico&#8221; \u00e8 stata il punto di partenza per una profonda ricerca in termini di linguaggio e materialit\u00e0, che ha portato alla prima collezione di mobili di\u00a0Pietro Franceschini, architetto e designer che [&hellip;]<\/p>\n","protected":false},"author":3,"featured_media":14433,"comment_status":"open","ping_status":"open","sticky":false,"template":"","format":"standard","meta":[],"categories":[7],"tags":[513,207,85,179,215,1409,1828,1829,425,1827],"_links":{"self":[{"href":"https:\/\/www.thesignspeaking.com\/it\/wp-json\/wp\/v2\/posts\/14425"}],"collection":[{"href":"https:\/\/www.thesignspeaking.com\/it\/wp-json\/wp\/v2\/posts"}],"about":[{"href":"https:\/\/www.thesignspeaking.com\/it\/wp-json\/wp\/v2\/types\/post"}],"author":[{"embeddable":true,"href":"https:\/\/www.thesignspeaking.com\/it\/wp-json\/wp\/v2\/users\/3"}],"replies":[{"embeddable":true,"href":"https:\/\/www.thesignspeaking.com\/it\/wp-json\/wp\/v2\/comments?post=14425"}],"version-history":[{"count":8,"href":"https:\/\/www.thesignspeaking.com\/it\/wp-json\/wp\/v2\/posts\/14425\/revisions"}],"predecessor-version":[{"id":14443,"href":"https:\/\/www.thesignspeaking.com\/it\/wp-json\/wp\/v2\/posts\/14425\/revisions\/14443"}],"wp:featuredmedia":[{"embeddable":true,"href":"https:\/\/www.thesignspeaking.com\/it\/wp-json\/wp\/v2\/media\/14433"}],"wp:attachment":[{"href":"https:\/\/www.thesignspeaking.com\/it\/wp-json\/wp\/v2\/media?parent=14425"}],"wp:term":[{"taxonomy":"category","embeddable":true,"href":"https:\/\/www.thesignspeaking.com\/it\/wp-json\/wp\/v2\/categories?post=14425"},{"taxonomy":"post_tag","embeddable":true,"href":"https:\/\/www.thesignspeaking.com\/it\/wp-json\/wp\/v2\/tags?post=14425"}],"curies":[{"name":"wp","href":"https:\/\/api.w.org\/{rel}","templated":true}]}}