{"id":14538,"date":"2020-10-06T21:30:48","date_gmt":"2020-10-06T19:30:48","guid":{"rendered":"http:\/\/www.thesignspeaking.com\/?p=14538"},"modified":"2020-10-06T21:43:45","modified_gmt":"2020-10-06T19:43:45","slug":"world-design-capital-lille-metropole","status":"publish","type":"post","link":"https:\/\/www.thesignspeaking.com\/it\/world-design-capital-lille-metropole\/","title":{"rendered":"World Design Capital Lille Metropole 2020 next events"},"content":{"rendered":"<span class=\"cb-itemprop\" itemprop=\"reviewBody\"><p>Sebbene i piani siano stati interrotti dalla pandemia di Covid-19, il team di World Design Capital Lille Metropole 2020 si \u00e8 adattato per offrire alla comunit\u00e0 locale e globale di imprenditori, artisti, designer e settore pubblico un programma vario e articolato. NETWORK OF CITIES MEETING e POLICY CONFERENCE sono due eventi distintivi di World Design Capital Lille Metropole 2020.<\/p>\n<p>Il 13 ottobre il\u00a0<a href=\"https:\/\/wdc2020.lillemetropole.fr\/en\/world-design-network-cities-meeting\"><strong>WDC Network Of Cities Meeting <\/strong><\/a>\u00a0edizione 2020 sveler\u00e0 le ambizioni e le azioni delle precedenti, attuali e future Capitali Mondiali del Design a favore della trasformazione delle nostre societ\u00e0 e territori.<\/p>\n<p>Dal 19 al 23 ottobre, la\u00a0<strong><a href=\"https:\/\/wdc2020.lillemetropole.fr\/en\/world-design-policy-conference\">WDC 2020 World Design Policy Conference\u00a0<\/a><\/strong>esplorer\u00e0 il design come strumento di resilienza e studier\u00e0 come il design pu\u00f2 essere e viene utilizzato al centro del processo democratico.<\/p>\n<p>Una serie di tavole rotonde tematiche offrir\u00e0 una piattaforma globale per un ricco scambio di idee, punti di vista e migliori pratiche da diversi paesi, regioni e citt\u00e0 che hanno sviluppato, lanciato e mantengono un&#8217;efficace politica di progettazione.<img decoding=\"async\" class=\"size-large wp-image-14539 aligncenter\" src=\"http:\/\/www.thesignspeaking.com\/wp-content\/uploads\/2020\/10\/lille3-1024x256.jpg\" alt=\"\" width=\"1024\" height=\"256\" srcset=\"https:\/\/www.thesignspeaking.com\/wp-content\/uploads\/2020\/10\/lille3-1024x256.jpg 1024w, https:\/\/www.thesignspeaking.com\/wp-content\/uploads\/2020\/10\/lille3-300x75.jpg 300w, https:\/\/www.thesignspeaking.com\/wp-content\/uploads\/2020\/10\/lille3-768x192.jpg 768w, https:\/\/www.thesignspeaking.com\/wp-content\/uploads\/2020\/10\/lille3.jpg 2000w\" sizes=\"(max-width: 1024px) 100vw, 1024px\" \/>Non a caso tutto questo accade a Lille. <a href=\"https:\/\/www.designiscapital.com\/en\/project\"><strong>Lille Metropole<\/strong><\/a>\u00a0\u00e8 la World Design Capital 2020. Alla base c&#8217;\u00e8 l&#8217;approccio progettuale pionieristico di Lille Metropole, che \u00e8 guidato dal desiderio di trasformare e ridefinire un patrimonio. La metropoli europea di Lille, conosciuta anche come MEL, si estende oltre il confine con il Belgio, costituendo una \u201cEurometropoli\u201d di 2,2 milioni di persone. Il MEL \u00e8 un Ente pubblico di cooperazione intercomunale, istituito con legge del 31 dicembre 1966. Raccoglie pi\u00f9 di un milione di cittadini su un territorio sia rurale che urbano, formato da grandi citt\u00e0 e villaggi, novanta in totale. Il MEL interviene in settori essenziali: urbanistica e campagna, cultura, rifiuti domestici, sviluppo sostenibile, acqua e depurazione, economia e occupazione, spazio pubblico e rete stradale pubblica, attrattivit\u00e0 europea e internazionale, ambiente abitativo e abitativo, affari urbani, natura e ambiente di vita, sport, turismo, trasporti e mobilit\u00e0, accessibilit\u00e0 per disabili, crematori.<img decoding=\"async\" class=\"size-large wp-image-14542 aligncenter\" src=\"http:\/\/www.thesignspeaking.com\/wp-content\/uploads\/2020\/10\/lille-792x1024.jpg\" alt=\"\" width=\"792\" height=\"1024\" srcset=\"https:\/\/www.thesignspeaking.com\/wp-content\/uploads\/2020\/10\/lille-792x1024.jpg 792w, https:\/\/www.thesignspeaking.com\/wp-content\/uploads\/2020\/10\/lille-232x300.jpg 232w, https:\/\/www.thesignspeaking.com\/wp-content\/uploads\/2020\/10\/lille-768x993.jpg 768w, https:\/\/www.thesignspeaking.com\/wp-content\/uploads\/2020\/10\/lille.jpg 1676w\" sizes=\"(max-width: 792px) 100vw, 792px\" \/>La prima tavola rotonda tematica di luned\u00ec 19 ottobre, dalle 15 alle 17, si intitola FUNDAMENTAL FREEDOMS: THE CHANGING FOUNDATION OF OUR DEMOCRACIES?<img decoding=\"async\" class=\"size-large wp-image-14540 aligncenter\" src=\"http:\/\/www.thesignspeaking.com\/wp-content\/uploads\/2020\/10\/lille2-1024x256.jpg\" alt=\"\" width=\"1024\" height=\"256\" srcset=\"https:\/\/www.thesignspeaking.com\/wp-content\/uploads\/2020\/10\/lille2-1024x256.jpg 1024w, https:\/\/www.thesignspeaking.com\/wp-content\/uploads\/2020\/10\/lille2-300x75.jpg 300w, https:\/\/www.thesignspeaking.com\/wp-content\/uploads\/2020\/10\/lille2-768x192.jpg 768w, https:\/\/www.thesignspeaking.com\/wp-content\/uploads\/2020\/10\/lille2.jpg 2000w\" sizes=\"(max-width: 1024px) 100vw, 1024px\" \/>Marted\u00ec 22, dalle 9 alle 11 (French time) invece la tavola rotonda affronta il tema DESIGN: A RESPONSE TO CITIZEN ANGER?<img decoding=\"async\" class=\"size-large wp-image-14541 aligncenter\" src=\"http:\/\/www.thesignspeaking.com\/wp-content\/uploads\/2020\/10\/lille1-1024x256.jpg\" alt=\"\" width=\"1024\" height=\"256\" srcset=\"https:\/\/www.thesignspeaking.com\/wp-content\/uploads\/2020\/10\/lille1-1024x256.jpg 1024w, https:\/\/www.thesignspeaking.com\/wp-content\/uploads\/2020\/10\/lille1-300x75.jpg 300w, https:\/\/www.thesignspeaking.com\/wp-content\/uploads\/2020\/10\/lille1-768x192.jpg 768w, https:\/\/www.thesignspeaking.com\/wp-content\/uploads\/2020\/10\/lille1.jpg 2000w\" sizes=\"(max-width: 1024px) 100vw, 1024px\" \/>Registrati per partecipare a questo evento di design virtuale gratuito e scoprire gli altri appuntamenti.<\/p>\n<\/span>","protected":false},"excerpt":{"rendered":"<p>Sebbene i piani siano stati interrotti dalla pandemia di Covid-19, il team di World Design Capital Lille Metropole 2020 si \u00e8 adattato per offrire alla comunit\u00e0 locale e globale di imprenditori, artisti, designer e settore pubblico un programma vario e articolato. NETWORK OF CITIES MEETING e POLICY CONFERENCE sono due eventi distintivi di World Design [&hellip;]<\/p>\n","protected":false},"author":3,"featured_media":14543,"comment_status":"open","ping_status":"open","sticky":false,"template":"","format":"standard","meta":[],"categories":[11],"tags":[1848,27,1847,1849,1196,1846,1113,1850],"_links":{"self":[{"href":"https:\/\/www.thesignspeaking.com\/it\/wp-json\/wp\/v2\/posts\/14538"}],"collection":[{"href":"https:\/\/www.thesignspeaking.com\/it\/wp-json\/wp\/v2\/posts"}],"about":[{"href":"https:\/\/www.thesignspeaking.com\/it\/wp-json\/wp\/v2\/types\/post"}],"author":[{"embeddable":true,"href":"https:\/\/www.thesignspeaking.com\/it\/wp-json\/wp\/v2\/users\/3"}],"replies":[{"embeddable":true,"href":"https:\/\/www.thesignspeaking.com\/it\/wp-json\/wp\/v2\/comments?post=14538"}],"version-history":[{"count":3,"href":"https:\/\/www.thesignspeaking.com\/it\/wp-json\/wp\/v2\/posts\/14538\/revisions"}],"predecessor-version":[{"id":14546,"href":"https:\/\/www.thesignspeaking.com\/it\/wp-json\/wp\/v2\/posts\/14538\/revisions\/14546"}],"wp:featuredmedia":[{"embeddable":true,"href":"https:\/\/www.thesignspeaking.com\/it\/wp-json\/wp\/v2\/media\/14543"}],"wp:attachment":[{"href":"https:\/\/www.thesignspeaking.com\/it\/wp-json\/wp\/v2\/media?parent=14538"}],"wp:term":[{"taxonomy":"category","embeddable":true,"href":"https:\/\/www.thesignspeaking.com\/it\/wp-json\/wp\/v2\/categories?post=14538"},{"taxonomy":"post_tag","embeddable":true,"href":"https:\/\/www.thesignspeaking.com\/it\/wp-json\/wp\/v2\/tags?post=14538"}],"curies":[{"name":"wp","href":"https:\/\/api.w.org\/{rel}","templated":true}]}}