{"id":14629,"date":"2020-10-28T17:20:11","date_gmt":"2020-10-28T16:20:11","guid":{"rendered":"http:\/\/www.thesignspeaking.com\/?p=14629"},"modified":"2021-02-08T01:10:16","modified_gmt":"2021-02-08T00:10:16","slug":"saverio-palatella-invita-combattere-per-propri-diritti","status":"publish","type":"post","link":"https:\/\/www.thesignspeaking.com\/it\/saverio-palatella-invita-combattere-per-propri-diritti\/","title":{"rendered":"Saverio Palatella invites to Fight for your right"},"content":{"rendered":"<span class=\"cb-itemprop\" itemprop=\"reviewBody\"><h1>Saverio Palatella invita combattere per i propri diritti<\/h1>\n<p><iframe width=\"1200\" height=\"675\" src=\"https:\/\/www.youtube.com\/embed\/3q5IwLS9Pu8?feature=oembed\" frameborder=\"0\" allow=\"accelerometer; autoplay; clipboard-write; encrypted-media; gyroscope; picture-in-picture\" allowfullscreen><\/iframe><\/p>\n<p>\u201c<em>Il femminile si autodetermina ed e\u0300 pronto a governare. Il logo scelto e\u0300 la sintesi del nuovo femminile. La moda e l\u2019abbigliamento in genere sempre di piu\u0300 si impegnano nel sensibilizzare il mondo alle nuove istanze<\/em>\u201d dice il fashion designer Saverio Palatella. \u201c<em>Per celebrare la forza della donna abbiamo creato questo progetto di comunicazione<\/em>\u201d.<br \/>\n<img decoding=\"async\" class=\"size-large wp-image-14634 aligncenter\" src=\"http:\/\/www.thesignspeaking.com\/wp-content\/uploads\/2020\/10\/SAVERIO-PALATELLA-A_I-2021_CHIARA-MAZZOLENI1120-741x1024.jpg\" alt=\"\" width=\"741\" height=\"1024\" srcset=\"https:\/\/www.thesignspeaking.com\/wp-content\/uploads\/2020\/10\/SAVERIO-PALATELLA-A_I-2021_CHIARA-MAZZOLENI1120-741x1024.jpg 741w, https:\/\/www.thesignspeaking.com\/wp-content\/uploads\/2020\/10\/SAVERIO-PALATELLA-A_I-2021_CHIARA-MAZZOLENI1120-217x300.jpg 217w, https:\/\/www.thesignspeaking.com\/wp-content\/uploads\/2020\/10\/SAVERIO-PALATELLA-A_I-2021_CHIARA-MAZZOLENI1120-768x1061.jpg 768w, https:\/\/www.thesignspeaking.com\/wp-content\/uploads\/2020\/10\/SAVERIO-PALATELLA-A_I-2021_CHIARA-MAZZOLENI1120.jpg 855w\" sizes=\"(max-width: 741px) 100vw, 741px\" \/>L&#8217;occasione sono gli oltre cento anni dal riconoscimento del voto alle donne e lo fa riprendendo l\u2019immagine di una suffragetta nella campagna per il voto.<img decoding=\"async\" class=\"size-full wp-image-14631 aligncenter\" src=\"http:\/\/www.thesignspeaking.com\/wp-content\/uploads\/2020\/10\/The-Neatly-Packaged-Rage-of-a-Protest-Sign.jpg\" alt=\"\" width=\"450\" height=\"676\" srcset=\"https:\/\/www.thesignspeaking.com\/wp-content\/uploads\/2020\/10\/The-Neatly-Packaged-Rage-of-a-Protest-Sign.jpg 450w, https:\/\/www.thesignspeaking.com\/wp-content\/uploads\/2020\/10\/The-Neatly-Packaged-Rage-of-a-Protest-Sign-200x300.jpg 200w\" sizes=\"(max-width: 450px) 100vw, 450px\" \/>La collezione <a href=\"http:\/\/www.saveriopalatella.it\/\"><strong>Saverio Palatella<\/strong><\/a> Fall-Winter 2020\/21 &#8211; Spring 2021\u00a0sintetizza e celebra questo percorso proponendo per due stagioni di seguito quattro modelli da donna e due da uomo in 100% cashmere.<br \/>\nI colori: nero, blu scuro, grigio flanella, albicocca, bianco.<img decoding=\"async\" class=\"size-full wp-image-14630 aligncenter\" src=\"http:\/\/www.thesignspeaking.com\/wp-content\/uploads\/2020\/10\/119060640_10157093519111205_2513027647252065791_o.jpg\" alt=\"\" width=\"526\" height=\"526\" srcset=\"https:\/\/www.thesignspeaking.com\/wp-content\/uploads\/2020\/10\/119060640_10157093519111205_2513027647252065791_o.jpg 526w, https:\/\/www.thesignspeaking.com\/wp-content\/uploads\/2020\/10\/119060640_10157093519111205_2513027647252065791_o-150x150.jpg 150w, https:\/\/www.thesignspeaking.com\/wp-content\/uploads\/2020\/10\/119060640_10157093519111205_2513027647252065791_o-300x300.jpg 300w, https:\/\/www.thesignspeaking.com\/wp-content\/uploads\/2020\/10\/119060640_10157093519111205_2513027647252065791_o-125x125.jpg 125w\" sizes=\"(max-width: 526px) 100vw, 526px\" \/>Di base a Milano, Saverio Palatella si esprime attraverso la maglieria e ha un&#8217;opulenza di stile e design. La carriera di Saverio nella moda inizia nei primi anni &#8217;80 quando frequenta la scuola internazionale di fashion design Ecole Ber\u00e7ot a Parigi. \u00c8 uno degli esperti di maglieria pi\u00f9 rispettati ed \u00e8 riconosciuto dalla stampa di moda e dai buyer per la trasformazione della maglieria da \u201caccessorio\u201d a pr\u00eat-\u00e0-porter e tricot couture. Saverio Palatella \u00e8 anche noto per la sua consulenza di design per vari marchi.<\/p>\n<p>Le sue collezioni eleganti e senza tempo sono un&#8217;epitome del design e dell&#8217;artigianato italiano e incarnano il valore del &#8220;Made in Italy&#8221;. Sempre in anticipo sui tempi, lo stilista utilizza le fibre pi\u00f9 pregiate e la sua attenzione ai dettagli \u00e8 alla base di uno stile contemporaneo e raffinato.<\/p>\n<p>Ama esplorare diversi modi di trasmettere le emozioni al pubblico e collabora con artisti a progetti di teatro, musica, cortometraggi e video arte.<img decoding=\"async\" class=\"size-large wp-image-14636 aligncenter\" src=\"http:\/\/www.thesignspeaking.com\/wp-content\/uploads\/2020\/10\/SAVERIO-PALATELLA-A_I-2021_CHIARA-MAZZOLENI5367-copia-741x1024.jpg\" alt=\"\" width=\"741\" height=\"1024\" srcset=\"https:\/\/www.thesignspeaking.com\/wp-content\/uploads\/2020\/10\/SAVERIO-PALATELLA-A_I-2021_CHIARA-MAZZOLENI5367-copia-741x1024.jpg 741w, https:\/\/www.thesignspeaking.com\/wp-content\/uploads\/2020\/10\/SAVERIO-PALATELLA-A_I-2021_CHIARA-MAZZOLENI5367-copia-217x300.jpg 217w, https:\/\/www.thesignspeaking.com\/wp-content\/uploads\/2020\/10\/SAVERIO-PALATELLA-A_I-2021_CHIARA-MAZZOLENI5367-copia-768x1061.jpg 768w, https:\/\/www.thesignspeaking.com\/wp-content\/uploads\/2020\/10\/SAVERIO-PALATELLA-A_I-2021_CHIARA-MAZZOLENI5367-copia.jpg 855w\" sizes=\"(max-width: 741px) 100vw, 741px\" \/> <img decoding=\"async\" class=\"size-large wp-image-14635 aligncenter\" src=\"http:\/\/www.thesignspeaking.com\/wp-content\/uploads\/2020\/10\/SAVERIO-PALATELLA-A_I-2021_CHIARA-MAZZOLENI5327-copia-1024x741.jpg\" alt=\"\" width=\"1024\" height=\"741\" srcset=\"https:\/\/www.thesignspeaking.com\/wp-content\/uploads\/2020\/10\/SAVERIO-PALATELLA-A_I-2021_CHIARA-MAZZOLENI5327-copia-1024x741.jpg 1024w, https:\/\/www.thesignspeaking.com\/wp-content\/uploads\/2020\/10\/SAVERIO-PALATELLA-A_I-2021_CHIARA-MAZZOLENI5327-copia-300x217.jpg 300w, https:\/\/www.thesignspeaking.com\/wp-content\/uploads\/2020\/10\/SAVERIO-PALATELLA-A_I-2021_CHIARA-MAZZOLENI5327-copia-768x556.jpg 768w, https:\/\/www.thesignspeaking.com\/wp-content\/uploads\/2020\/10\/SAVERIO-PALATELLA-A_I-2021_CHIARA-MAZZOLENI5327-copia.jpg 1631w\" sizes=\"(max-width: 1024px) 100vw, 1024px\" \/> \u00a0<img decoding=\"async\" class=\"size-large wp-image-14633 aligncenter\" src=\"http:\/\/www.thesignspeaking.com\/wp-content\/uploads\/2020\/10\/SAVERIO-PALATELLA-A_I-2021_CHIARA-MAZZOLENI0788-copia-741x1024.jpg\" alt=\"\" width=\"741\" height=\"1024\" srcset=\"https:\/\/www.thesignspeaking.com\/wp-content\/uploads\/2020\/10\/SAVERIO-PALATELLA-A_I-2021_CHIARA-MAZZOLENI0788-copia-741x1024.jpg 741w, https:\/\/www.thesignspeaking.com\/wp-content\/uploads\/2020\/10\/SAVERIO-PALATELLA-A_I-2021_CHIARA-MAZZOLENI0788-copia-217x300.jpg 217w, https:\/\/www.thesignspeaking.com\/wp-content\/uploads\/2020\/10\/SAVERIO-PALATELLA-A_I-2021_CHIARA-MAZZOLENI0788-copia-768x1061.jpg 768w, https:\/\/www.thesignspeaking.com\/wp-content\/uploads\/2020\/10\/SAVERIO-PALATELLA-A_I-2021_CHIARA-MAZZOLENI0788-copia.jpg 855w\" sizes=\"(max-width: 741px) 100vw, 741px\" \/> <img decoding=\"async\" class=\"size-large wp-image-14632 aligncenter\" src=\"http:\/\/www.thesignspeaking.com\/wp-content\/uploads\/2020\/10\/SAVERIO-PALATELLA-A_I-2021_CHIARA-MAZZOLENI0645-copia-741x1024.jpg\" alt=\"\" width=\"741\" height=\"1024\" srcset=\"https:\/\/www.thesignspeaking.com\/wp-content\/uploads\/2020\/10\/SAVERIO-PALATELLA-A_I-2021_CHIARA-MAZZOLENI0645-copia-741x1024.jpg 741w, https:\/\/www.thesignspeaking.com\/wp-content\/uploads\/2020\/10\/SAVERIO-PALATELLA-A_I-2021_CHIARA-MAZZOLENI0645-copia-217x300.jpg 217w, https:\/\/www.thesignspeaking.com\/wp-content\/uploads\/2020\/10\/SAVERIO-PALATELLA-A_I-2021_CHIARA-MAZZOLENI0645-copia-768x1061.jpg 768w, https:\/\/www.thesignspeaking.com\/wp-content\/uploads\/2020\/10\/SAVERIO-PALATELLA-A_I-2021_CHIARA-MAZZOLENI0645-copia.jpg 855w\" sizes=\"(max-width: 741px) 100vw, 741px\" \/><\/p>\n<p>Foto: <strong><a href=\"http:\/\/www.amilcareincalza.com\/\">Amilcare Incalza<\/a><\/strong><\/p>\n<\/span>","protected":false},"excerpt":{"rendered":"<p>Saverio Palatella invita combattere per i propri diritti \u201cIl femminile si autodetermina ed e\u0300 pronto a governare. Il logo scelto e\u0300 la sintesi del nuovo femminile. La moda e l\u2019abbigliamento in genere sempre di piu\u0300 si impegnano nel sensibilizzare il mondo alle nuove istanze\u201d dice il fashion designer Saverio Palatella. \u201cPer celebrare la forza della [&hellip;]<\/p>\n","protected":false},"author":3,"featured_media":14630,"comment_status":"open","ping_status":"open","sticky":false,"template":"","format":"standard","meta":[],"categories":[4],"tags":[415,33,290,1883],"_links":{"self":[{"href":"https:\/\/www.thesignspeaking.com\/it\/wp-json\/wp\/v2\/posts\/14629"}],"collection":[{"href":"https:\/\/www.thesignspeaking.com\/it\/wp-json\/wp\/v2\/posts"}],"about":[{"href":"https:\/\/www.thesignspeaking.com\/it\/wp-json\/wp\/v2\/types\/post"}],"author":[{"embeddable":true,"href":"https:\/\/www.thesignspeaking.com\/it\/wp-json\/wp\/v2\/users\/3"}],"replies":[{"embeddable":true,"href":"https:\/\/www.thesignspeaking.com\/it\/wp-json\/wp\/v2\/comments?post=14629"}],"version-history":[{"count":9,"href":"https:\/\/www.thesignspeaking.com\/it\/wp-json\/wp\/v2\/posts\/14629\/revisions"}],"predecessor-version":[{"id":14911,"href":"https:\/\/www.thesignspeaking.com\/it\/wp-json\/wp\/v2\/posts\/14629\/revisions\/14911"}],"wp:featuredmedia":[{"embeddable":true,"href":"https:\/\/www.thesignspeaking.com\/it\/wp-json\/wp\/v2\/media\/14630"}],"wp:attachment":[{"href":"https:\/\/www.thesignspeaking.com\/it\/wp-json\/wp\/v2\/media?parent=14629"}],"wp:term":[{"taxonomy":"category","embeddable":true,"href":"https:\/\/www.thesignspeaking.com\/it\/wp-json\/wp\/v2\/categories?post=14629"},{"taxonomy":"post_tag","embeddable":true,"href":"https:\/\/www.thesignspeaking.com\/it\/wp-json\/wp\/v2\/tags?post=14629"}],"curies":[{"name":"wp","href":"https:\/\/api.w.org\/{rel}","templated":true}]}}