{"id":14750,"date":"2020-12-03T00:53:05","date_gmt":"2020-12-02T23:53:05","guid":{"rendered":"http:\/\/www.thesignspeaking.com\/?p=14750"},"modified":"2020-12-03T10:53:43","modified_gmt":"2020-12-03T09:53:43","slug":"adi-awards-2020-winners","status":"publish","type":"post","link":"https:\/\/www.thesignspeaking.com\/it\/adi-awards-2020-winners\/","title":{"rendered":"ADI Awards 2020 Winners"},"content":{"rendered":"<span class=\"cb-itemprop\" itemprop=\"reviewBody\"><p>&#8220;<em>Il design \u00e8 fondamentale per il successo delle aziende, per il futuro della nostra economia e per la reindustrializzazione del paese. Il design pu\u00f2 salvare le aziende dalla chiusura o risollevare dal baratro l&#8217;economia di un paese <\/em>&#8220;. Salvi Plaja, presidente dell&#8217;<a href=\"http:\/\/www.fad.cat\/adi-fad\/en\"><strong>ADI-FAD\u00a0<\/strong><\/a>Industrial Design Association di Barcellona ha sottolineato l&#8217;importanza di riconoscere il ruolo svolto dall&#8217;industria e l&#8217;urgenza di integrare efficacemente il design nelle aziende in occasione degli ADI 2020 Awards organizzati lo scorso 24 novembre.<\/p>\n<p>La giuria che ha assegnato otto Delta d&#8217;oro, sedici Delta d&#8217;argento e una Menzione era composta da Davide Groppi, designer e imprenditore italiano, ideatore di un racconto personale e poetico nel mondo dell&#8217;illuminazione; Matali Crasset, designer industriale francese, creatrice di scenografie, mobili, interior e graphic design; Frank Zierenberg, il direttore tedesco degli iF Design Awards internazionali; Marta Alonso, architetta e designer spagnola, fondatrice di Mayice Studio; Vicen\u00e7 Aguilera, ex direttore anch\u2019egli spagnolo dell&#8217;Automotive Industry Cluster.<\/p>\n<p>Aziende e designer come SEAT, Brafim, ADDIT \u00b7 ION, BD Barcelona, GOFI, ACID e Nacar Design, hanno vinto il Golden Delta, il pi\u00f9 importante riconoscimento del Delta Award, nell&#8217;ambito degli ADI Awards 2020.<\/p>\n<p>Questi premi riuniscono i principali riconoscimenti nel campo del design del prodotto in Spagna: i Delta Awards, per professionisti e aziende di design industriale, assegnati dal 1961; le Medaglie ADI per gli studenti di product design dal 1976, in collaborazione con Fondazione Banco Sabadell; e l&#8217;ADI Cultura Awards per quei progetti che promuovono e valorizzano la cultura del design, compreso un premio alla carriera che riconosce il lavoro di professionisti e organizzazioni del settore del design.<\/p>\n<p>Giunti alla 40esima edizione, i premi hanno reso visibili i team multidisciplinari, il lavoro svolto nelle aziende manifatturiere dai loro reparti interni di progettazione, nonch\u00e9 la progettazione di prodotti ad alto valore tecnologico, ergonomici o personalizzabili, grazie all&#8217;utilizzo di tecnologie come il 3D stampa o progettazione generativa utilizzando AI.<\/p>\n<p>Tra i premi:<\/p>\n<h4><strong>Mobility<\/strong><\/h4>\n<p><strong>Gold Delta<\/strong><\/p>\n<p><strong>Project: <\/strong>CUPRA FORMENTOR, un veicolo che si distingue per il suo carattere formale audace<\/p>\n<p><strong>Design: <\/strong>CUPRA DESIGN TEAM &#8211; Alejandro Mesonero-Romanos<\/p>\n<p><strong>Company: <\/strong>SEAT<\/p>\n<p><strong>Jury Statement:\u00a0<\/strong>Perch\u00e9\u00a0il lancio del design per un nuovo marchio \u00e8 una grande sfida. Un design unico e complesso dietro al quale si cela il grande impegno del team di design interno formato da centinaia di designer invisibili che vorremmo riconoscere.<\/p>\n<div id=\"attachment_14754\" style=\"width: 1034px\"  class=\"wp-caption aligncenter\"><img decoding=\"async\" class=\"size-large wp-image-14754\" src=\"http:\/\/www.thesignspeaking.com\/wp-content\/uploads\/2020\/12\/Covers-come-off-the-CUPRA-Formentor_04_HQ1-1024x664.jpg\" alt=\"\" width=\"1024\" height=\"664\" srcset=\"https:\/\/www.thesignspeaking.com\/wp-content\/uploads\/2020\/12\/Covers-come-off-the-CUPRA-Formentor_04_HQ1.jpg 1024w, https:\/\/www.thesignspeaking.com\/wp-content\/uploads\/2020\/12\/Covers-come-off-the-CUPRA-Formentor_04_HQ1-300x195.jpg 300w, https:\/\/www.thesignspeaking.com\/wp-content\/uploads\/2020\/12\/Covers-come-off-the-CUPRA-Formentor_04_HQ1-768x498.jpg 768w, https:\/\/www.thesignspeaking.com\/wp-content\/uploads\/2020\/12\/Covers-come-off-the-CUPRA-Formentor_04_HQ1-100x65.jpg 100w, https:\/\/www.thesignspeaking.com\/wp-content\/uploads\/2020\/12\/Covers-come-off-the-CUPRA-Formentor_04_HQ1-260x170.jpg 260w\" sizes=\"(max-width: 1024px) 100vw, 1024px\" \/><p class=\"wp-caption-text\">Cupra Formentor by CUPRA DESIGN TEAM &#8211; Alejandro Mesonero-Romanos<\/p><\/div>\n<p>&nbsp;<\/p>\n<p><strong>Silver Delta<\/strong><\/p>\n<p><strong>Project: <\/strong>OOHBIKE, bicicletta elettrica<\/p>\n<p><strong>Design: <\/strong>\u00c0NIMA Barcelona<\/p>\n<p><strong>Company: <\/strong>OOHBIKE<\/p>\n<p><strong>Jury Statement:\u00a0<\/strong>Perch\u00e9 \u00e8 una bicicletta innovativa e apprezziamo che sul mercato ci sia\u00a0la massima variet\u00e0 di biciclette per fornire l&#8217;accesso a tutti i tipi di utenti a questo mezzo di trasporto, cos\u00ec necessario per l&#8217;ambiente. D&#8217;altro canto si tratta di una proposta estremamente estetica, di elevata complessit\u00e0 e costo elevato per l&#8217;impianto frenante di una bicicletta, senza benefici funzionali e dubbi sul suo corretto funzionamento rispetto a urti e polvere.<\/p>\n<div id=\"attachment_14756\" style=\"width: 1034px\"  class=\"wp-caption aligncenter\"><img decoding=\"async\" class=\"size-large wp-image-14756\" src=\"http:\/\/www.thesignspeaking.com\/wp-content\/uploads\/2020\/12\/oohbike_003-1024x665.jpg\" alt=\"\" width=\"1024\" height=\"665\" srcset=\"https:\/\/www.thesignspeaking.com\/wp-content\/uploads\/2020\/12\/oohbike_003.jpg 1024w, https:\/\/www.thesignspeaking.com\/wp-content\/uploads\/2020\/12\/oohbike_003-300x195.jpg 300w, https:\/\/www.thesignspeaking.com\/wp-content\/uploads\/2020\/12\/oohbike_003-768x499.jpg 768w, https:\/\/www.thesignspeaking.com\/wp-content\/uploads\/2020\/12\/oohbike_003-100x65.jpg 100w, https:\/\/www.thesignspeaking.com\/wp-content\/uploads\/2020\/12\/oohbike_003-260x170.jpg 260w\" sizes=\"(max-width: 1024px) 100vw, 1024px\" \/><p class=\"wp-caption-text\">Oohbike by Gast\u00f3n Gil and Zulema Josa<\/p><\/div>\n<h4>Outdoor Equipment<\/h4>\n<p><strong>\u00a0<\/strong><\/p>\n<p><strong>Gold <\/strong><strong>Delta<\/strong><\/p>\n<p><strong>Project: <\/strong>Garbet, un componente ceramico modulare che pu\u00f2 essere combinato per creare\u00a0schermi autoportanti con numerose configurazioni<\/p>\n<p><strong>Design: <\/strong>emiliana design studio \u2014 Emili Padr\u00f3s &#038; Ana Mir<\/p>\n<p><strong>Company: <\/strong>Cer\u00e1mica Ferr\u00e9s<\/p>\n<p><strong>Jury Statement:\u00a0<\/strong>Perch\u00e9 \u00e8 un elemento diverso e nuovo all&#8217;interno della tradizione ceramica mediterranea. La modularit\u00e0 del reticolo offre luci e ombre creando spazi poetici e interessanti.<\/p>\n<div id=\"attachment_14759\" style=\"width: 1034px\"  class=\"wp-caption aligncenter\"><img decoding=\"async\" class=\"size-large wp-image-14759\" src=\"http:\/\/www.thesignspeaking.com\/wp-content\/uploads\/2020\/12\/6f5a387dcd36-garbet_imagen_6-1024x682.jpg\" alt=\"\" width=\"1024\" height=\"682\" srcset=\"https:\/\/www.thesignspeaking.com\/wp-content\/uploads\/2020\/12\/6f5a387dcd36-garbet_imagen_6.jpg 1024w, https:\/\/www.thesignspeaking.com\/wp-content\/uploads\/2020\/12\/6f5a387dcd36-garbet_imagen_6-300x200.jpg 300w, https:\/\/www.thesignspeaking.com\/wp-content\/uploads\/2020\/12\/6f5a387dcd36-garbet_imagen_6-768x512.jpg 768w, https:\/\/www.thesignspeaking.com\/wp-content\/uploads\/2020\/12\/6f5a387dcd36-garbet_imagen_6-360x240.jpg 360w\" sizes=\"(max-width: 1024px) 100vw, 1024px\" \/><p class=\"wp-caption-text\">Garbet by emiliana design studio \u2014 Emili Padr\u00f3s &#038; Ana Mir<\/p><\/div>\n<p>&nbsp;<\/p>\n<p><strong>Silver Delta<\/strong><\/p>\n<p><strong>Project: <\/strong>Kodol\u00e9, pavimentazione triangolare in pietra con tacco incorporato alla base<\/p>\n<p><strong>Design: <\/strong>ESPIN\u00c0S I TARRAS\u00d3 &#8211; OLGA TARRAS\u00d3 CLIMENT<\/p>\n<p>(architect) &#038; JULI\u00c0 ESPIN\u00c0S CASAS (designer).<\/p>\n<p><strong>Company: <\/strong>Breincosmart<\/p>\n<p><strong>Jury Statement:\u00a0<\/strong>Perch\u00e9 \u00e8 un progetto con un impegno ecologico, l&#8217;acqua pu\u00f2 scorrere attraverso la pavimentazione, le piante possono anche crescere tra le pietre e il sistema consente diverse composizioni. L&#8217;idea \u00e8 quella di creare superfici discontinue nelle nostre citt\u00e0, lasciando che la natura si diffonda e interrompendo la continuit\u00e0 del cemento grigio.<\/p>\n<div id=\"attachment_14762\" style=\"width: 1034px\"  class=\"wp-caption aligncenter\"><img decoding=\"async\" class=\"size-large wp-image-14762\" src=\"http:\/\/www.thesignspeaking.com\/wp-content\/uploads\/2020\/12\/b36d812679bb-kodole_imatge_01-1024x683.jpg\" alt=\"\" width=\"1024\" height=\"683\" srcset=\"https:\/\/www.thesignspeaking.com\/wp-content\/uploads\/2020\/12\/b36d812679bb-kodole_imatge_01.jpg 1024w, https:\/\/www.thesignspeaking.com\/wp-content\/uploads\/2020\/12\/b36d812679bb-kodole_imatge_01-300x200.jpg 300w, https:\/\/www.thesignspeaking.com\/wp-content\/uploads\/2020\/12\/b36d812679bb-kodole_imatge_01-768x512.jpg 768w, https:\/\/www.thesignspeaking.com\/wp-content\/uploads\/2020\/12\/b36d812679bb-kodole_imatge_01-360x240.jpg 360w\" sizes=\"(max-width: 1024px) 100vw, 1024px\" \/><p class=\"wp-caption-text\">Kodol\u00e9 by ESPIN\u00c0S I TARRAS\u00d3<\/p><\/div>\n<p>&nbsp;<\/p>\n<p><strong>Silver Delta<\/strong><\/p>\n<p><strong>Project: <\/strong>Satellite, un concetto innovativo all&#8217;interno dell&#8217;arredo urbano<\/p>\n<p><strong>Design: <\/strong>Gerard Arqu\u00e9 &#038; Mart\u00edn Caneda<\/p>\n<p><strong>Company: <\/strong>Escofet 1886<\/p>\n<p><strong>Jury Statement<\/strong><strong>:\u00a0<\/strong>Perch\u00e9 \u00e8 un nuovo modo di sedersi collettivamente, in modo organico e informale all&#8217;interno dello spazio pubblico.<\/p>\n<div id=\"attachment_14752\" style=\"width: 1034px\"  class=\"wp-caption aligncenter\"><img decoding=\"async\" class=\"wp-image-14752 size-large\" src=\"http:\/\/www.thesignspeaking.com\/wp-content\/uploads\/2020\/12\/c97a5a03b05b-SATELLITE_imatge_04-1024x683.jpg\" alt=\"\" width=\"1024\" height=\"683\" srcset=\"https:\/\/www.thesignspeaking.com\/wp-content\/uploads\/2020\/12\/c97a5a03b05b-SATELLITE_imatge_04.jpg 1024w, https:\/\/www.thesignspeaking.com\/wp-content\/uploads\/2020\/12\/c97a5a03b05b-SATELLITE_imatge_04-300x200.jpg 300w, https:\/\/www.thesignspeaking.com\/wp-content\/uploads\/2020\/12\/c97a5a03b05b-SATELLITE_imatge_04-768x512.jpg 768w, https:\/\/www.thesignspeaking.com\/wp-content\/uploads\/2020\/12\/c97a5a03b05b-SATELLITE_imatge_04-360x240.jpg 360w\" sizes=\"(max-width: 1024px) 100vw, 1024px\" \/><p class=\"wp-caption-text\">Satellite by Gerard Arqu\u00e9 &#038; Mart\u00edn Caneda<\/p><\/div>\n<p>&nbsp;<\/p>\n<p><strong>Silver Delta<\/strong><\/p>\n<p><strong>Project:<\/strong> IN<strong>,<\/strong>un oggetto multifunzionale, concepito come un gruppo di sgabelli, la cui forma favorisce il gioco e l&#8217;interazione<\/p>\n<p><strong>Design: <\/strong>Gast\u00f3n Gil and Zulema Josa<\/p>\n<p><strong>Company: <\/strong>Hoioh Design<\/p>\n<p><strong>Jury Statement:\u00a0<\/strong>Perch\u00e9 \u00e8 una nuova tipologia o un nuovo modo di produrre uno sgabello, di qualit\u00e0 e che serve a pi\u00f9 scopi. Partendo dal concept, un&#8217;idea semplice ma con troppo impegno costruttivo, ha bisogno di un&#8217;altra svolta.<\/p>\n<div id=\"attachment_14763\" style=\"width: 829px\"  class=\"wp-caption aligncenter\"><img decoding=\"async\" class=\"wp-image-14763 size-large\" src=\"http:\/\/www.thesignspeaking.com\/wp-content\/uploads\/2020\/12\/51159f767836-IN_imatge_02-1-819x1024.jpg\" alt=\"\" width=\"819\" height=\"1024\" srcset=\"https:\/\/www.thesignspeaking.com\/wp-content\/uploads\/2020\/12\/51159f767836-IN_imatge_02-1-819x1024.jpg 819w, https:\/\/www.thesignspeaking.com\/wp-content\/uploads\/2020\/12\/51159f767836-IN_imatge_02-1-240x300.jpg 240w, https:\/\/www.thesignspeaking.com\/wp-content\/uploads\/2020\/12\/51159f767836-IN_imatge_02-1-768x961.jpg 768w, https:\/\/www.thesignspeaking.com\/wp-content\/uploads\/2020\/12\/51159f767836-IN_imatge_02-1.jpg 1024w\" sizes=\"(max-width: 819px) 100vw, 819px\" \/><p class=\"wp-caption-text\">IN by Gast\u00f3n Gil and Zulema Josa<\/p><\/div>\n<p>&nbsp;<\/p>\n<p><strong>Delta Mention<\/strong><\/p>\n<p><strong>Project: <\/strong>Baldufa Light,\u00a0una luce ambientale in legno naturale che ricorda una trottola<\/p>\n<p><strong>Design: <\/strong>\u00c0NIMA Barcelona &#8211; Diego Quiroga<\/p>\n<p><strong>Company: <\/strong>ARTIKA<\/p>\n<p><strong>Jury Statement:\u00a0<\/strong>Per l&#8217;idea di poter reclinare la luce e creare una illuminazione ad angolo, per il suo carattere giocoso ispiratore.<\/p>\n<div id=\"attachment_14751\" style=\"width: 1034px\"  class=\"wp-caption aligncenter\"><img decoding=\"async\" class=\"size-large wp-image-14751\" src=\"http:\/\/www.thesignspeaking.com\/wp-content\/uploads\/2020\/12\/baldufa_03-1024x576.jpg\" alt=\"\" width=\"1024\" height=\"576\" srcset=\"https:\/\/www.thesignspeaking.com\/wp-content\/uploads\/2020\/12\/baldufa_03.jpg 1024w, https:\/\/www.thesignspeaking.com\/wp-content\/uploads\/2020\/12\/baldufa_03-300x169.jpg 300w, https:\/\/www.thesignspeaking.com\/wp-content\/uploads\/2020\/12\/baldufa_03-768x432.jpg 768w\" sizes=\"(max-width: 1024px) 100vw, 1024px\" \/><p class=\"wp-caption-text\">Baldufa by \u00c0NIMA Barcelona &#8211; Diego Quiroga<\/p><\/div>\n<p>&nbsp;<\/p>\n<p><strong>Silver Delta<\/strong><\/p>\n<p><strong>Project: <\/strong>BOB, gamma di prodotti per la pulizia<\/p>\n<p><strong>Design: <\/strong>Studio Inma Berm\u00fadez<\/p>\n<p><strong>Company: <\/strong>Sp. Berner<\/p>\n<p><strong>Jury Statement<\/strong><strong>:\u00a0<\/strong>Perch\u00e9 \u00e8 un prodotto altamente integrato con la cultura del paese. Dalle linee pure, facili da pulire, sostenibili e che evocano semplicit\u00e0 e corretto utilizzo quotidiano. Innova i prodotti per la cura della casa, un campo con poche proposte di valore.<\/p>\n<div id=\"attachment_14761\" style=\"width: 1034px\"  class=\"wp-caption aligncenter\"><img decoding=\"async\" class=\"size-large wp-image-14761\" src=\"http:\/\/www.thesignspeaking.com\/wp-content\/uploads\/2020\/12\/256183ed0ba0-BOB_imagen_03-1024x668.jpg\" alt=\"\" width=\"1024\" height=\"668\" srcset=\"https:\/\/www.thesignspeaking.com\/wp-content\/uploads\/2020\/12\/256183ed0ba0-BOB_imagen_03.jpg 1024w, https:\/\/www.thesignspeaking.com\/wp-content\/uploads\/2020\/12\/256183ed0ba0-BOB_imagen_03-300x196.jpg 300w, https:\/\/www.thesignspeaking.com\/wp-content\/uploads\/2020\/12\/256183ed0ba0-BOB_imagen_03-768x501.jpg 768w, https:\/\/www.thesignspeaking.com\/wp-content\/uploads\/2020\/12\/256183ed0ba0-BOB_imagen_03-100x65.jpg 100w, https:\/\/www.thesignspeaking.com\/wp-content\/uploads\/2020\/12\/256183ed0ba0-BOB_imagen_03-260x170.jpg 260w\" sizes=\"(max-width: 1024px) 100vw, 1024px\" \/><p class=\"wp-caption-text\">BOB by Studio Inma Berm\u00fadez<\/p><\/div>\n<h4>Design for the body<\/h4>\n<p><strong>Gold Delta<\/strong><\/p>\n<p><strong>Project: <\/strong>AI, attacchi per lo snowboard<\/p>\n<p><strong>Design: <\/strong>ADDIT\u00b7ION<\/p>\n<p><strong>Company: <\/strong>ADDIT\u00b7ION &#038; Nidecker<\/p>\n<p><strong>Jury Statement:\u00a0<\/strong>Essendo un oggetto altamente personalizzabile progettato dall&#8217;intelligenza artificiale attraverso la stampa 3D, aiuta a guidare pi\u00f9 velocemente, \u00e8 flessibile, aiuta in curva, \u00e8 ergonomico, leggero e speriamo che svolga la sua funzione.<\/p>\n<div id=\"attachment_14760\" style=\"width: 1034px\"  class=\"wp-caption aligncenter\"><img decoding=\"async\" class=\"wp-image-14760 size-large\" src=\"http:\/\/www.thesignspeaking.com\/wp-content\/uploads\/2020\/12\/9ab92dd6fb17-AI_Snowboading_bindings_imagen_03-1024x848.jpg\" alt=\"\" width=\"1024\" height=\"848\" srcset=\"https:\/\/www.thesignspeaking.com\/wp-content\/uploads\/2020\/12\/9ab92dd6fb17-AI_Snowboading_bindings_imagen_03.jpg 1024w, https:\/\/www.thesignspeaking.com\/wp-content\/uploads\/2020\/12\/9ab92dd6fb17-AI_Snowboading_bindings_imagen_03-300x248.jpg 300w, https:\/\/www.thesignspeaking.com\/wp-content\/uploads\/2020\/12\/9ab92dd6fb17-AI_Snowboading_bindings_imagen_03-768x636.jpg 768w\" sizes=\"(max-width: 1024px) 100vw, 1024px\" \/><p class=\"wp-caption-text\">AI attacchi per snowboard by ADDIT\u00b7ION<\/p><\/div>\n<p>&nbsp;<\/p>\n<h4>Packaging<\/h4>\n<p><strong>Gold Delta<\/strong><\/p>\n<p><strong>Project: <\/strong>Scudopack, un sistema di confezionamento in cartone 100% riciclabile prodotto con tecnologia di stampa 3D, adatto a proteggere qualsiasi prodotto<\/p>\n<p><strong>Design: <\/strong>Estudi Brafim &#8211; Enric &#038; Jordi Fiestas<\/p>\n<p><strong>Company: <\/strong>Brafim Mecplast<\/p>\n<p><strong>Jury Statement<\/strong><strong>:\u00a0<\/strong>Per sostenere un mondo pi\u00f9 verde, un design semplice, facile da usare, che si adatta a qualsiasi oggetto, sostenibile e conveniente. L&#8217;uso del cartone e il suo design riducono la quantit\u00e0 di materiale utilizzato.<\/p>\n<div id=\"attachment_14758\" style=\"width: 1034px\"  class=\"wp-caption aligncenter\"><img decoding=\"async\" class=\"wp-image-14758 size-large\" src=\"http:\/\/www.thesignspeaking.com\/wp-content\/uploads\/2020\/12\/5c80e2510579-Scudo_07-1024x683.jpg\" alt=\"\" width=\"1024\" height=\"683\" srcset=\"https:\/\/www.thesignspeaking.com\/wp-content\/uploads\/2020\/12\/5c80e2510579-Scudo_07.jpg 1024w, https:\/\/www.thesignspeaking.com\/wp-content\/uploads\/2020\/12\/5c80e2510579-Scudo_07-300x200.jpg 300w, https:\/\/www.thesignspeaking.com\/wp-content\/uploads\/2020\/12\/5c80e2510579-Scudo_07-768x512.jpg 768w, https:\/\/www.thesignspeaking.com\/wp-content\/uploads\/2020\/12\/5c80e2510579-Scudo_07-360x240.jpg 360w\" sizes=\"(max-width: 1024px) 100vw, 1024px\" \/><p class=\"wp-caption-text\">Scudopack by Estudi Brafim &#8211; Enric &#038; Jordi Fiestas<\/p><\/div>\n<p><strong>\u00a0<\/strong><\/p>\n<h4><strong>ADI 2020 Medal Awards<\/strong><\/h4>\n<p>La 28a edizione delle Medaglie ADI punta sui giovani designer, con un Progetto Finale che \u00e8 stato approvato tra il 2018 e l&#8217;attuale bando. Su un totale di dodici progetti selezionati, e con la collaborazione di Fundaci\u00f3 Banc Sabadell, la giuria composta da Alexis Georgacopoulos, Eva Prego, Marcelo Ghio, Mireia Mesalles e Rita Barata ha deciso di assegnare i seguenti premi:<\/p>\n<p>&nbsp;<\/p>\n<p><strong>Gold ADI Medal<\/strong><\/p>\n<p><strong>Project: <\/strong>Entre redes, seduta<\/p>\n<p><strong>Design: <\/strong>Amalia Puga Cividanes<\/p>\n<p><strong>School: <\/strong>Elisava, Escola Universit\u00e0ria de Barcelona de Disseny i Enginyeria<\/p>\n<p><strong>Tutor: <\/strong>Salvador F\u00e0bregas<\/p>\n<p><strong>Jury Statement:\u00a0<\/strong>Perch\u00e9 questo progetto combina aspetti sociali e ambientali con un carattere altamente emotivo. Riattivare l&#8217;artigianato tradizionale per dare una seconda vita al materiale senza alcun utilizzo. Il prodotto risultante, progettato con materiali riciclati da corde e fili avanzati di reti da pesca tessute da donne, \u00e8 un pezzo che pu\u00f2 evolversi per migliorare i seguenti aspetti: impilabilit\u00e0 e spedizione, tempo di fabbricazione per pezzo, fornitori di strutture in acciaio, prezzo finale.<\/p>\n<div id=\"attachment_14755\" style=\"width: 1034px\"  class=\"wp-caption aligncenter\"><img decoding=\"async\" class=\"size-large wp-image-14755\" src=\"http:\/\/www.thesignspeaking.com\/wp-content\/uploads\/2020\/12\/Entre_redes_imagen_03-Amalia-Puga-y-Nuria-Villa-1024x683.jpg\" alt=\"\" width=\"1024\" height=\"683\" srcset=\"https:\/\/www.thesignspeaking.com\/wp-content\/uploads\/2020\/12\/Entre_redes_imagen_03-Amalia-Puga-y-Nuria-Villa-1024x683.jpg 1024w, https:\/\/www.thesignspeaking.com\/wp-content\/uploads\/2020\/12\/Entre_redes_imagen_03-Amalia-Puga-y-Nuria-Villa-300x200.jpg 300w, https:\/\/www.thesignspeaking.com\/wp-content\/uploads\/2020\/12\/Entre_redes_imagen_03-Amalia-Puga-y-Nuria-Villa-768x512.jpg 768w, https:\/\/www.thesignspeaking.com\/wp-content\/uploads\/2020\/12\/Entre_redes_imagen_03-Amalia-Puga-y-Nuria-Villa-360x240.jpg 360w\" sizes=\"(max-width: 1024px) 100vw, 1024px\" \/><p class=\"wp-caption-text\">Entre redes by Amalia Puga Cividanes<\/p><\/div>\n<h4>ADI Culture Career 2020<\/h4>\n<p><strong>ESCOLA MASSANA CENTRE D\u2019ART I DISSENY<\/strong><\/p>\n<p>Fondata a Barcellona nel 1929, la Scuola Massana da allora ha mirato a combinare i desideri con la realt\u00e0 attraverso l&#8217;originalit\u00e0, l&#8217;innovazione e la creativit\u00e0. Fin dal suo inizio, la scuola nasce dalla contrapposizione tra questi due impulsi: desiderio da una parte e realt\u00e0 dall&#8217;altra. Il desiderio pu\u00f2 essere rappresentato dall&#8217;intenzione di Agust\u00ed Massana, figlio del panettiere Massana in via Ferran, che nel 1919 ha fornito la somma necessaria per la creazione di una scuola di artigianato artistico che potesse &#8220;fornire educazione artistica ai giovani lavoratori&#8221;. Il principio della realt\u00e0 \u00e8 stato fornito dalla riluttanza del municipio di Barcellona a lanciarlo, affrontando i problemi che implicava la creazione di una scuola in mezzo a una dittatura. Fu cos\u00ec che la FAD fin\u00ec per intercedere, approvando la creazione della scuola e concesse le premesse per iniziare le lezioni nel 1929.<\/p>\n<p><strong>\u00a0<\/strong><\/p>\n<h4><strong>NUOVI TROFEI PER GLI ADI AWARDS<\/strong><\/h4>\n<p>Fin dall&#8217;inizio, il design del trofeo Delta Awards \u00e8 cambiato ad ogni edizione ediversi designer sono stati incaricati di dare la propria interpretazione del premio e del logo dei premi. Quest&#8217;anno, il design del trofeo Delta \u00e8 stato creato da <a href=\"https:\/\/www.jordipla.com\/\"><strong>Jordi Pla<\/strong><\/a>.<\/p>\n<div id=\"attachment_14757\" style=\"width: 710px\"  class=\"wp-caption aligncenter\"><img decoding=\"async\" class=\"size-large wp-image-14757\" src=\"http:\/\/www.thesignspeaking.com\/wp-content\/uploads\/2020\/12\/Prototip-trofeu-Delta-2020-bona-700x1024.jpg\" alt=\"\" width=\"700\" height=\"1024\" srcset=\"https:\/\/www.thesignspeaking.com\/wp-content\/uploads\/2020\/12\/Prototip-trofeu-Delta-2020-bona-700x1024.jpg 700w, https:\/\/www.thesignspeaking.com\/wp-content\/uploads\/2020\/12\/Prototip-trofeu-Delta-2020-bona-205x300.jpg 205w, https:\/\/www.thesignspeaking.com\/wp-content\/uploads\/2020\/12\/Prototip-trofeu-Delta-2020-bona-768x1124.jpg 768w, https:\/\/www.thesignspeaking.com\/wp-content\/uploads\/2020\/12\/Prototip-trofeu-Delta-2020-bona.jpg 1024w\" sizes=\"(max-width: 700px) 100vw, 700px\" \/><p class=\"wp-caption-text\">Trofeo Delta 2020 by Jordi Pla<\/p><\/div>\n<p>Per quanto riguarda invece le <strong>Medaglie<\/strong>\u00a0<strong>ADI\u00a0<\/strong>sono state disegnate da <a href=\"https:\/\/www.behance.net\/mireiamesalles\"><strong>Mireia Mesalles<\/strong><\/a>, vincitrice dell&#8217;edizione 2018.<\/p>\n<div id=\"attachment_14753\" style=\"width: 1034px\"  class=\"wp-caption aligncenter\"><img decoding=\"async\" class=\"size-large wp-image-14753\" src=\"http:\/\/www.thesignspeaking.com\/wp-content\/uploads\/2020\/12\/Collage_Fotor-medallas-1024x1024.jpg\" alt=\"\" width=\"1024\" height=\"1024\" srcset=\"https:\/\/www.thesignspeaking.com\/wp-content\/uploads\/2020\/12\/Collage_Fotor-medallas-1024x1024.jpg 1024w, https:\/\/www.thesignspeaking.com\/wp-content\/uploads\/2020\/12\/Collage_Fotor-medallas-150x150.jpg 150w, https:\/\/www.thesignspeaking.com\/wp-content\/uploads\/2020\/12\/Collage_Fotor-medallas-300x300.jpg 300w, https:\/\/www.thesignspeaking.com\/wp-content\/uploads\/2020\/12\/Collage_Fotor-medallas-768x768.jpg 768w, https:\/\/www.thesignspeaking.com\/wp-content\/uploads\/2020\/12\/Collage_Fotor-medallas-125x125.jpg 125w\" sizes=\"(max-width: 1024px) 100vw, 1024px\" \/><p class=\"wp-caption-text\">Le medaglie d&#8217;oro, d&#8217;argento e bronzo create da Mireia Mesalles<\/p><\/div>\n<\/span>","protected":false},"excerpt":{"rendered":"<p>&#8220;Il design \u00e8 fondamentale per il successo delle aziende, per il futuro della nostra economia e per la reindustrializzazione del paese. Il design pu\u00f2 salvare le aziende dalla chiusura o risollevare dal baratro l&#8217;economia di un paese &#8220;. Salvi Plaja, presidente dell&#8217;ADI-FAD\u00a0Industrial Design Association di Barcellona ha sottolineato l&#8217;importanza di riconoscere il ruolo svolto dall&#8217;industria [&hellip;]<\/p>\n","protected":false},"author":3,"featured_media":14757,"comment_status":"open","ping_status":"open","sticky":false,"template":"","format":"standard","meta":[],"categories":[11],"tags":[1917,1912,233,943,1404],"_links":{"self":[{"href":"https:\/\/www.thesignspeaking.com\/it\/wp-json\/wp\/v2\/posts\/14750"}],"collection":[{"href":"https:\/\/www.thesignspeaking.com\/it\/wp-json\/wp\/v2\/posts"}],"about":[{"href":"https:\/\/www.thesignspeaking.com\/it\/wp-json\/wp\/v2\/types\/post"}],"author":[{"embeddable":true,"href":"https:\/\/www.thesignspeaking.com\/it\/wp-json\/wp\/v2\/users\/3"}],"replies":[{"embeddable":true,"href":"https:\/\/www.thesignspeaking.com\/it\/wp-json\/wp\/v2\/comments?post=14750"}],"version-history":[{"count":7,"href":"https:\/\/www.thesignspeaking.com\/it\/wp-json\/wp\/v2\/posts\/14750\/revisions"}],"predecessor-version":[{"id":14770,"href":"https:\/\/www.thesignspeaking.com\/it\/wp-json\/wp\/v2\/posts\/14750\/revisions\/14770"}],"wp:featuredmedia":[{"embeddable":true,"href":"https:\/\/www.thesignspeaking.com\/it\/wp-json\/wp\/v2\/media\/14757"}],"wp:attachment":[{"href":"https:\/\/www.thesignspeaking.com\/it\/wp-json\/wp\/v2\/media?parent=14750"}],"wp:term":[{"taxonomy":"category","embeddable":true,"href":"https:\/\/www.thesignspeaking.com\/it\/wp-json\/wp\/v2\/categories?post=14750"},{"taxonomy":"post_tag","embeddable":true,"href":"https:\/\/www.thesignspeaking.com\/it\/wp-json\/wp\/v2\/tags?post=14750"}],"curies":[{"name":"wp","href":"https:\/\/api.w.org\/{rel}","templated":true}]}}