{"id":15020,"date":"2021-03-04T18:15:11","date_gmt":"2021-03-04T17:15:11","guid":{"rendered":"https:\/\/www.thesignspeaking.com\/?p=15020"},"modified":"2021-03-16T17:52:56","modified_gmt":"2021-03-16T16:52:56","slug":"events-madrid-design-festival-2021","status":"publish","type":"post","link":"https:\/\/www.thesignspeaking.com\/it\/events-madrid-design-festival-2021\/","title":{"rendered":"Madrid Design Festival 2021"},"content":{"rendered":"<span class=\"cb-itemprop\" itemprop=\"reviewBody\">\n<h2 class=\"wp-block-heading\">Madrid Design Festival 2021<\/h2>\n\n\n\n<p>A febbraio e marzo 2021, il <strong><a href=\"https:\/\/www.lafabrica.com\/madriddesignfestival\/\">Madrid Design Festival<\/a><\/strong> celebra l&#8217;eccellenza del design spagnolo e la sua capacit\u00e0 di trasformazione con quasi duecento eventi.<\/p>\n\n\n\n<p>Mostre, incontri, workshop e conferenze per un format che comprende 183 eventi, con il coinvolgimento di oltre cinquecento tra designer, specialisti e professionisti del settore.<\/p>\n\n\n\n<figure class=\"wp-block-image size-large\"><img decoding=\"async\" width=\"1024\" height=\"767\" src=\"https:\/\/www.thesignspeaking.com\/wp-content\/uploads\/2021\/03\/Annacastillo_N5.jpg\" alt=\"\" class=\"wp-image-15033\" srcset=\"https:\/\/www.thesignspeaking.com\/wp-content\/uploads\/2021\/03\/Annacastillo_N5.jpg 1024w, https:\/\/www.thesignspeaking.com\/wp-content\/uploads\/2021\/03\/Annacastillo_N5-300x225.jpg 300w, https:\/\/www.thesignspeaking.com\/wp-content\/uploads\/2021\/03\/Annacastillo_N5-768x575.jpg 768w\" sizes=\"(max-width: 1024px) 100vw, 1024px\" \/><figcaption>Anna Castillo per N5, una mostra creata dal fotografo Omar Ayyashi e dal designer Manuel Fern\u00e1ndez per il Fashion Art Institute<\/figcaption><\/figure>\n\n\n\n<p>Il festival invita a scoprire il design e i suoi processi da molteplici prospettive e sfaccettature, dall\u2019interior all\u2019industrial design, alla grafica, dalla moda all\u2019architettura fino alla gastronomia.<\/p>\n\n\n\n<figure class=\"wp-block-image size-large\"><img decoding=\"async\" width=\"1024\" height=\"683\" src=\"https:\/\/www.thesignspeaking.com\/wp-content\/uploads\/2021\/03\/Pista-de-baile-Guillermo-Santoma\u0300.-Lukasz-Michalak_-Estudio-Perplejo.jpg\" alt=\"\" class=\"wp-image-15032\" srcset=\"https:\/\/www.thesignspeaking.com\/wp-content\/uploads\/2021\/03\/Pista-de-baile-Guillermo-Santoma\u0300.-Lukasz-Michalak_-Estudio-Perplejo.jpg 1024w, https:\/\/www.thesignspeaking.com\/wp-content\/uploads\/2021\/03\/Pista-de-baile-Guillermo-Santoma\u0300.-Lukasz-Michalak_-Estudio-Perplejo-300x200.jpg 300w, https:\/\/www.thesignspeaking.com\/wp-content\/uploads\/2021\/03\/Pista-de-baile-Guillermo-Santoma\u0300.-Lukasz-Michalak_-Estudio-Perplejo-768x512.jpg 768w, https:\/\/www.thesignspeaking.com\/wp-content\/uploads\/2021\/03\/Pista-de-baile-Guillermo-Santoma\u0300.-Lukasz-Michalak_-Estudio-Perplejo-360x240.jpg 360w\" sizes=\"(max-width: 1024px) 100vw, 1024px\" \/><figcaption>Pista de baile, Guillermo Santom\u00e0. Lukasz Michalak, Estudio Perplejo<\/figcaption><\/figure>\n\n\n\n<p>MDF21 gode del supporto e del coinvolgimento di 72 diverse istituzioni, marchi, aziende, gallerie e spazi della citt\u00e0 che forniranno, nel corso di due mesi, una panoramica del meglio del design madrileno e spagnolo e della sua capacit\u00e0 di trarre il massimo sfide complesse a bordo.<\/p>\n\n\n\n<p><a href=\"https:\/\/www.wdcvalencia2022.com\/\"><strong>Valencia, World Design Capital 2022<\/strong><\/a>, \u00e8 la citt\u00e0 ospite del Madrid Design Festival, con un programma di mostre ed eventi che preludono alla line-up prevista per il prossimo anno.<\/p>\n\n\n\n<p>I Madrid Design Festival Awards 2021 daranno un riconoscimento ufficiale al designer <strong><a href=\"https:\/\/hayonstudio.com\/\">Jaime Hayon<\/a><\/strong> e allo studio di architettura <strong><a href=\"http:\/\/www.selgascano.net\/\">SelgasCano<\/a><\/strong>.<\/p>\n\n\n\n<p>Il <em>Contenedor blanco<\/em> di <a href=\"https:\/\/inmabermudez.com\/\"><strong>Inma Berm\u00fadez<\/strong><\/a> e <em>VORA<\/em> degli alunni del  Departamento de Investigaci\u00f3n &nbsp;dell&#8217;<strong><a href=\"https:\/\/www.elisava.net\/\">Elisava<\/a><\/strong> di Barcellona sono i progetti vincitori del 1\u00b0 MINI Design Award, il primo e unico premio del suo genere in Spagna che evidenzia l&#8217;approccio creativo e l&#8217;eccellenza dei designer con l&#8217;obiettivo di migliorare la vita nelle citt\u00e0. <\/p>\n\n\n\n<p>Il festival offre anche un&#8217;ambiziosa offerta audiovisiva.<\/p>\n\n\n\n<p>IKEA presenter\u00e0 in anteprima il documentario <em>Redesigning Tomorrow<\/em>, in cui esperti internazionali analizzeranno le sfide del nostro futuro come specie su questo pianeta.<\/p>\n\n\n\n<p>Per l&#8217;occasione arriva anche, per la prima volta in Spagna, la mostra <em>Connected<\/em>. Si tratta di un progetto organizzato dall&#8217;American Hardwood Export Council (<strong><a href=\"https:\/\/www.americanhardwood.org\/\">AHEC<\/a><\/strong>) che ha invitato i maggiori designer internazionali a realizzare un tavolo che potesse soddisfare le esigenze delle nuove abitazioni multifunzionali in cui si vive, si lavora e si fa anche sport. <\/p>\n\n\n\n<div class=\"wp-block-image\"><figure class=\"aligncenter size-large\"><img decoding=\"async\" width=\"1024\" height=\"683\" src=\"https:\/\/www.thesignspeaking.com\/wp-content\/uploads\/2021\/03\/MDF_9-FEB-2021_FG_Connected_-1.jpg\" alt=\"\" class=\"wp-image-15021\" srcset=\"https:\/\/www.thesignspeaking.com\/wp-content\/uploads\/2021\/03\/MDF_9-FEB-2021_FG_Connected_-1.jpg 1024w, https:\/\/www.thesignspeaking.com\/wp-content\/uploads\/2021\/03\/MDF_9-FEB-2021_FG_Connected_-1-300x200.jpg 300w, https:\/\/www.thesignspeaking.com\/wp-content\/uploads\/2021\/03\/MDF_9-FEB-2021_FG_Connected_-1-768x512.jpg 768w, https:\/\/www.thesignspeaking.com\/wp-content\/uploads\/2021\/03\/MDF_9-FEB-2021_FG_Connected_-1-360x240.jpg 360w\" sizes=\"(max-width: 1024px) 100vw, 1024px\" \/><\/figure><\/div>\n\n\n\n<p>Al Fern\u00e1n G\u00f3mez, Centro Cultural de la Villa, si ha l&#8217;opportunit\u00e0 di vedere i lavori di grandi nomi del design come Studiopepe, Jaime Hayon, Sabine Marcelis e Ini Archi-bong.<\/p>\n\n\n\n<figure class=\"wp-block-image size-large\"><img decoding=\"async\" width=\"1024\" height=\"683\" src=\"https:\/\/www.thesignspeaking.com\/wp-content\/uploads\/2021\/03\/MDF_9-FEB-2021_FG_Connected_-4.jpg\" alt=\"\" class=\"wp-image-15022\" srcset=\"https:\/\/www.thesignspeaking.com\/wp-content\/uploads\/2021\/03\/MDF_9-FEB-2021_FG_Connected_-4.jpg 1024w, https:\/\/www.thesignspeaking.com\/wp-content\/uploads\/2021\/03\/MDF_9-FEB-2021_FG_Connected_-4-300x200.jpg 300w, https:\/\/www.thesignspeaking.com\/wp-content\/uploads\/2021\/03\/MDF_9-FEB-2021_FG_Connected_-4-768x512.jpg 768w, https:\/\/www.thesignspeaking.com\/wp-content\/uploads\/2021\/03\/MDF_9-FEB-2021_FG_Connected_-4-360x240.jpg 360w\" sizes=\"(max-width: 1024px) 100vw, 1024px\" \/><figcaption><em>Mesamachine<\/em> by Jaime Hayon<\/figcaption><\/figure>\n\n\n\n<div class=\"wp-block-image\"><figure class=\"aligncenter size-large\"><img decoding=\"async\" width=\"1024\" height=\"683\" src=\"https:\/\/www.thesignspeaking.com\/wp-content\/uploads\/2021\/03\/MDF_9-FEB-2021_FG_Connected_-14.jpg\" alt=\"\" class=\"wp-image-15030\" srcset=\"https:\/\/www.thesignspeaking.com\/wp-content\/uploads\/2021\/03\/MDF_9-FEB-2021_FG_Connected_-14.jpg 1024w, https:\/\/www.thesignspeaking.com\/wp-content\/uploads\/2021\/03\/MDF_9-FEB-2021_FG_Connected_-14-300x200.jpg 300w, https:\/\/www.thesignspeaking.com\/wp-content\/uploads\/2021\/03\/MDF_9-FEB-2021_FG_Connected_-14-768x512.jpg 768w, https:\/\/www.thesignspeaking.com\/wp-content\/uploads\/2021\/03\/MDF_9-FEB-2021_FG_Connected_-14-360x240.jpg 360w\" sizes=\"(max-width: 1024px) 100vw, 1024px\" \/><figcaption><em>Candy Cubicle<\/em> by Sabine Marcelis<\/figcaption><\/figure><\/div>\n\n\n\n<figure class=\"wp-block-image size-large\"><img decoding=\"async\" width=\"1024\" height=\"683\" src=\"https:\/\/www.thesignspeaking.com\/wp-content\/uploads\/2021\/03\/MDF_9-FEB-2021_FG_Connected_-11.jpg\" alt=\"\" class=\"wp-image-15031\" srcset=\"https:\/\/www.thesignspeaking.com\/wp-content\/uploads\/2021\/03\/MDF_9-FEB-2021_FG_Connected_-11.jpg 1024w, https:\/\/www.thesignspeaking.com\/wp-content\/uploads\/2021\/03\/MDF_9-FEB-2021_FG_Connected_-11-300x200.jpg 300w, https:\/\/www.thesignspeaking.com\/wp-content\/uploads\/2021\/03\/MDF_9-FEB-2021_FG_Connected_-11-768x512.jpg 768w, https:\/\/www.thesignspeaking.com\/wp-content\/uploads\/2021\/03\/MDF_9-FEB-2021_FG_Connected_-11-360x240.jpg 360w\" sizes=\"(max-width: 1024px) 100vw, 1024px\" \/><figcaption><em>The Kadamba Gate<\/em> by Ini Archibong<\/figcaption><\/figure>\n\n\n\n<p>Nel 2021 il Madrid Design Festival viagger\u00e0 poi oltre i confini spagnoli, grazie ad AECID (Agenzia Spagnola per la Cooperazione Internazionale allo Sviluppo), con la mostra itinerante <em>Contemporary Spanish Crafts<\/em>, inserita nel programma della prima edizione del Festival e che, per l&#8217;occasione, ha un allestimento originale di <strong><a href=\"https:\/\/enormestudio.es\/\">Enorme Studio<\/a><\/strong>.<\/p>\n\n\n\n<div class=\"wp-block-image\"><figure class=\"aligncenter size-large\"><img decoding=\"async\" width=\"1024\" height=\"683\" src=\"https:\/\/www.thesignspeaking.com\/wp-content\/uploads\/2021\/03\/MG_1963.jpg\" alt=\"\" class=\"wp-image-15023\" srcset=\"https:\/\/www.thesignspeaking.com\/wp-content\/uploads\/2021\/03\/MG_1963.jpg 1024w, https:\/\/www.thesignspeaking.com\/wp-content\/uploads\/2021\/03\/MG_1963-300x200.jpg 300w, https:\/\/www.thesignspeaking.com\/wp-content\/uploads\/2021\/03\/MG_1963-768x512.jpg 768w, https:\/\/www.thesignspeaking.com\/wp-content\/uploads\/2021\/03\/MG_1963-360x240.jpg 360w\" sizes=\"(max-width: 1024px) 100vw, 1024px\" \/><\/figure><\/div>\n\n\n\n<div class=\"wp-block-image\"><figure class=\"aligncenter size-large\"><img decoding=\"async\" width=\"1024\" height=\"683\" src=\"https:\/\/www.thesignspeaking.com\/wp-content\/uploads\/2021\/03\/MG_2054.jpg\" alt=\"\" class=\"wp-image-15024\" srcset=\"https:\/\/www.thesignspeaking.com\/wp-content\/uploads\/2021\/03\/MG_2054.jpg 1024w, https:\/\/www.thesignspeaking.com\/wp-content\/uploads\/2021\/03\/MG_2054-300x200.jpg 300w, https:\/\/www.thesignspeaking.com\/wp-content\/uploads\/2021\/03\/MG_2054-768x512.jpg 768w, https:\/\/www.thesignspeaking.com\/wp-content\/uploads\/2021\/03\/MG_2054-360x240.jpg 360w\" sizes=\"(max-width: 1024px) 100vw, 1024px\" \/><\/figure><\/div>\n\n\n\n<div class=\"wp-block-image\"><figure class=\"aligncenter size-large\"><img decoding=\"async\" width=\"1024\" height=\"683\" src=\"https:\/\/www.thesignspeaking.com\/wp-content\/uploads\/2021\/03\/MG_2056.jpg\" alt=\"\" class=\"wp-image-15025\" srcset=\"https:\/\/www.thesignspeaking.com\/wp-content\/uploads\/2021\/03\/MG_2056.jpg 1024w, https:\/\/www.thesignspeaking.com\/wp-content\/uploads\/2021\/03\/MG_2056-300x200.jpg 300w, https:\/\/www.thesignspeaking.com\/wp-content\/uploads\/2021\/03\/MG_2056-768x512.jpg 768w, https:\/\/www.thesignspeaking.com\/wp-content\/uploads\/2021\/03\/MG_2056-360x240.jpg 360w\" sizes=\"(max-width: 1024px) 100vw, 1024px\" \/><\/figure><\/div>\n\n\n\n<div class=\"wp-block-image\"><figure class=\"aligncenter size-large\"><img decoding=\"async\" width=\"1024\" height=\"683\" src=\"https:\/\/www.thesignspeaking.com\/wp-content\/uploads\/2021\/03\/MG_2069.jpg\" alt=\"\" class=\"wp-image-15026\" srcset=\"https:\/\/www.thesignspeaking.com\/wp-content\/uploads\/2021\/03\/MG_2069.jpg 1024w, https:\/\/www.thesignspeaking.com\/wp-content\/uploads\/2021\/03\/MG_2069-300x200.jpg 300w, https:\/\/www.thesignspeaking.com\/wp-content\/uploads\/2021\/03\/MG_2069-768x512.jpg 768w, https:\/\/www.thesignspeaking.com\/wp-content\/uploads\/2021\/03\/MG_2069-360x240.jpg 360w\" sizes=\"(max-width: 1024px) 100vw, 1024px\" \/><\/figure><\/div>\n\n\n\n<div class=\"wp-block-image\"><figure class=\"aligncenter size-large\"><img decoding=\"async\" width=\"1024\" height=\"1024\" src=\"https:\/\/www.thesignspeaking.com\/wp-content\/uploads\/2021\/03\/bandejas-Ripples-3-1024x1024.jpg\" alt=\"\" class=\"wp-image-15028\" srcset=\"https:\/\/www.thesignspeaking.com\/wp-content\/uploads\/2021\/03\/bandejas-Ripples-3.jpg 1024w, https:\/\/www.thesignspeaking.com\/wp-content\/uploads\/2021\/03\/bandejas-Ripples-3-300x300.jpg 300w, https:\/\/www.thesignspeaking.com\/wp-content\/uploads\/2021\/03\/bandejas-Ripples-3-150x150.jpg 150w, https:\/\/www.thesignspeaking.com\/wp-content\/uploads\/2021\/03\/bandejas-Ripples-3-768x768.jpg 768w, https:\/\/www.thesignspeaking.com\/wp-content\/uploads\/2021\/03\/bandejas-Ripples-3-125x125.jpg 125w\" sizes=\"(max-width: 1024px) 100vw, 1024px\" \/><\/figure><\/div>\n\n\n\n<div class=\"wp-block-image\"><figure class=\"aligncenter size-large\"><img decoding=\"async\" width=\"766\" height=\"1024\" src=\"https:\/\/www.thesignspeaking.com\/wp-content\/uploads\/2021\/03\/bazan-766x1024.jpg\" alt=\"\" class=\"wp-image-15029\" srcset=\"https:\/\/www.thesignspeaking.com\/wp-content\/uploads\/2021\/03\/bazan-766x1024.jpg 766w, https:\/\/www.thesignspeaking.com\/wp-content\/uploads\/2021\/03\/bazan-224x300.jpg 224w, https:\/\/www.thesignspeaking.com\/wp-content\/uploads\/2021\/03\/bazan-768x1027.jpg 768w, https:\/\/www.thesignspeaking.com\/wp-content\/uploads\/2021\/03\/bazan.jpg 1024w\" sizes=\"(max-width: 766px) 100vw, 766px\" \/><\/figure><\/div>\n<\/span>","protected":false},"excerpt":{"rendered":"<p>Madrid Design Festival 2021 A febbraio e marzo 2021, il Madrid Design Festival celebra l&#8217;eccellenza del design spagnolo e la sua capacit\u00e0 di trasformazione con quasi duecento eventi. Mostre, incontri, workshop e conferenze per un format che comprende 183 eventi, con il coinvolgimento di oltre cinquecento tra designer, specialisti e professionisti del settore. Il festival [&hellip;]<\/p>\n","protected":false},"author":3,"featured_media":15032,"comment_status":"open","ping_status":"open","sticky":false,"template":"","format":"standard","meta":[],"categories":[7],"tags":[],"_links":{"self":[{"href":"https:\/\/www.thesignspeaking.com\/it\/wp-json\/wp\/v2\/posts\/15020"}],"collection":[{"href":"https:\/\/www.thesignspeaking.com\/it\/wp-json\/wp\/v2\/posts"}],"about":[{"href":"https:\/\/www.thesignspeaking.com\/it\/wp-json\/wp\/v2\/types\/post"}],"author":[{"embeddable":true,"href":"https:\/\/www.thesignspeaking.com\/it\/wp-json\/wp\/v2\/users\/3"}],"replies":[{"embeddable":true,"href":"https:\/\/www.thesignspeaking.com\/it\/wp-json\/wp\/v2\/comments?post=15020"}],"version-history":[{"count":8,"href":"https:\/\/www.thesignspeaking.com\/it\/wp-json\/wp\/v2\/posts\/15020\/revisions"}],"predecessor-version":[{"id":15069,"href":"https:\/\/www.thesignspeaking.com\/it\/wp-json\/wp\/v2\/posts\/15020\/revisions\/15069"}],"wp:featuredmedia":[{"embeddable":true,"href":"https:\/\/www.thesignspeaking.com\/it\/wp-json\/wp\/v2\/media\/15032"}],"wp:attachment":[{"href":"https:\/\/www.thesignspeaking.com\/it\/wp-json\/wp\/v2\/media?parent=15020"}],"wp:term":[{"taxonomy":"category","embeddable":true,"href":"https:\/\/www.thesignspeaking.com\/it\/wp-json\/wp\/v2\/categories?post=15020"},{"taxonomy":"post_tag","embeddable":true,"href":"https:\/\/www.thesignspeaking.com\/it\/wp-json\/wp\/v2\/tags?post=15020"}],"curies":[{"name":"wp","href":"https:\/\/api.w.org\/{rel}","templated":true}]}}