{"id":15053,"date":"2021-03-16T00:32:47","date_gmt":"2021-03-15T23:32:47","guid":{"rendered":"https:\/\/www.thesignspeaking.com\/it\/?p=15053"},"modified":"2021-03-18T11:39:08","modified_gmt":"2021-03-18T10:39:08","slug":"art-palma-brunch","status":"publish","type":"post","link":"https:\/\/www.thesignspeaking.com\/it\/art-palma-brunch\/","title":{"rendered":"Art Palma Brunch"},"content":{"rendered":"<span class=\"cb-itemprop\" itemprop=\"reviewBody\">\n<h2 class=\"wp-block-heading\">Art Palma Brunch 16\u00b0 Edizione<\/h2>\n\n\n\n<p><\/p>\n\n\n\n<p>La 16a edizione di <strong><a href=\"http:\/\/www.artpalmacontemporani.com\">Art Palma Brunch<\/a><\/strong> &#8211; l&#8217;evento che celebra l&#8217;arte contemporanea a Maiorca presentando il lavoro di oltre 45 artisti di diverse nazionalit\u00e0 &#8211; prende il via con pi\u00f9 forza e un programma pi\u00f9 ampio, dopo essere stato cancellato nel 2020 a causa della pandemia di Covid-19. Le opere esposte esplorano una vasta gamma di formati e temi. <\/p>\n\n\n\n<p>Predomina la pittura, che tuttavia si espande oltre la concezione tradizionale della tela, incorporando tutti i tipi di processi di creazione dell&#8217;immagine, dialogando con la cultura popolare e gli artisti. Ambienti digitali, anche, rendendo la tela pronta da indossare per richiedere una societ\u00e0 pi\u00f9 giusta ed egualitaria.<\/p>\n\n\n\n<h2 class=\"wp-block-heading\">Mostre individuali dedicate ad artiste donne<\/h2>\n\n\n\n<p>In questa edizione, che si apre il 20 marzo, spiccano le mostre individuali dedicate ad artiste donne: Lin Utzon (Copenhagen, 1946) all&#8217;ABA Art Lab, Alicia Framis (Barcellona, 1967) alla galleria Horrach Moy\u00e0, Dasha Shishkin (Mosca, 1977) alla Galleria L21, Mireia Sallar\u00e8s (Barcellona, 1973) a Casal Solleric, Teresa Margolles (Culiac\u00e1n, Sinaloa, 1963) e Nuria Marqu\u00e9s (Ciutadella, 1975) al <strong><a href=\"http:\/\/esbaluard.org\">Museo Es Baluard<\/a><\/strong>.<\/p>\n\n\n\n<div class=\"wp-block-image\"><figure class=\"aligncenter size-large\"><img decoding=\"async\" width=\"1024\" height=\"684\" src=\"https:\/\/www.thesignspeaking.com\/wp-content\/uploads\/2021\/03\/Margolles_02-b-1024x684.jpeg\" alt=\"\" class=\"wp-image-15055\" srcset=\"https:\/\/www.thesignspeaking.com\/wp-content\/uploads\/2021\/03\/Margolles_02-b-1024x684.jpeg 1024w, https:\/\/www.thesignspeaking.com\/wp-content\/uploads\/2021\/03\/Margolles_02-b-300x200.jpeg 300w, https:\/\/www.thesignspeaking.com\/wp-content\/uploads\/2021\/03\/Margolles_02-b-768x513.jpeg 768w, https:\/\/www.thesignspeaking.com\/wp-content\/uploads\/2021\/03\/Margolles_02-b-1536x1025.jpeg 1536w, https:\/\/www.thesignspeaking.com\/wp-content\/uploads\/2021\/03\/Margolles_02-b-360x240.jpeg 360w, https:\/\/www.thesignspeaking.com\/wp-content\/uploads\/2021\/03\/Margolles_02-b.jpeg 2048w\" sizes=\"(max-width: 1024px) 100vw, 1024px\" \/><\/figure><\/div>\n\n\n\n<h2 class=\"wp-block-heading\">&#8220;The Stone&#8221;<\/h2>\n\n\n\n<p>&#8220;The Stone&#8221; recupera alcune delle idee centrali che attraversano tutto il lavoro dell&#8217;artista. Teresa Margolles denuncia apertamente l&#8217;attuale crisi migratoria aprendo un dibattito intorno all&#8217;opera. Soprattutto, testimonia la vulnerabilit\u00e0 delle donne in ogni situazione. Allo stesso modo la mostra presenta alcuni lavori inediti e invita, in quest&#8217;ordine, a: ascoltare, accettare la sfida dello sguardo e pensare a distanza.<\/p>\n\n\n\n<h2 class=\"wp-block-heading\">Mostre inedite di artisti internazionali<\/h2>\n\n\n\n<p>Una edizione speciale anche per il fatto che alcune gallerie presentano per la prima volta mostre individuali di artisti del circuito internazionale come Oliver Osborne (Galeria Pelaires), Theo Viardin i Entre T\u00f3t (L21 Gallery) e Martin Paaskesen, Galina Munroe, Hunter Potter e Jacob Gerard (Galleria Fran Reus).<\/p>\n\n\n\n<p>Il bando avviato dall&#8217;associazione <strong><a href=\"http:\/\/www.artpalmacontemporani.com\">Art Palma Contemporani<\/a><\/strong> in collaborazione con il Municipio di Palma, il Comune di Maiorca, Rosa Blanca, <strong><a href=\"http:\/\/caixaforum.org\/es\/palma\">CaixaForum<\/a><\/strong>, il Municipio Andratx e gli spazi associati <strong><a href=\"http:\/\/casalsolleric.palma.cat\">Casal Solleric<\/a><\/strong>, Es Baluard Museu, <strong><a href=\"http:\/\/miromallorca.com\">Fundaci\u00f3 Mir\u00f3 Mallorca<\/a><\/strong>, 6a Galeria d &#8216;Art y Centre de Cultura &#8220;Sa Nostra&#8221; \u00e8 una celebrazione dell&#8217;arte e della cultura contemporanea a Maiorca, in um momento in cui \u00e8 pi\u00f9 necessaria che mai.<\/p>\n\n\n\n<h2 class=\"wp-block-heading\">Le personali di artisti delle Isole Baleari<\/h2>\n\n\n\n<p>Da personaggi storici e nomi di riconosciuto prestigio ad artisti che stanno consolidando la loro carriera, sono diverse le personali di artisti delle Isole Baleari: <\/p>\n\n\n\n<figure class=\"wp-block-image size-large\"><img decoding=\"async\" width=\"768\" height=\"1024\" src=\"https:\/\/www.thesignspeaking.com\/wp-content\/uploads\/2021\/03\/Kewenig_BernardiRoig_5.-Il-Cubo-A.G.-2021-768x1024.jpg\" alt=\"\" class=\"wp-image-15056\" srcset=\"https:\/\/www.thesignspeaking.com\/wp-content\/uploads\/2021\/03\/Kewenig_BernardiRoig_5.-Il-Cubo-A.G.-2021-768x1024.jpg 768w, https:\/\/www.thesignspeaking.com\/wp-content\/uploads\/2021\/03\/Kewenig_BernardiRoig_5.-Il-Cubo-A.G.-2021-225x300.jpg 225w, https:\/\/www.thesignspeaking.com\/wp-content\/uploads\/2021\/03\/Kewenig_BernardiRoig_5.-Il-Cubo-A.G.-2021.jpg 1024w\" sizes=\"(max-width: 768px) 100vw, 768px\" \/><figcaption>Bernardi Roig (Palma, 1965) a Kewenig<\/figcaption><\/figure>\n\n\n\n<figure class=\"wp-block-image size-large\"><img decoding=\"async\" width=\"1024\" height=\"1024\" src=\"https:\/\/www.thesignspeaking.com\/wp-content\/uploads\/2021\/03\/PepLlabres_Guiem-Auli\u0301.-Estructura-de-mar.-2020.-Madera-de-mar-y-cuerda.-180x50x70-cm.-1024x1024.jpg\" alt=\"\" class=\"wp-image-15057\" srcset=\"https:\/\/www.thesignspeaking.com\/wp-content\/uploads\/2021\/03\/PepLlabres_Guiem-Auli\u0301.-Estructura-de-mar.-2020.-Madera-de-mar-y-cuerda.-180x50x70-cm.-1024x1024.jpg 1024w, https:\/\/www.thesignspeaking.com\/wp-content\/uploads\/2021\/03\/PepLlabres_Guiem-Auli\u0301.-Estructura-de-mar.-2020.-Madera-de-mar-y-cuerda.-180x50x70-cm.-300x300.jpg 300w, https:\/\/www.thesignspeaking.com\/wp-content\/uploads\/2021\/03\/PepLlabres_Guiem-Auli\u0301.-Estructura-de-mar.-2020.-Madera-de-mar-y-cuerda.-180x50x70-cm.-150x150.jpg 150w, https:\/\/www.thesignspeaking.com\/wp-content\/uploads\/2021\/03\/PepLlabres_Guiem-Auli\u0301.-Estructura-de-mar.-2020.-Madera-de-mar-y-cuerda.-180x50x70-cm.-768x768.jpg 768w, https:\/\/www.thesignspeaking.com\/wp-content\/uploads\/2021\/03\/PepLlabres_Guiem-Auli\u0301.-Estructura-de-mar.-2020.-Madera-de-mar-y-cuerda.-180x50x70-cm.-125x125.jpg 125w, https:\/\/www.thesignspeaking.com\/wp-content\/uploads\/2021\/03\/PepLlabres_Guiem-Auli\u0301.-Estructura-de-mar.-2020.-Madera-de-mar-y-cuerda.-180x50x70-cm..jpg 1500w\" sizes=\"(max-width: 1024px) 100vw, 1024px\" \/><figcaption>Guiem Aul\u00ed (Esporles, 1963) alla Galleria Pep Llabr\u00e9s<\/figcaption><\/figure>\n\n\n\n<figure class=\"wp-block-image size-large\"><img decoding=\"async\" width=\"1024\" height=\"515\" src=\"https:\/\/www.thesignspeaking.com\/wp-content\/uploads\/2021\/03\/Maior_joancabrer_maior1_Secuencia-Expansiva-III_50x100_2021.jpg\" alt=\"\" class=\"wp-image-15059\" srcset=\"https:\/\/www.thesignspeaking.com\/wp-content\/uploads\/2021\/03\/Maior_joancabrer_maior1_Secuencia-Expansiva-III_50x100_2021.jpg 1024w, https:\/\/www.thesignspeaking.com\/wp-content\/uploads\/2021\/03\/Maior_joancabrer_maior1_Secuencia-Expansiva-III_50x100_2021-300x151.jpg 300w, https:\/\/www.thesignspeaking.com\/wp-content\/uploads\/2021\/03\/Maior_joancabrer_maior1_Secuencia-Expansiva-III_50x100_2021-768x386.jpg 768w\" sizes=\"(max-width: 1024px) 100vw, 1024px\" \/><figcaption>Joan Cabrer (Palma, 1983) alla Galeria Maior<\/figcaption><\/figure>\n\n\n\n<p>Tom\u00e1s Piz\u00e1 (Palma 1983) in Xavier Fiol; Pep Coll (Palma, 1959) al Centro Culturale &#8220;Sa Nostra&#8221;; N\u00faria Marqu\u00e8s (Ciutadella, 1975) e Rafael Tur Costa (Santa Eul\u00e0lia des Riu, Eivissa, 1927-2020) al Museo Es Baluard.<\/p>\n\n\n\n<h2 class=\"wp-block-heading\">Le Gallery Walks<\/h2>\n\n\n\n<p>Il programma \u00e8 esteso quest&#8217;anno con l&#8217;incorporazione della L21 Gallery nel suo nuovo spazio a s&#8217;Escorxador.<\/p>\n\n\n\n<figure class=\"wp-block-image size-large\"><img decoding=\"async\" width=\"1024\" height=\"1024\" src=\"https:\/\/www.thesignspeaking.com\/wp-content\/uploads\/2021\/03\/L21_RichardWoods_PieChart_LowRes-1024x1024.jpg\" alt=\"\" class=\"wp-image-15058\" srcset=\"https:\/\/www.thesignspeaking.com\/wp-content\/uploads\/2021\/03\/L21_RichardWoods_PieChart_LowRes.jpg 1024w, https:\/\/www.thesignspeaking.com\/wp-content\/uploads\/2021\/03\/L21_RichardWoods_PieChart_LowRes-300x300.jpg 300w, https:\/\/www.thesignspeaking.com\/wp-content\/uploads\/2021\/03\/L21_RichardWoods_PieChart_LowRes-150x150.jpg 150w, https:\/\/www.thesignspeaking.com\/wp-content\/uploads\/2021\/03\/L21_RichardWoods_PieChart_LowRes-768x768.jpg 768w, https:\/\/www.thesignspeaking.com\/wp-content\/uploads\/2021\/03\/L21_RichardWoods_PieChart_LowRes-125x125.jpg 125w\" sizes=\"(max-width: 1024px) 100vw, 1024px\" \/><figcaption>Pie Chart by Richard Woods at L21<\/figcaption><\/figure>\n\n\n\n<p>Le gallerie aprono le porte con tutte le misure di prevenzione sanit\u00e1ria e offrono l&#8217;opportunit\u00e0 di avvicinarsi alle creazioni artistiche pi\u00f9 attuali e alle figure pi\u00f9 consolidate sia nel panorama delle Isole Baleari che a livello internazionale. Sia passeggiando per il centro storico di Palma, visitando liberamente gli spazi espositivi, sia iscrivendosi fino al 15 maggio a una delle venticinque visite guidate gratuite organizzate in collaborazione con il Comune di Palma e il Municipio d&#8217;Andratx. <\/p>\n\n\n\n<p>Le Gallery Walks si svolgeranno in piccoli gruppi accompagnati dall&#8217;esperto curatore nell&#8217;arte contemporanea Pau Waelder.<\/p>\n<\/span>","protected":false},"excerpt":{"rendered":"<p>Art Palma Brunch 16\u00b0 Edizione La 16a edizione di Art Palma Brunch &#8211; l&#8217;evento che celebra l&#8217;arte contemporanea a Maiorca presentando il lavoro di oltre 45 artisti di diverse nazionalit\u00e0 &#8211; prende il via con pi\u00f9 forza e un programma pi\u00f9 ampio, dopo essere stato cancellato nel 2020 a causa della pandemia di Covid-19. Le [&hellip;]<\/p>\n","protected":false},"author":3,"featured_media":15055,"comment_status":"open","ping_status":"open","sticky":false,"template":"","format":"standard","meta":[],"categories":[1,11],"tags":[1973,1974,35,283],"_links":{"self":[{"href":"https:\/\/www.thesignspeaking.com\/it\/wp-json\/wp\/v2\/posts\/15053"}],"collection":[{"href":"https:\/\/www.thesignspeaking.com\/it\/wp-json\/wp\/v2\/posts"}],"about":[{"href":"https:\/\/www.thesignspeaking.com\/it\/wp-json\/wp\/v2\/types\/post"}],"author":[{"embeddable":true,"href":"https:\/\/www.thesignspeaking.com\/it\/wp-json\/wp\/v2\/users\/3"}],"replies":[{"embeddable":true,"href":"https:\/\/www.thesignspeaking.com\/it\/wp-json\/wp\/v2\/comments?post=15053"}],"version-history":[{"count":9,"href":"https:\/\/www.thesignspeaking.com\/it\/wp-json\/wp\/v2\/posts\/15053\/revisions"}],"predecessor-version":[{"id":15081,"href":"https:\/\/www.thesignspeaking.com\/it\/wp-json\/wp\/v2\/posts\/15053\/revisions\/15081"}],"wp:featuredmedia":[{"embeddable":true,"href":"https:\/\/www.thesignspeaking.com\/it\/wp-json\/wp\/v2\/media\/15055"}],"wp:attachment":[{"href":"https:\/\/www.thesignspeaking.com\/it\/wp-json\/wp\/v2\/media?parent=15053"}],"wp:term":[{"taxonomy":"category","embeddable":true,"href":"https:\/\/www.thesignspeaking.com\/it\/wp-json\/wp\/v2\/categories?post=15053"},{"taxonomy":"post_tag","embeddable":true,"href":"https:\/\/www.thesignspeaking.com\/it\/wp-json\/wp\/v2\/tags?post=15053"}],"curies":[{"name":"wp","href":"https:\/\/api.w.org\/{rel}","templated":true}]}}