{"id":1514,"date":"2017-04-12T16:51:14","date_gmt":"2017-04-12T14:51:14","guid":{"rendered":"http:\/\/thesignspeaking.com\/2018\/02\/02\/polish-design-tomorrow-is-today\/"},"modified":"2018-06-05T11:50:10","modified_gmt":"2018-06-05T09:50:10","slug":"polish-design-tomorrow-is-today","status":"publish","type":"post","link":"https:\/\/www.thesignspeaking.com\/it\/polish-design-tomorrow-is-today\/","title":{"rendered":"POLISH DESIGN. Tomorrow is today"},"content":{"rendered":"<span class=\"cb-itemprop\" itemprop=\"reviewBody\"><p>Parte del\u00a0<a href=\"http:\/\/www.superdesignshow.com\/\" target=\"\">Superdesign Show<\/a>\u00a0di Superstudio Pi\u00f9, la mostra \u201cPOLISH DESIGN. Tomorrow is today\u201d ha presentato le facolt\u00e0 di design delle scuole d&#8217;arte polacche nel contesto della geografia, delle risorse naturali della regione, delle tradizioni e della storia, unici per ognuna di esse.<\/p>\n<p>La mostra ha visto la partecipazione di otto scuole polacche d&#8217;arte statali:\u00a0<a href=\"http:\/\/www.asp.gda.pl\/en\" target=\"\">Accademia di Belle Arti di Danzica<\/a>,\u00a0<a href=\"http:\/\/www.asp.katowice.pl\/\" target=\"\">Accademia di Belle Arti di Katowice<\/a>,\u00a0<a href=\"https:\/\/www.asp.krakow.pl\/\" target=\"\">Jan Matejko Accademia di Belle Arti di Cracovia<\/a>,\u00a0<a href=\"http:\/\/int.asp.lodz.pl\/academy\" target=\"\">W\u0142adys\u0142aw Strzemi\u0144ski Accademia di Belle Arti di Lodz<\/a>,\u00a0<a href=\"http:\/\/www.asp.poznan.pl\/en_index.html\" target=\"\">Poznan University of Art<\/a>,\u00a0<a href=\"http:\/\/www.akademiasztuki.eu\/\" target=\"\">Accademia di Arte di Szczecin<\/a>,\u00a0<a href=\"https:\/\/asp.waw.pl\/eng\/\" target=\"\">Accademia di Belle Arti di Varsavia<\/a>\u00a0e\u00a0<a href=\"http:\/\/www.asp.wroc.pl\/?lang=en\" target=\"\">Eugeniusz Geppert Accademia di Belle Arti di Breslavia<\/a>.<\/p>\n<p>Organizzato dall\u2019Academic Design Center, che ha organizzato la mostra in collaborazione con l&#8217;<a href=\"https:\/\/iam.pl\/en\" target=\"\">Istituto Adam Mickiewicz<\/a>\u00a0con il marchio\u00a0<a href=\"http:\/\/culture.pl\/en\/news\" target=\"\">Culture.pl<\/a>, e con il Consolato Generale della Repubblica di Polonia a Milano, la mostra \u00e8 curata da\u00a0<a href=\"http:\/\/www.dorotakoziara.com\/home.html#\/\" target=\"\">Dorota Koziara<\/a>, una designer polacca laureata alla Poznan University of Art con studio a Milano.<\/p>\n<p>Portando il pubblico internazionale pi\u00f9 vicino alla specificit\u00e0 dell&#8217;insegnamento e all&#8217;approccio unico al design contemporaneo tipico della Polonia, la mostra \u00e8 riuscita nell\u2019intento di presentare in modo coerente gli effetti del lavoro degli studenti nel contesto di ogni singola istituzione. La disposizione originale progettata dal Dorota Koziara Studio si basa sull&#8217;idea di libri aperti che raccontano singolarmente la storia &#8211; attraverso elaborate presentazioni multimediali &#8211; di ogni universit\u00e0.<\/p>\n<p>In passato, ogni scuola d&#8217;arte polacca aveva un proprio carattere specifico: la W\u0142adys\u0142aw Strzemi\u0144ski Accademia di Belle Arti di Lodz, un importante centro tessile, era famosa per il design di tessuti e abbigliamento, la Eugeniusz Geppert Accademia di Belle Arti di Breslavia era specializzata nel vetro e nellaceramica, mentre la Poznan University of Art principalmente nella progettazione di mobili. Oggi le differenze tra le universit\u00e0 sono sfocate, ma allo stesso tempo ogni accademia conserva il suo carattere unico come mostrato dalla mostra.<\/p>\n<p class=\"ch-description\" style=\"padding: 0 !important; font-family: 'Dosis',sans-serif; color: #aaa; font-size: 12px; line-height: 16px;\"><img decoding=\"async\" src=\"http:\/\/thesignspeaking.com\/wp-content\/uploads\/2018\/02\/joanna-opalska-brzecka_asp-wroclaw-05low.jpg\" \/> <img decoding=\"async\" src=\"http:\/\/thesignspeaking.com\/wp-content\/uploads\/2018\/02\/agnieszka-bar_asp-wroclaw_02low.jpg\" \/><\/p>\n<p><img decoding=\"async\" src=\"http:\/\/thesignspeaking.com\/wp-content\/uploads\/2018\/02\/anna-buzae-a_uap-poznan_low.jpg\" \/><\/p>\n<p><img decoding=\"async\" src=\"http:\/\/thesignspeaking.com\/wp-content\/uploads\/2018\/02\/damian-dudek_uap-poznan-low.jpg\" \/><\/p>\n<p><img decoding=\"async\" src=\"http:\/\/thesignspeaking.com\/wp-content\/uploads\/2018\/02\/dmuchawce_olga-szadkowska_mebel-_asp-gdansk_02low.jpg\" \/><\/p>\n<p><img decoding=\"async\" src=\"http:\/\/thesignspeaking.com\/wp-content\/uploads\/2018\/02\/garderoba-grzegorz-hasik_akademia-sztuki_szczecin_01low.jpg\" \/><\/p>\n<p><img decoding=\"async\" src=\"http:\/\/thesignspeaking.com\/wp-content\/uploads\/2018\/02\/ieva-birgele_asp-wroclaw_03low.jpg\" \/><\/p>\n<p><img decoding=\"async\" src=\"http:\/\/thesignspeaking.com\/wp-content\/uploads\/2018\/02\/joanna-jarza_bizuteria_asp-gdansk_low.jpg\" \/><\/p>\n<p><img decoding=\"async\" src=\"http:\/\/thesignspeaking.com\/wp-content\/uploads\/2018\/02\/justyna-turek_asp-wroclaw-04low.jpg\" \/><\/p>\n<p><img decoding=\"async\" src=\"http:\/\/thesignspeaking.com\/wp-content\/uploads\/2018\/02\/klaudia-olejnik_uap-poznan.jpg\" \/><\/p>\n<p><img decoding=\"async\" src=\"http:\/\/thesignspeaking.com\/wp-content\/uploads\/2018\/02\/liliana-szyber_asp-wroclaw-01low.jpg\" \/><\/p>\n<p><img decoding=\"async\" src=\"http:\/\/thesignspeaking.com\/wp-content\/uploads\/2018\/02\/martyna-feter_uap-poznan-low.jpg\" \/><\/p>\n<p><img decoding=\"async\" src=\"http:\/\/thesignspeaking.com\/wp-content\/uploads\/2018\/02\/marusinska-karina_asp-wroclaw_08low.jpg\" \/><\/p>\n<p><img decoding=\"async\" src=\"http:\/\/thesignspeaking.com\/wp-content\/uploads\/2018\/02\/radek-janowski_uap-poznan-low.jpg\" \/><\/p>\n<p><img decoding=\"async\" src=\"http:\/\/thesignspeaking.com\/wp-content\/uploads\/2018\/02\/teresa-otulak_wieszak_akademia-sztuki_-szczecin_01-low.jpg\" \/><\/p>\n<p><img decoding=\"async\" src=\"http:\/\/thesignspeaking.com\/wp-content\/uploads\/2018\/02\/teresa-otulak_wieszak_akademia-sztuki_-szczecin_02-low.jpg\" \/><\/p>\n<\/span>","protected":false},"excerpt":{"rendered":"<p>At Superdesign Show the students&#8217;s works exhibition of the design faculties of Polish art schools.<\/p>\n","protected":false},"author":3,"featured_media":3979,"comment_status":"open","ping_status":"open","sticky":false,"template":"","format":"standard","meta":[],"categories":[7,24],"tags":[6],"_links":{"self":[{"href":"https:\/\/www.thesignspeaking.com\/it\/wp-json\/wp\/v2\/posts\/1514"}],"collection":[{"href":"https:\/\/www.thesignspeaking.com\/it\/wp-json\/wp\/v2\/posts"}],"about":[{"href":"https:\/\/www.thesignspeaking.com\/it\/wp-json\/wp\/v2\/types\/post"}],"author":[{"embeddable":true,"href":"https:\/\/www.thesignspeaking.com\/it\/wp-json\/wp\/v2\/users\/3"}],"replies":[{"embeddable":true,"href":"https:\/\/www.thesignspeaking.com\/it\/wp-json\/wp\/v2\/comments?post=1514"}],"version-history":[{"count":0,"href":"https:\/\/www.thesignspeaking.com\/it\/wp-json\/wp\/v2\/posts\/1514\/revisions"}],"wp:featuredmedia":[{"embeddable":true,"href":"https:\/\/www.thesignspeaking.com\/it\/wp-json\/wp\/v2\/media\/3979"}],"wp:attachment":[{"href":"https:\/\/www.thesignspeaking.com\/it\/wp-json\/wp\/v2\/media?parent=1514"}],"wp:term":[{"taxonomy":"category","embeddable":true,"href":"https:\/\/www.thesignspeaking.com\/it\/wp-json\/wp\/v2\/categories?post=1514"},{"taxonomy":"post_tag","embeddable":true,"href":"https:\/\/www.thesignspeaking.com\/it\/wp-json\/wp\/v2\/tags?post=1514"}],"curies":[{"name":"wp","href":"https:\/\/api.w.org\/{rel}","templated":true}]}}