{"id":15152,"date":"2021-04-01T22:59:15","date_gmt":"2021-04-01T20:59:15","guid":{"rendered":"https:\/\/www.thesignspeaking.com\/?p=15152"},"modified":"2021-04-01T23:18:53","modified_gmt":"2021-04-01T21:18:53","slug":"madrid-is-fashion","status":"publish","type":"post","link":"https:\/\/www.thesignspeaking.com\/it\/madrid-is-fashion\/","title":{"rendered":"Madrid is Fashion"},"content":{"rendered":"<span class=\"cb-itemprop\" itemprop=\"reviewBody\">\n<h2 class=\"wp-block-heading\">MBFWMadrid 73\u00b0 Edizione<\/h2>\n\n\n\n<p>Caratterizzata ancora una volta dall&#8217;ibridazione dei suoi contenuti, la 73a edizione di <strong><a href=\"https:\/\/www.ifema.es\/en\/mbfw-madrid\">MBFWMadrid<\/a><\/strong>, la pi\u00f9 grande manifestazione dedicata alla moda spagnola, si svolger\u00e0 dall&#8217;8 all&#8217;11 aprile 2021. La prima passerella internazionale del 2021 \u00e8 un&#8217;edizione che si svolger\u00e0 sotto rigorose misure di sicurezza e con una capacit\u00e0 limitata al 24%, come gi\u00e0 avvenuto nell&#8217;edizione di settembre 2020.<\/p>\n\n\n\n<figure class=\"wp-block-image size-large\"><img decoding=\"async\" width=\"1024\" height=\"683\" src=\"https:\/\/www.thesignspeaking.com\/wp-content\/uploads\/2021\/04\/PS20_Andres_Sarda-1024x683.jpg\" alt=\"\" class=\"wp-image-15153\" srcset=\"https:\/\/www.thesignspeaking.com\/wp-content\/uploads\/2021\/04\/PS20_Andres_Sarda-1024x683.jpg 1024w, https:\/\/www.thesignspeaking.com\/wp-content\/uploads\/2021\/04\/PS20_Andres_Sarda-300x200.jpg 300w, https:\/\/www.thesignspeaking.com\/wp-content\/uploads\/2021\/04\/PS20_Andres_Sarda-768x512.jpg 768w, https:\/\/www.thesignspeaking.com\/wp-content\/uploads\/2021\/04\/PS20_Andres_Sarda-360x240.jpg 360w, https:\/\/www.thesignspeaking.com\/wp-content\/uploads\/2021\/04\/PS20_Andres_Sarda.jpg 1152w\" sizes=\"(max-width: 1024px) 100vw, 1024px\" \/><\/figure>\n\n\n\n<p>Ventidue stilisti presenteranno le collezioni nel padiglione 14.1 della Fiera di Madrid. Il calendario ufficiale di questo imminente evento, organizzato da <strong><a href=\"https:\/\/www.ifema.es\/en\">IFEMA<\/a><\/strong> insieme al Comune di Madrid, \u00e8 composto da quattordici rinomati designer, le cui sfilate e presentazioni si terranno l&#8217;8, 9 e 10 aprile. L&#8217;11 aprile sar\u00e0 ancora una volta dedicato ai giovani fashion designer, protagonisti di un&#8217;edizione speciale del programma <strong><a href=\"https:\/\/www.ifema.es\/en\/mbfw-madrid\/ego\">Allianz EGO<\/a><\/strong>, con otto sfilate.<\/p>\n\n\n\n<p>Il pi\u00f9 importante evento dell&#8217;industria della moda spagnola si terr\u00e0 ancora una volta in un formato ibrido, alternando alle sfilate performance, film di moda e un interessante programma esterno alla fiera, sotto l\u2019egida del MBFWMadrid Fashion Committee, l&#8217;organo consultivo dell&#8217;evento.<\/p>\n\n\n\n<h2 class=\"wp-block-heading\"><strong>Gioved\u00ec 8 april<\/strong>e<\/h2>\n\n\n\n<p>Andr\u00e9s Sard\u00e1 e Maya Hansen presenteranno le loro collezioni combinando la sfilata con una performance e con la proiezione dei loro film. Pablo Erroz e Otrura parteciperanno per la prima volta a MBFWMadrid presentando le collezioni in una sfilata dal vivo, supportata da elementi audiovisivi. Fernando Claro far\u00e0 una presentazione in un formato performance con cinque modelli.<\/p>\n\n\n\n<h2 class=\"wp-block-heading\"><strong>Venerd\u00ec 9 aprile<\/strong><\/h2>\n\n\n\n<p>Anche la seconda giornata della 73a edizione di MBFWMadrid vedr\u00e0 alternarsi le sfilate con pubblico presente, accompagnate da proiezioni audiovisive, di \u00c1gatha Ruiz de la Prada, Hannibal Laguna, Custo Barcelona, Maite di Lola Casademunt e Brain &#038; Beast, per\u00f2 ci sar\u00e0 anche la possibilit\u00e0 di seguirle in streaming sul sito ufficiale dell\u2019evento.<\/p>\n\n\n\n<h2 class=\"wp-block-heading\"><strong>Sabato 10 aprile<\/strong><\/h2>\n\n\n\n<p>Angel Schlesser aprir\u00e0 il programma dell&#8217;ultima giornata dedicata agli stilisti pi\u00f9 affermati, seguito da Isabel Sanch\u00eds (una designer che ritorna dopo il suo debutto nell&#8217;edizione di settembre 2020), Ulis\u00e9s M\u00e9rida e Maison Mesa. <\/p>\n\n\n\n<p>Lo stesso giorno, dopo l&#8217;ultima sfilata, verranno consegnati il Premio L&#8217;Or\u00e9al Paris per la migliore collezione di uno stilista e il Premio L&#8217;Or\u00e9al Paris per il miglior modello. Si tratta di premi con i quali il marchio riconosce il lavoro che c\u2019\u00e8 dietro ad ogni capo e ad ogni look, nonch\u00e9 il talento di tutti i team di lavoro<\/p>\n\n\n\n<h2 class=\"wp-block-heading\"><strong>I giovani fashion designer by Allianz EGO<\/strong><\/h2>\n\n\n\n<p>Domenica 11 aprile, il nuovo sponsor ufficiale Allianz Insurance supporta le collezioni disegnate dai nomi pi\u00f9 importanti nuovi talenti della moda spagnola, nell&#8217;ambito del programma Allianz EGO. Un evento che porta avanti l\u2019impegno per una moda etica e sostenibile, caratteristica molto apprezzata nella selezione dei candidati.<\/p>\n\n\n\n<p>La giornata inizier\u00e0 con la doppia presentazione dei marchi emergenti pi\u00f9 innovativi: Guillermo D\u00e9cimo e Corsicana, per poi proseguire con Rubearth e Reparto Studio, Sergio Villasantee Vel\u00e1squez, Georgiela Studio e Montenegro.<\/p>\n\n\n\n<p>Per concludere, il Mercedes-Benz Fashion Talent Award, che ha premiato diciassette volte il talento e la creativit\u00e0 dei giovani designer spagnoli, consegner\u00e0 un premio in denaro di \u20ac 3.000.<\/p>\n\n\n\n<h2 class=\"wp-block-heading\"><strong><strong>I marchi che sostengono l&#8217;industria della moda spagnola<\/strong><\/strong><\/h2>\n\n\n\n<p>Nonostante l&#8217;attuale contesto economico complesso derivato dalla pandemia, il settore imprenditoriale non ha cessato di dimostrare il proprio impegno e sostegno alla moda spagnola e ai suoi creatori. Pertanto, l&#8217;edizione di aprile 2021 di MBFWMadrid vanta l&#8217;eccezionale sponsorizzazione di quindici marchi, che hanno riposto ancora una volta la loro fiducia nella moda spagnola: Mercedes-Benz, L&#8217;Or\u00e9al Paris e Inditex continuano ad essere gli sponsor principali; Allianz, Iberia, Oppo, M\u00d3 de Multi\u00f3pticas, come sponsor; e Klarna, ESNE, GHD, Larios 12, Vegamar, Sol\u00e1n de Cabras, Mascarillas B\u00e9jar e UNISA, come collaboratori.<\/p>\n\n\n\n<p>Allo stesso modo, per la seconda edizione consecutiva, L&#8217;Or\u00e9al Paris si fa carico del 50% della quota di partecipazione dei designer come ha fatto a settembre 2020, rafforzando il suo impegno nel settore della moda anche in un momento difficile come questo.<\/p>\n\n\n\n<h2 class=\"wp-block-heading\"><a><strong>Off-Site Program<\/strong><\/a><\/h2>\n\n\n\n<p>Roberto Verino, Garc\u00eda Madrid, Eduardo Navarrete, Ernesto Naranjo, Yvan Andreu, Pilar Dalbat, Dominnico, Zap &#038; Buj, Odette \u00c1lvarez e Mar\u00eda Lafuente daranno forma ogni giorno con diverse iniziative in varie localit\u00e0 della citt\u00e0 al programma <em>MBFWMadrid Off-Site<\/em>. Aderiscono al programa anche ESNE con la sua collezione Green Patio e il Centro Superior de Dise\u00f1o de Moda Madrid (CSDMM). <\/p>\n\n\n\n<p><em>Madrid is Fashion<\/em><strong> <\/strong>\u00e8 organizzata dall&#8217;<strong><a href=\"https:\/\/creadores.org\/en\/\">Association of Creators of Fashion from Spain (ACME)<\/a><\/strong>, con il supporto di Madrid Fashion Capital e del Comune di Madrid, e si svolge come di consueto in contemporanea al MBFWMadrid con una serie di attivit\u00e0 dedicate al mondo della moda in diverse parti della citt\u00e0, confermando Madrid quale epicentro della moda spagnola.<\/p>\n<\/span>","protected":false},"excerpt":{"rendered":"<p>MBFWMadrid 73\u00b0 Edizione Caratterizzata ancora una volta dall&#8217;ibridazione dei suoi contenuti, la 73a edizione di MBFWMadrid, la pi\u00f9 grande manifestazione dedicata alla moda spagnola, si svolger\u00e0 dall&#8217;8 all&#8217;11 aprile 2021. La prima passerella internazionale del 2021 \u00e8 un&#8217;edizione che si svolger\u00e0 sotto rigorose misure di sicurezza e con una capacit\u00e0 limitata al 24%, come gi\u00e0 [&hellip;]<\/p>\n","protected":false},"author":4,"featured_media":15153,"comment_status":"open","ping_status":"open","sticky":false,"template":"","format":"standard","meta":[],"categories":[4],"tags":[1127,27,33,641],"_links":{"self":[{"href":"https:\/\/www.thesignspeaking.com\/it\/wp-json\/wp\/v2\/posts\/15152"}],"collection":[{"href":"https:\/\/www.thesignspeaking.com\/it\/wp-json\/wp\/v2\/posts"}],"about":[{"href":"https:\/\/www.thesignspeaking.com\/it\/wp-json\/wp\/v2\/types\/post"}],"author":[{"embeddable":true,"href":"https:\/\/www.thesignspeaking.com\/it\/wp-json\/wp\/v2\/users\/4"}],"replies":[{"embeddable":true,"href":"https:\/\/www.thesignspeaking.com\/it\/wp-json\/wp\/v2\/comments?post=15152"}],"version-history":[{"count":3,"href":"https:\/\/www.thesignspeaking.com\/it\/wp-json\/wp\/v2\/posts\/15152\/revisions"}],"predecessor-version":[{"id":15157,"href":"https:\/\/www.thesignspeaking.com\/it\/wp-json\/wp\/v2\/posts\/15152\/revisions\/15157"}],"wp:featuredmedia":[{"embeddable":true,"href":"https:\/\/www.thesignspeaking.com\/it\/wp-json\/wp\/v2\/media\/15153"}],"wp:attachment":[{"href":"https:\/\/www.thesignspeaking.com\/it\/wp-json\/wp\/v2\/media?parent=15152"}],"wp:term":[{"taxonomy":"category","embeddable":true,"href":"https:\/\/www.thesignspeaking.com\/it\/wp-json\/wp\/v2\/categories?post=15152"},{"taxonomy":"post_tag","embeddable":true,"href":"https:\/\/www.thesignspeaking.com\/it\/wp-json\/wp\/v2\/tags?post=15152"}],"curies":[{"name":"wp","href":"https:\/\/api.w.org\/{rel}","templated":true}]}}