{"id":15199,"date":"2021-04-25T21:50:40","date_gmt":"2021-04-25T19:50:40","guid":{"rendered":"https:\/\/www.thesignspeaking.com\/?p=15199"},"modified":"2021-04-25T22:05:29","modified_gmt":"2021-04-25T20:05:29","slug":"the-workstation-in-a-suitcase","status":"publish","type":"post","link":"https:\/\/www.thesignspeaking.com\/it\/the-workstation-in-a-suitcase\/","title":{"rendered":"L\u2019ufficio in una valigia"},"content":{"rendered":"<span class=\"cb-itemprop\" itemprop=\"reviewBody\">\n<h2 class=\"wp-block-heading\">L\u2019azienda vicentina ALU, attiva nel mondo dell\u2019arredamento per negozi, ha realizzato una postazione di lavoro mobile per ricreare \u201cl\u2019ufficio ovunque\u201d.<\/h2>\n\n\n\n<p>Da quando lo smart working \u00e8 entrato a far parte della nostra quotidianit\u00e0 e spesso degli ambienti domestici, si \u00e8 resa necessaria l\u2019individuazione di spazi adeguati. Non sempre per\u00f2 in un\u2019abitazione \u00e8 facile ricavarli senza andare ad occupare tavoli o stanze destinati ad altre attivit\u00e0, compromettendo l\u2019equilibrio tra vita lavorativa e vita privata. <\/p>\n\n\n\n<p>\u201c<em>Situazioni complesse possono dare vita ad un\u2019inventiva inaspettata <\/em>\u2013 sottolinea Abramo Manfrotto, Amministratore Delegato di <strong><a href=\"https:\/\/www.alu.com\">ALU<\/a><\/strong>, azienda italiana con esperienza internazionale nella progettazione e nello sviluppo di sistemi espositivi modulari, specializzata nella realizzazione di prodotti per l\u2019allestimento di negozi e vetrine. \u201c<em>Durante questa pausa forzata, ALU \u00e8 entrata in modalit\u00e0 creativa e a tutti i dipendenti \u00e8 stato chiesto di pensare fuori degli schemi aziendali consolidati, di trovare idee utili e applicabili che potessero sfruttare le numerose risorse dell&#8217;azienda ed esporle a nuovi scenari. Niente era off-limits. Una serie di sessioni di pensiero a distanza, coinvolgendo tutti i dipendenti ad ogni livello dell\u2019organizzazione in Italia e all\u2019estero, ha generato centinaia di idee\u201d.<\/em><\/p>\n\n\n\n<div class=\"wp-block-image\"><figure class=\"aligncenter size-large\"><img decoding=\"async\" width=\"1024\" height=\"1024\" src=\"https:\/\/www.thesignspeaking.com\/wp-content\/uploads\/2021\/04\/MG_3085-Large-1024x1024.jpg\" alt=\"\" class=\"wp-image-15204\" srcset=\"https:\/\/www.thesignspeaking.com\/wp-content\/uploads\/2021\/04\/MG_3085-Large-1024x1024.jpg 1024w, https:\/\/www.thesignspeaking.com\/wp-content\/uploads\/2021\/04\/MG_3085-Large-300x300.jpg 300w, https:\/\/www.thesignspeaking.com\/wp-content\/uploads\/2021\/04\/MG_3085-Large-150x150.jpg 150w, https:\/\/www.thesignspeaking.com\/wp-content\/uploads\/2021\/04\/MG_3085-Large-768x768.jpg 768w, https:\/\/www.thesignspeaking.com\/wp-content\/uploads\/2021\/04\/MG_3085-Large-125x125.jpg 125w, https:\/\/www.thesignspeaking.com\/wp-content\/uploads\/2021\/04\/MG_3085-Large.jpg 1080w\" sizes=\"(max-width: 1024px) 100vw, 1024px\" \/><\/figure><\/div>\n\n\n\n<p>Il retail \u00e8 stato un settore particolarmente colpito dagli effetti della pandemia. Per ALU i mesi di lockdown hanno rappresentato un momento di blocco forzato delle attivit\u00e0, che per\u00f2 non ha compromesso la creativit\u00e0 che caratterizza l\u2019azienda.<\/p>\n\n\n\n<figure class=\"wp-block-image size-large\"><img decoding=\"async\" width=\"1024\" height=\"683\" src=\"https:\/\/www.thesignspeaking.com\/wp-content\/uploads\/2021\/04\/MG_2949-Large-1024x683.jpg\" alt=\"\" class=\"wp-image-15200\" srcset=\"https:\/\/www.thesignspeaking.com\/wp-content\/uploads\/2021\/04\/MG_2949-Large-1024x683.jpg 1024w, https:\/\/www.thesignspeaking.com\/wp-content\/uploads\/2021\/04\/MG_2949-Large-300x200.jpg 300w, https:\/\/www.thesignspeaking.com\/wp-content\/uploads\/2021\/04\/MG_2949-Large-768x512.jpg 768w, https:\/\/www.thesignspeaking.com\/wp-content\/uploads\/2021\/04\/MG_2949-Large-1536x1024.jpg 1536w, https:\/\/www.thesignspeaking.com\/wp-content\/uploads\/2021\/04\/MG_2949-Large-360x240.jpg 360w, https:\/\/www.thesignspeaking.com\/wp-content\/uploads\/2021\/04\/MG_2949-Large.jpg 1620w\" sizes=\"(max-width: 1024px) 100vw, 1024px\" \/><\/figure>\n\n\n\n<p>Tra le idee selezionate, un office-in-a-box che ha ispirato Covert, una \u201cpostazione di lavoro portatile\u201d, che nasce dall\u2019esigenza che molte persone si sono trovate ad affrontare ogni giorno. Covert \u00e8 una postazione di lavoro richiudibile in una valigia dotata di ruote e maniglie che ne facilitano lo spostamento. Conforme alla norma UNI EN 527-1 e in attesa di brevetto, ha spazio per un computer, un monitor, una tastiera, un mouse e un vano per riporre provviste e oggetti personali.<\/p>\n\n\n\n<div class=\"wp-block-image\"><figure class=\"aligncenter size-large\"><img decoding=\"async\" width=\"1024\" height=\"683\" src=\"https:\/\/www.thesignspeaking.com\/wp-content\/uploads\/2021\/04\/MG_2907-Large-1024x683.jpg\" alt=\"\" class=\"wp-image-15201\" srcset=\"https:\/\/www.thesignspeaking.com\/wp-content\/uploads\/2021\/04\/MG_2907-Large-1024x683.jpg 1024w, https:\/\/www.thesignspeaking.com\/wp-content\/uploads\/2021\/04\/MG_2907-Large-300x200.jpg 300w, https:\/\/www.thesignspeaking.com\/wp-content\/uploads\/2021\/04\/MG_2907-Large-768x512.jpg 768w, https:\/\/www.thesignspeaking.com\/wp-content\/uploads\/2021\/04\/MG_2907-Large-1536x1024.jpg 1536w, https:\/\/www.thesignspeaking.com\/wp-content\/uploads\/2021\/04\/MG_2907-Large-360x240.jpg 360w, https:\/\/www.thesignspeaking.com\/wp-content\/uploads\/2021\/04\/MG_2907-Large.jpg 1620w\" sizes=\"(max-width: 1024px) 100vw, 1024px\" \/><\/figure><\/div>\n\n\n\n<p>\u201c<em>Lo spazio non \u00e8 mai abbastanza e oggi, lo testimoniano anche dati statistici, lo spazio nelle case \u00e8 sempre meno. Dover allestire e disallestire ogni giorno la propria postazione di lavoro, magari ricavata in un angolo del tavolo da pranzo, \u00e8 senz\u2019altro una fonte di stress che, come prima cosa, compromette il benessere delle persone, e, in seconda battuta, ne va anche a limitare la produttivit\u00e0<\/em>\u201d evidenzia Manfrotto.<\/p>\n\n\n\n<div class=\"wp-block-image\"><figure class=\"aligncenter size-large\"><img decoding=\"async\" width=\"1024\" height=\"683\" src=\"https:\/\/www.thesignspeaking.com\/wp-content\/uploads\/2021\/04\/MG_2772-Large-1024x683.jpg\" alt=\"\" class=\"wp-image-15202\" srcset=\"https:\/\/www.thesignspeaking.com\/wp-content\/uploads\/2021\/04\/MG_2772-Large-1024x683.jpg 1024w, https:\/\/www.thesignspeaking.com\/wp-content\/uploads\/2021\/04\/MG_2772-Large-300x200.jpg 300w, https:\/\/www.thesignspeaking.com\/wp-content\/uploads\/2021\/04\/MG_2772-Large-768x512.jpg 768w, https:\/\/www.thesignspeaking.com\/wp-content\/uploads\/2021\/04\/MG_2772-Large-1536x1024.jpg 1536w, https:\/\/www.thesignspeaking.com\/wp-content\/uploads\/2021\/04\/MG_2772-Large-360x240.jpg 360w, https:\/\/www.thesignspeaking.com\/wp-content\/uploads\/2021\/04\/MG_2772-Large.jpg 1620w\" sizes=\"(max-width: 1024px) 100vw, 1024px\" \/><\/figure><\/div>\n\n\n\n<p>Ispirato al flightcase, COVERT \u00e8 costruito con materiali di alta qualit\u00e0, con linee di design semplici e funzionali, ed \u00e8 inoltre facilmente configurabile con soluzioni personalizzate sia stilistiche sia tecnologiche in base alle specifiche esigenze aziendali. Senza dimenticare il tema della sicurezza e della salute, ovvero del bisogno di ricreare ovunque ci si trovi una postazione di lavoro ergonomica che garantisca comfort e tuteli il benessere di chi lavora.<\/p>\n\n\n\n<div class=\"wp-block-image\"><figure class=\"aligncenter size-large\"><img decoding=\"async\" width=\"1024\" height=\"1024\" src=\"https:\/\/www.thesignspeaking.com\/wp-content\/uploads\/2021\/04\/MG_2876-Large-1024x1024.jpg\" alt=\"\" class=\"wp-image-15203\" srcset=\"https:\/\/www.thesignspeaking.com\/wp-content\/uploads\/2021\/04\/MG_2876-Large-1024x1024.jpg 1024w, https:\/\/www.thesignspeaking.com\/wp-content\/uploads\/2021\/04\/MG_2876-Large-300x300.jpg 300w, https:\/\/www.thesignspeaking.com\/wp-content\/uploads\/2021\/04\/MG_2876-Large-150x150.jpg 150w, https:\/\/www.thesignspeaking.com\/wp-content\/uploads\/2021\/04\/MG_2876-Large-768x768.jpg 768w, https:\/\/www.thesignspeaking.com\/wp-content\/uploads\/2021\/04\/MG_2876-Large-125x125.jpg 125w, https:\/\/www.thesignspeaking.com\/wp-content\/uploads\/2021\/04\/MG_2876-Large.jpg 1080w\" sizes=\"(max-width: 1024px) 100vw, 1024px\" \/><\/figure><\/div>\n\n\n\n<p>\u201c<em>Covert \u00e8 la nostra scommessa sull\u2019ufficio del futuro, non solo all\u2019interno degli ambienti aziendali ma ovunque. Per alcune professioni il concetto di \u2018ufficio\u2019 inteso come luogo fisico in cui recarsi \u00e8 ormai, giustamente, superato; la pandemia non ha fatto altro che ricordarcelo ancora una volta. ma allo stesso tempo ogni impresa ha il dovere di dare ai propri lavoratori gli strumenti per stare bene e lavorare bene. Che sia a casa o in qualsiasi altro luogo, desidero che chi lavora sia messo nelle condizioni migliori per farlo, che abbia a portata di mano tutto quello che occorre. Con Covert tutto questo ora \u00e8 possibile<\/em>\u201d, conclude Abramo Manfrotto.<\/p>\n\n\n\n<h2 class=\"wp-block-heading\">ALU, dal mondo della fotografia a quello del retail<\/h2>\n\n\n\n<p>Proveniente dal mondo della fotografia, ALU \u00e8 un&#8217;azienda italiana con esperienza internazionale nella progettazione e nello sviluppo di sistemi espositivi modulari. Le origini risalgono al 1987 quando qualcuno fece notare al fotografo e imprenditore Lino Manfrotto che a New York alcuni retailer utilizzavano Autopole, palo telescopico ad espansione verticale inventato dallo stesso Manfrotto e dal suo socio G. Battocchio, nelle vetrine e negli interni dei negozi. Poco dopo, per differenziarsi dall\u2019attivit\u00e0 fotografica, \u00e8 stata fondata ALU e inaugurato, sempre a New York, il suo primo showroom dedicato a prodotti per l\u2019allestimento di negozi e vetrine. <\/p>\n\n\n\n<p>Nel corso degli anni, l&#8217;azienda ha rapidamente trasformato uno dei prodotti pi\u00f9 famosi nel mondo fotografico in uno degli accessori pi\u00f9 venduti nel settore retail facendolo diventare uno standard di mercato. Nel novembre 2009, il Comitato di Architettura e Design del Museo di Arte Moderna (MoMA) di New York ha deciso di aggiungere Autopole (e Super Clamp) alla sua collezione permanente.<\/p>\n<\/span>","protected":false},"excerpt":{"rendered":"<p>L\u2019azienda vicentina ALU, attiva nel mondo dell\u2019arredamento per negozi, ha realizzato una postazione di lavoro mobile per ricreare \u201cl\u2019ufficio ovunque\u201d. Da quando lo smart working \u00e8 entrato a far parte della nostra quotidianit\u00e0 e spesso degli ambienti domestici, si \u00e8 resa necessaria l\u2019individuazione di spazi adeguati. Non sempre per\u00f2 in un\u2019abitazione \u00e8 facile ricavarli senza [&hellip;]<\/p>\n","protected":false},"author":4,"featured_media":15203,"comment_status":"open","ping_status":"open","sticky":false,"template":"","format":"standard","meta":[],"categories":[7],"tags":[],"_links":{"self":[{"href":"https:\/\/www.thesignspeaking.com\/it\/wp-json\/wp\/v2\/posts\/15199"}],"collection":[{"href":"https:\/\/www.thesignspeaking.com\/it\/wp-json\/wp\/v2\/posts"}],"about":[{"href":"https:\/\/www.thesignspeaking.com\/it\/wp-json\/wp\/v2\/types\/post"}],"author":[{"embeddable":true,"href":"https:\/\/www.thesignspeaking.com\/it\/wp-json\/wp\/v2\/users\/4"}],"replies":[{"embeddable":true,"href":"https:\/\/www.thesignspeaking.com\/it\/wp-json\/wp\/v2\/comments?post=15199"}],"version-history":[{"count":7,"href":"https:\/\/www.thesignspeaking.com\/it\/wp-json\/wp\/v2\/posts\/15199\/revisions"}],"predecessor-version":[{"id":15215,"href":"https:\/\/www.thesignspeaking.com\/it\/wp-json\/wp\/v2\/posts\/15199\/revisions\/15215"}],"wp:featuredmedia":[{"embeddable":true,"href":"https:\/\/www.thesignspeaking.com\/it\/wp-json\/wp\/v2\/media\/15203"}],"wp:attachment":[{"href":"https:\/\/www.thesignspeaking.com\/it\/wp-json\/wp\/v2\/media?parent=15199"}],"wp:term":[{"taxonomy":"category","embeddable":true,"href":"https:\/\/www.thesignspeaking.com\/it\/wp-json\/wp\/v2\/categories?post=15199"},{"taxonomy":"post_tag","embeddable":true,"href":"https:\/\/www.thesignspeaking.com\/it\/wp-json\/wp\/v2\/tags?post=15199"}],"curies":[{"name":"wp","href":"https:\/\/api.w.org\/{rel}","templated":true}]}}