{"id":15266,"date":"2021-05-01T20:48:32","date_gmt":"2021-05-01T18:48:32","guid":{"rendered":"https:\/\/www.thesignspeaking.com\/?p=15266"},"modified":"2021-05-02T13:57:04","modified_gmt":"2021-05-02T11:57:04","slug":"how-will-we-live-together","status":"publish","type":"post","link":"https:\/\/www.thesignspeaking.com\/it\/how-will-we-live-together\/","title":{"rendered":"How will we live together?"},"content":{"rendered":"<span class=\"cb-itemprop\" itemprop=\"reviewBody\">\n<h2 class=\"wp-block-heading\">Apre al pubblico sabato 22 maggio, fino a domenica 21 novembre 2021, la 17\u00b0 Mostra Internazionale di Architettura, organizzata da La Biennale di Venezia e curata da Hashim Sarkis.<\/h2>\n\n\n\n<p>La 17\u00b0 Mostra Internazionale di Architettura dal titolo <strong><em>How will we live together?<\/em><\/strong> curata da <strong><a href=\"http:\/\/www.hashimsarkis.com\/\">Hashim Sarkis<\/a> <\/strong>e organizzata da <strong><a href=\"http:\/\/www.labiennale.org\">La Biennale di Venezia<\/a> <\/strong>apre al pubblico da sabato 22 maggio a domenica 21 novembre 2021 ai Giardini, all&#8217;Arsenale e a Forte Marghera, dove cinque architetti internazionali daranno vita al progetto aperto alla cittadinanza (<strong><em>How will we play together?<\/em><\/strong>) dedicato al gioco. <\/p>\n\n\n\n<div class=\"wp-block-image\"><figure class=\"aligncenter size-large\"><img decoding=\"async\" width=\"1024\" height=\"683\" src=\"https:\/\/www.thesignspeaking.com\/wp-content\/uploads\/2021\/05\/6_As-New-Households_Atelier-Rita.jpg\" alt=\"\" class=\"wp-image-15271\" srcset=\"https:\/\/www.thesignspeaking.com\/wp-content\/uploads\/2021\/05\/6_As-New-Households_Atelier-Rita.jpg 1024w, https:\/\/www.thesignspeaking.com\/wp-content\/uploads\/2021\/05\/6_As-New-Households_Atelier-Rita-300x200.jpg 300w, https:\/\/www.thesignspeaking.com\/wp-content\/uploads\/2021\/05\/6_As-New-Households_Atelier-Rita-768x512.jpg 768w, https:\/\/www.thesignspeaking.com\/wp-content\/uploads\/2021\/05\/6_As-New-Households_Atelier-Rita-360x240.jpg 360w\" sizes=\"(max-width: 1024px) 100vw, 1024px\" \/><figcaption>As New Households_Atelier Rita<\/figcaption><\/figure><\/div>\n\n\n\n<p><strong><a href=\"https:\/\/rafaelmoneo.com\/en\/home\/\">Rafael Moneo<\/a><\/strong> ricever\u00e0 il Leone d&#8217;Oro all&#8217;apertura della Biennale di Venezia il 22 maggio 2021. Un premio che celebra l&#8217;architetto spagnolo per tutto il suo lavoro.<\/p>\n\n\n\n<figure class=\"wp-block-image size-large\"><img decoding=\"async\" width=\"1024\" height=\"990\" src=\"https:\/\/www.thesignspeaking.com\/wp-content\/uploads\/2021\/05\/Me\u0301rida-nave-L.-Casals-alta-res-photo.jpg\" alt=\"\" class=\"wp-image-15275\" srcset=\"https:\/\/www.thesignspeaking.com\/wp-content\/uploads\/2021\/05\/Me\u0301rida-nave-L.-Casals-alta-res-photo.jpg 1024w, https:\/\/www.thesignspeaking.com\/wp-content\/uploads\/2021\/05\/Me\u0301rida-nave-L.-Casals-alta-res-photo-300x290.jpg 300w, https:\/\/www.thesignspeaking.com\/wp-content\/uploads\/2021\/05\/Me\u0301rida-nave-L.-Casals-alta-res-photo-768x743.jpg 768w\" sizes=\"(max-width: 1024px) 100vw, 1024px\" \/><figcaption>M\u00e9rida, nave L. Casals by Rafael Moneo<\/figcaption><\/figure>\n\n\n\n<p>Sessantatre partecipazioni nazionali animeranno gli storici Padiglioni ai Giardini, all\u2019Arsenale e nel centro storico di Venezia, con quattro paesi presenti per la prima volta alla Biennale Architettura: Grenada, Iraq, Uzbekistan e Repubblica dell\u2019Azerbaijan. Il Padiglione Italia alle Tese delle Vergini in Arsenale, sostenuto e promosso dal Ministero della Cultura, Direzione Generale Creativit\u00e0 contemporanea, \u00e8 a cura di Alessandro Melis.<\/p>\n\n\n\n<div class=\"wp-block-image\"><figure class=\"aligncenter size-large\"><img decoding=\"async\" width=\"1024\" height=\"512\" src=\"https:\/\/www.thesignspeaking.com\/wp-content\/uploads\/2021\/05\/16_SOM_As-Emerging-Communities.jpg\" alt=\"\" class=\"wp-image-15267\" srcset=\"https:\/\/www.thesignspeaking.com\/wp-content\/uploads\/2021\/05\/16_SOM_As-Emerging-Communities.jpg 1024w, https:\/\/www.thesignspeaking.com\/wp-content\/uploads\/2021\/05\/16_SOM_As-Emerging-Communities-300x150.jpg 300w, https:\/\/www.thesignspeaking.com\/wp-content\/uploads\/2021\/05\/16_SOM_As-Emerging-Communities-768x384.jpg 768w\" sizes=\"(max-width: 1024px) 100vw, 1024px\" \/><figcaption>SOM_As Emerging Communities<\/figcaption><\/figure><\/div>\n\n\n\n<p>La Mostra Internazionale presenta le opere di centododici partecipanti provenienti da quarantasei Paesi con una maggiore rappresentanza da Africa, America Latina e Asia e con uguale rappresentanza di uomini e donne. La Mostra \u00e8 organizzata in cinque \u201cscale\u201d (o aree tematiche), tre allestite all\u2019Arsenale e due al Padiglione Centrale: Among Diverse Beings, As New Households, As Emerging Communities, Across Borders e As One Planet.<\/p>\n\n\n\n<figure class=\"wp-block-image size-large\"><img decoding=\"async\" width=\"1024\" height=\"614\" src=\"https:\/\/www.thesignspeaking.com\/wp-content\/uploads\/2021\/05\/18_Olalekan-Jeyifous_Across-Borders.jpg\" alt=\"\" class=\"wp-image-15268\" srcset=\"https:\/\/www.thesignspeaking.com\/wp-content\/uploads\/2021\/05\/18_Olalekan-Jeyifous_Across-Borders.jpg 1024w, https:\/\/www.thesignspeaking.com\/wp-content\/uploads\/2021\/05\/18_Olalekan-Jeyifous_Across-Borders-300x180.jpg 300w, https:\/\/www.thesignspeaking.com\/wp-content\/uploads\/2021\/05\/18_Olalekan-Jeyifous_Across-Borders-768x461.jpg 768w\" sizes=\"(max-width: 1024px) 100vw, 1024px\" \/><figcaption>Olalekan Jeyifous_Across Borders<\/figcaption><\/figure>\n\n\n\n<p>\u201c<em>L\u2019attuale pandemia globale<\/em> \u2013 ha spiegato Hashim Sarkis &#8211; <em>ha senza dubbio reso la domanda posta da questa Biennale ancora pi\u00f9 rilevante e appropriata, seppure in qualche modo ironica, visto l\u2019isolamento imposto. Pu\u00f2 senz\u2019altro essere una coincidenza che il tema sia stato proposto pochi mesi prima della pandemia. Tuttavia, sono proprio le ragioni che inizialmente ci hanno portato a porre questa domanda &#8211; l\u2019intensificarsi della crisi climatica, i massicci spostamenti di popolazione, le instabilit\u00e0 politiche in tutto il mondo e le crescenti disuguaglianze razziali, sociali ed economiche, tra le altre &#8211; a condurci verso questa pandemia e a diventare ancora pi\u00f9 rilevanti. Non possiamo pi\u00f9 aspettare che siano i politici a proporre un percorso verso un futuro migliore. Mentre la politica continua a dividere e isolare, attraverso l\u2019architettura possiamo offrire modi alternativi di vivere insieme. La Biennale Architettura 2021 \u00e8 motivata dai nuovi problemi che il mondo sta ponendo all\u2019architettura, ma \u00e8 anche ispirata dall\u2019attivismo emergente di giovani architetti e dalle radicali revisioni proposte dalla professione dell\u2019architettura per affrontare queste sfide<\/em>\u201d.<\/p>\n\n\n\n<p>L\u2019edizione 2021 comprende diciassette eventi collaterali promossi da enti e istituzioni nazionali e internazionali senza fini di lucro, organizzati in diverse sedi della citt\u00e0, e una serie di partecipazioni fuori concorso: Stations + Co-Habitats, ricerche sulle cinque scale e relativi casi di studio sviluppate da ricercatori provenienti dalle universit\u00e0 di tutto il mondo (Architectural Association, American University of Beirut, The Bartlett, Columbia University, The Cooper Union, ETH Z\u00fcrich, Ethiopian Institute of Architecture, Building Construction and City Development EiABC, ETSAM &#8211; Escuela T\u00e9cnica Superior de Arquitectura de Madrid, Harvard University, Hong Kong University, Universit\u00e0 Iuav di Venezia , KIT Karlsruhe, KU Leuven, Rice University e il Venice Lab, un consorzio di gruppi di ricerca del MIT); la partecipazione speciale dell\u2019artista israeliana Michal Rovner al Padiglione Centrale; il progetto speciale di Studio Other Spaces (rappresentato da Olafur Eliasson e Sebastian Behmann) che presenta UN Assembly for the Future con i contributi di tutti partecipanti; un\u2019istallazione esterna ai Giardini How will we play sport together? dedicata al tema dello sport; un evento speciale della Vuslat Foundation, che propone una installazione di Giuseppe Penone in Arsenale.<\/p>\n\n\n\n<div class=\"wp-block-image\"><figure class=\"aligncenter size-large\"><img decoding=\"async\" width=\"1024\" height=\"576\" src=\"https:\/\/www.thesignspeaking.com\/wp-content\/uploads\/2021\/05\/21_Across-Borders_Maltzan_160108_6th-Street-Viaduct_Boyle_No-Arch-Stairs.jpg\" alt=\"\" class=\"wp-image-15270\" srcset=\"https:\/\/www.thesignspeaking.com\/wp-content\/uploads\/2021\/05\/21_Across-Borders_Maltzan_160108_6th-Street-Viaduct_Boyle_No-Arch-Stairs.jpg 1024w, https:\/\/www.thesignspeaking.com\/wp-content\/uploads\/2021\/05\/21_Across-Borders_Maltzan_160108_6th-Street-Viaduct_Boyle_No-Arch-Stairs-300x169.jpg 300w, https:\/\/www.thesignspeaking.com\/wp-content\/uploads\/2021\/05\/21_Across-Borders_Maltzan_160108_6th-Street-Viaduct_Boyle_No-Arch-Stairs-768x432.jpg 768w\" sizes=\"(max-width: 1024px) 100vw, 1024px\" \/><figcaption>Across Borders_Maltzan_160108_6th Street Viaduct_Boyle_No Arch Stairs<\/figcaption><\/figure><\/div>\n\n\n\n<p>Per il quinto anno consecutivo La Biennale di Venezia e il <strong><a href=\"https:\/\/www.vam.ac.uk\/\">Victoria and Albert Museum, London<\/a> <\/strong>presentano il Progetto Speciale al Padiglione delle Arti Applicate (Arsenale, Sale d\u2019Armi A) dal titolo Three British Mosques. In collaborazione con l\u2019architetto Shahed Saleem, la mostra guarda al mondo fai da te e spesso non documentato delle moschee adattate a questo uso.<\/p>\n\n\n\n<p>Sar\u00e0 poi attribuito il Leone d\u2019oro speciale alla memoria a Lina Bo Bardi, l\u2019architetto che meglio di ogni altro rappresenta il tema di questa Biennale. Il riconoscimento \u00e8 stato proposto da Hashim Sarkis e accolto dal Consiglio di Amministrazione della Biennale di Venezia. \u201c<em>La sua carriera di progettista, editor, curatrice e attivista ci ricorda il ruolo dell\u2019architetto come coordinatore <\/em>\u00a0\u2013 ricorda Sarkis &#8211; n<em>onch\u00e9, aspetto importante, come creatore di visioni collettive. Lina Bo Bardi incarna inoltre la tenacia dell\u2019architetto in tempi difficili, siano essi caratterizzati da guerre, conflitti politici o immigrazione e la sua capacit\u00e0 di conservare creativit\u00e0, generosit\u00e0 e ottimismo in ogni circostanza<\/em>\u201d.<\/p>\n\n\n\n<div class=\"wp-block-image\"><figure class=\"aligncenter size-large\"><img decoding=\"async\" width=\"1024\" height=\"811\" src=\"https:\/\/www.thesignspeaking.com\/wp-content\/uploads\/2021\/05\/Lina-Bo-Bardi_Casa-de-Vidro_1952_photo-by-Francisco-Albuquerque_courtesy-of-Instituto-Bardi-1024x811.jpg\" alt=\"\" class=\"wp-image-15276\" srcset=\"https:\/\/www.thesignspeaking.com\/wp-content\/uploads\/2021\/05\/Lina-Bo-Bardi_Casa-de-Vidro_1952_photo-by-Francisco-Albuquerque_courtesy-of-Instituto-Bardi-1024x811.jpg 1024w, https:\/\/www.thesignspeaking.com\/wp-content\/uploads\/2021\/05\/Lina-Bo-Bardi_Casa-de-Vidro_1952_photo-by-Francisco-Albuquerque_courtesy-of-Instituto-Bardi-300x238.jpg 300w, https:\/\/www.thesignspeaking.com\/wp-content\/uploads\/2021\/05\/Lina-Bo-Bardi_Casa-de-Vidro_1952_photo-by-Francisco-Albuquerque_courtesy-of-Instituto-Bardi-768x608.jpg 768w, https:\/\/www.thesignspeaking.com\/wp-content\/uploads\/2021\/05\/Lina-Bo-Bardi_Casa-de-Vidro_1952_photo-by-Francisco-Albuquerque_courtesy-of-Instituto-Bardi-1536x1217.jpg 1536w, https:\/\/www.thesignspeaking.com\/wp-content\/uploads\/2021\/05\/Lina-Bo-Bardi_Casa-de-Vidro_1952_photo-by-Francisco-Albuquerque_courtesy-of-Instituto-Bardi-378x300.jpg 378w, https:\/\/www.thesignspeaking.com\/wp-content\/uploads\/2021\/05\/Lina-Bo-Bardi_Casa-de-Vidro_1952_photo-by-Francisco-Albuquerque_courtesy-of-Instituto-Bardi-759x600.jpg 759w, https:\/\/www.thesignspeaking.com\/wp-content\/uploads\/2021\/05\/Lina-Bo-Bardi_Casa-de-Vidro_1952_photo-by-Francisco-Albuquerque_courtesy-of-Instituto-Bardi.jpg 1871w\" sizes=\"(max-width: 1024px) 100vw, 1024px\" \/><figcaption>Lina Bo Bardi_Casa de Vidro_1952, \u00a9 photo: Francisco Albuquerque<br>Courtesy of Instituto Bardi<\/figcaption><\/figure><\/div>\n\n\n\n<h2 class=\"wp-block-heading\">LA COLLABORAZIONE CON BIENNALE DANZA<\/h2>\n\n\n\n<p>Quest\u2019anno la 17. Mostra Internazionale di Architettura incrocer\u00e0 il 15. Festival Internazionale di Danza Contemporanea dal 23 luglio al 1 agosto, ospitando all\u2019Arsenale, nella sezione della Mostra intitolata Among Diverse Beings, le installazioni e i danzatori-coreografi di Biennale College. Sotto la guida del direttore artistico della Biennale Danza, Wayne McGregor, daranno vita a frammenti coreografici, \u201cistantanee\u201d o \u201cschizzi\u201d sollecitati da segni, materiali e temi della Mostra di Architettura.<\/p>\n\n\n\n<h2 class=\"wp-block-heading\">MEETINGS ON ARCHITECTURE<\/h2>\n\n\n\n<p>Il programma della 17. Mostra \u00e8 arricchito dai Meetings on Architecture, incontri con architetti e studiosi di tutto il mondo. I protagonisti cercheranno di rispondere alla domanda How will we live together? in una serie di dialoghi sulle nuove sfide che il cambiamento climatico pone all&#8217;architettura, sul ruolo dello spazio pubblico nelle recenti rivolte urbane, sulle nuove tecniche di ricostruzione e le forme mutevoli dell\u2019edilizia collettiva; sull&#8217;architettura dell&#8217;educazione e l&#8217;educazione dell&#8217;architetto, sul rapporto tra curatela e architettura.<\/p>\n\n\n\n<div class=\"wp-block-image\"><figure class=\"aligncenter size-large\"><img decoding=\"async\" width=\"1024\" height=\"682\" src=\"https:\/\/www.thesignspeaking.com\/wp-content\/uploads\/2021\/05\/12_As-Emerging-Communities_Leong-Leong.jpg\" alt=\"\" class=\"wp-image-15273\" srcset=\"https:\/\/www.thesignspeaking.com\/wp-content\/uploads\/2021\/05\/12_As-Emerging-Communities_Leong-Leong.jpg 1024w, https:\/\/www.thesignspeaking.com\/wp-content\/uploads\/2021\/05\/12_As-Emerging-Communities_Leong-Leong-300x200.jpg 300w, https:\/\/www.thesignspeaking.com\/wp-content\/uploads\/2021\/05\/12_As-Emerging-Communities_Leong-Leong-768x512.jpg 768w, https:\/\/www.thesignspeaking.com\/wp-content\/uploads\/2021\/05\/12_As-Emerging-Communities_Leong-Leong-360x240.jpg 360w\" sizes=\"(max-width: 1024px) 100vw, 1024px\" \/><figcaption>Leong Leong_As Emerging Communities<\/figcaption><\/figure><\/div>\n\n\n\n<h2 class=\"wp-block-heading\">BIENNALE SESSIONS &#038; EDUCATIONAL<\/h2>\n\n\n\n<p>La Biennale dedica anche quest\u2019anno il progetto <em>Biennale Sessions <\/em>alle Universit\u00e0, alle Accademie e agli Istituti di Formazione Superiore. L&#8217;obiettivo \u00e8 quello di offrire una facilitazione a visite di tre giorni da loro organizzate per gruppi di almeno 50 tra studenti e docenti, con assistenza all&#8217;organizzazione del viaggio e soggiorno e la possibilit\u00e0 di organizzare seminari in luoghi di mostra offerti gratuitamente.<\/p>\n\n\n\n<p>Nel corso dell\u2019ultimo decennio La Biennale ha dato crescente importanza all\u2019attivit\u00e0 formativa, sviluppando un forte impegno nelle attivit\u00e0 \u201cEducational\u201d verso il pubblico delle Mostre, le universit\u00e0, i giovani e i ragazzi delle scuole di ogni ordine e grado. Nella Biennale Architettura 2018 e Biennale Arte 2019 sono stati complessivamente 114.672 i soggetti coinvolti, di cui 68.205 i giovani partecipanti alle attivit\u00e0 Educational. Anche per il 2021 \u00e8 prevista una generosa offerta che si rivolge a singoli e gruppi di studenti, bambini, adulti, famiglie, professionisti, aziende e universit\u00e0. Tutte le iniziative puntano al coinvolgimento attivo dei partecipanti e sono condotte da operatori selezionati e formati dalla Biennale, suddivisi in Percorsi Guidati e Attivit\u00e0 di Laboratorio.<\/p>\n\n\n\n<div class=\"wp-block-image\"><figure class=\"aligncenter size-large\"><img decoding=\"async\" width=\"1024\" height=\"768\" src=\"https:\/\/www.thesignspeaking.com\/wp-content\/uploads\/2021\/05\/13_Tumo_Emerging-Communities.jpg\" alt=\"\" class=\"wp-image-15274\" srcset=\"https:\/\/www.thesignspeaking.com\/wp-content\/uploads\/2021\/05\/13_Tumo_Emerging-Communities.jpg 1024w, https:\/\/www.thesignspeaking.com\/wp-content\/uploads\/2021\/05\/13_Tumo_Emerging-Communities-300x225.jpg 300w, https:\/\/www.thesignspeaking.com\/wp-content\/uploads\/2021\/05\/13_Tumo_Emerging-Communities-768x576.jpg 768w\" sizes=\"(max-width: 1024px) 100vw, 1024px\" \/><figcaption>Tumo_As Emerging Communities<\/figcaption><\/figure><\/div>\n\n\n\n<h2 class=\"wp-block-heading\">PARTNER E SPONSOR<\/h2>\n\n\n\n<p>Sponsorizzata da Artemide, Edison, Vela &#8211; Venezia Unica, Paola Lenti, la Biennale Architettura 2021 \u00e8 realizzata con il sostegno di Rolex, Partner e Orologio Ufficiale della manifestazione.<\/p>\n\n\n\n<div class=\"wp-block-image\"><figure class=\"aligncenter size-large\"><img decoding=\"async\" width=\"708\" height=\"1024\" src=\"https:\/\/www.thesignspeaking.com\/wp-content\/uploads\/2021\/05\/7_As-New-Households_Lina-Ghotme-Architecture-photo-Takuji-Shimmura-708x1024.jpg\" alt=\"\" class=\"wp-image-15272\" srcset=\"https:\/\/www.thesignspeaking.com\/wp-content\/uploads\/2021\/05\/7_As-New-Households_Lina-Ghotme-Architecture-photo-Takuji-Shimmura-708x1024.jpg 708w, https:\/\/www.thesignspeaking.com\/wp-content\/uploads\/2021\/05\/7_As-New-Households_Lina-Ghotme-Architecture-photo-Takuji-Shimmura-207x300.jpg 207w, https:\/\/www.thesignspeaking.com\/wp-content\/uploads\/2021\/05\/7_As-New-Households_Lina-Ghotme-Architecture-photo-Takuji-Shimmura-768x1111.jpg 768w, https:\/\/www.thesignspeaking.com\/wp-content\/uploads\/2021\/05\/7_As-New-Households_Lina-Ghotme-Architecture-photo-Takuji-Shimmura.jpg 1024w\" sizes=\"(max-width: 708px) 100vw, 708px\" \/><figcaption>Lina Ghotme Architecture_As New Households, \u00a9 photo: Takuji Shimmura<\/figcaption><\/figure><\/div>\n<\/span>","protected":false},"excerpt":{"rendered":"<p>Apre al pubblico sabato 22 maggio, fino a domenica 21 novembre 2021, la 17\u00b0 Mostra Internazionale di Architettura, organizzata da La Biennale di Venezia e curata da Hashim Sarkis. La 17\u00b0 Mostra Internazionale di Architettura dal titolo How will we live together? curata da Hashim Sarkis e organizzata da La Biennale di Venezia apre al [&hellip;]<\/p>\n","protected":false},"author":4,"featured_media":15267,"comment_status":"open","ping_status":"open","sticky":false,"template":"","format":"standard","meta":[],"categories":[7],"tags":[473,88,1985,1984,1844,875],"_links":{"self":[{"href":"https:\/\/www.thesignspeaking.com\/it\/wp-json\/wp\/v2\/posts\/15266"}],"collection":[{"href":"https:\/\/www.thesignspeaking.com\/it\/wp-json\/wp\/v2\/posts"}],"about":[{"href":"https:\/\/www.thesignspeaking.com\/it\/wp-json\/wp\/v2\/types\/post"}],"author":[{"embeddable":true,"href":"https:\/\/www.thesignspeaking.com\/it\/wp-json\/wp\/v2\/users\/4"}],"replies":[{"embeddable":true,"href":"https:\/\/www.thesignspeaking.com\/it\/wp-json\/wp\/v2\/comments?post=15266"}],"version-history":[{"count":7,"href":"https:\/\/www.thesignspeaking.com\/it\/wp-json\/wp\/v2\/posts\/15266\/revisions"}],"predecessor-version":[{"id":15286,"href":"https:\/\/www.thesignspeaking.com\/it\/wp-json\/wp\/v2\/posts\/15266\/revisions\/15286"}],"wp:featuredmedia":[{"embeddable":true,"href":"https:\/\/www.thesignspeaking.com\/it\/wp-json\/wp\/v2\/media\/15267"}],"wp:attachment":[{"href":"https:\/\/www.thesignspeaking.com\/it\/wp-json\/wp\/v2\/media?parent=15266"}],"wp:term":[{"taxonomy":"category","embeddable":true,"href":"https:\/\/www.thesignspeaking.com\/it\/wp-json\/wp\/v2\/categories?post=15266"},{"taxonomy":"post_tag","embeddable":true,"href":"https:\/\/www.thesignspeaking.com\/it\/wp-json\/wp\/v2\/tags?post=15266"}],"curies":[{"name":"wp","href":"https:\/\/api.w.org\/{rel}","templated":true}]}}