{"id":15315,"date":"2021-05-19T17:27:42","date_gmt":"2021-05-19T15:27:42","guid":{"rendered":"https:\/\/www.thesignspeaking.com\/?p=15315"},"modified":"2021-05-19T17:35:28","modified_gmt":"2021-05-19T15:35:28","slug":"interdisciplinary-architectures-for-future-coexistence","status":"publish","type":"post","link":"https:\/\/www.thesignspeaking.com\/it\/interdisciplinary-architectures-for-future-coexistence\/","title":{"rendered":"Architetture interdisciplinari per la futura convivenza"},"content":{"rendered":"<span class=\"cb-itemprop\" itemprop=\"reviewBody\">\n<h2 class=\"wp-block-heading\"><strong>Di fronte all&#8217;incertezza, l&#8217;architettura si unisce ad altre discipline per mettersi al servizio di progetti sociali. Un team di quattro giovani curatori ha selezionato, attraverso un bando aperto, trentaquattro progetti da esporre nel padiglione spagnolo alla Biennale 2021.<\/strong><\/h2>\n\n\n\n<p>Alla luce delle sfide che stiamo affrontando, sia la domanda, formulata prima della pandemia, che la risposta del team curatoriale spagnolo possono essere considerate premonitrici.<\/p>\n\n\n\n<p>Per la curatela del suo padiglione alla <strong><a href=\"https:\/\/www.labiennale.org\/it\/architettura\/2021\">Biennale Architettura<\/a><\/strong> di Venezia per la prima volta la Spagna ha indetto un concorso pubblico e, tra le proposte presentate, la giuria di esperti ha scelto <em><strong><a href=\"https:\/\/uncertainty.es\">Uncertainty<\/a><\/strong><\/em> degli architetti delle Canarie Sof\u00eda Pi\u00f1ero, Domingo J. Gonz\u00e1lez, Andrzej Gwizdala e Fernando Herrera.<\/p>\n\n\n\n<p><em>Uncertainty <\/em>mette in mostra l&#8217;architettura in combutta con altre discipline per avere un impatto sulla societ\u00e0, offrendo nuove riflessioni e suggerendo nuovi modi di praticare una professione che si \u00e8 evoluta per adattarsi a tutte le dimensioni e le esigenze di una societ\u00e0 in costante cambiamento.<\/p>\n\n\n\n<div class=\"wp-block-image\"><figure class=\"aligncenter size-large\"><img decoding=\"async\" width=\"999\" height=\"1024\" src=\"https:\/\/www.thesignspeaking.com\/wp-content\/uploads\/2021\/05\/SPANISH-PAVILION_02_Campanas_A-999x1024.jpg\" alt=\"\" class=\"wp-image-15317\" srcset=\"https:\/\/www.thesignspeaking.com\/wp-content\/uploads\/2021\/05\/SPANISH-PAVILION_02_Campanas_A-999x1024.jpg 999w, https:\/\/www.thesignspeaking.com\/wp-content\/uploads\/2021\/05\/SPANISH-PAVILION_02_Campanas_A-293x300.jpg 293w, https:\/\/www.thesignspeaking.com\/wp-content\/uploads\/2021\/05\/SPANISH-PAVILION_02_Campanas_A-768x788.jpg 768w, https:\/\/www.thesignspeaking.com\/wp-content\/uploads\/2021\/05\/SPANISH-PAVILION_02_Campanas_A.jpg 1024w\" sizes=\"(max-width: 999px) 100vw, 999px\" \/><\/figure><\/div>\n\n\n\n<p>A parte il denominatore comune, le trentaquattro proposte selezionate sono molto eterogenee. Il padiglione spagnolo presenta progetti che privilegiano il processo creativo rispetto a qualsiasi pezzo iconico finito. Un processo eseguito in modo multidisciplinare e con un impatto sociale positivo chiaramente visibile.<\/p>\n\n\n\n<div class=\"wp-block-image\"><figure class=\"aligncenter size-large\"><img decoding=\"async\" width=\"703\" height=\"1024\" src=\"https:\/\/www.thesignspeaking.com\/wp-content\/uploads\/2021\/05\/SPANISH-PAVILION_28_Airmesh_B-703x1024.jpg\" alt=\"\" class=\"wp-image-15318\" srcset=\"https:\/\/www.thesignspeaking.com\/wp-content\/uploads\/2021\/05\/SPANISH-PAVILION_28_Airmesh_B-703x1024.jpg 703w, https:\/\/www.thesignspeaking.com\/wp-content\/uploads\/2021\/05\/SPANISH-PAVILION_28_Airmesh_B-206x300.jpg 206w, https:\/\/www.thesignspeaking.com\/wp-content\/uploads\/2021\/05\/SPANISH-PAVILION_28_Airmesh_B-768x1118.jpg 768w, https:\/\/www.thesignspeaking.com\/wp-content\/uploads\/2021\/05\/SPANISH-PAVILION_28_Airmesh_B.jpg 1024w\" sizes=\"(max-width: 703px) 100vw, 703px\" \/><\/figure><\/div>\n\n\n\n<p>Molti dei progetti non sono a prima vista riconoscibili come architettura in s\u00e9, per sottolineare il fatto che la professione dell\u2019architetto ha rotto i limiti della sua funzione tradizionale, la costruzione in senso stretto, per adattarsi e mescolarsi con altri campi, come la musica, la poesia, l&#8217;educazione, l&#8217;agricoltura, il cinema, la danza, i videogiochi o il turismo, utilizzando nel processo nuove forme di comunicazione, compresi i meme.<\/p>\n\n\n\n<div class=\"wp-block-image\"><figure class=\"aligncenter size-large\"><img decoding=\"async\" width=\"1024\" height=\"879\" src=\"https:\/\/www.thesignspeaking.com\/wp-content\/uploads\/2021\/05\/SPANISH-PAVILION_01_Celosia-de-la-memoria_A.jpg\" alt=\"\" class=\"wp-image-15316\" srcset=\"https:\/\/www.thesignspeaking.com\/wp-content\/uploads\/2021\/05\/SPANISH-PAVILION_01_Celosia-de-la-memoria_A.jpg 1024w, https:\/\/www.thesignspeaking.com\/wp-content\/uploads\/2021\/05\/SPANISH-PAVILION_01_Celosia-de-la-memoria_A-300x258.jpg 300w, https:\/\/www.thesignspeaking.com\/wp-content\/uploads\/2021\/05\/SPANISH-PAVILION_01_Celosia-de-la-memoria_A-768x659.jpg 768w\" sizes=\"(max-width: 1024px) 100vw, 1024px\" \/><\/figure><\/div>\n\n\n\n<p>Come spiega il team di curatori, la mostra non ammette alcuna risposta concreta alla domanda formulata da <strong>Hashim Sarkis<\/strong>, decano del MIT School of Architecture and Planning, <em>How will we live together?<\/em> ma piuttosto cerca di generare una catena infinita di ulteriori domande che portano a una sola certezza: il nostro futuro \u00e8 insieme o non c\u2019\u00e8.<\/p>\n\n\n\n<p>La giovane et\u00e0 dei quattro curatori, tutti intorno ai trent\u2019anni, \u00e8 anche uno spunto per fare una fotografia generazionale della professione. Il percorso che ognuno ha fatto, con le rispettive aspettative ed esigenze, trasmette un messaggio sull&#8217;adattamento a contesti incerti, cos\u00ec come sul ruolo trasversale che l&#8217;architettura deve avere nella ricerca collettiva del benessere sociale.<\/p>\n\n\n\n<div class=\"wp-block-image\"><figure class=\"aligncenter size-large\"><img decoding=\"async\" width=\"703\" height=\"1024\" src=\"https:\/\/www.thesignspeaking.com\/wp-content\/uploads\/2021\/05\/SPANISH-PAVILION_33_Mycoscapes_B-703x1024.jpg\" alt=\"\" class=\"wp-image-15319\" srcset=\"https:\/\/www.thesignspeaking.com\/wp-content\/uploads\/2021\/05\/SPANISH-PAVILION_33_Mycoscapes_B-703x1024.jpg 703w, https:\/\/www.thesignspeaking.com\/wp-content\/uploads\/2021\/05\/SPANISH-PAVILION_33_Mycoscapes_B-206x300.jpg 206w, https:\/\/www.thesignspeaking.com\/wp-content\/uploads\/2021\/05\/SPANISH-PAVILION_33_Mycoscapes_B-768x1118.jpg 768w, https:\/\/www.thesignspeaking.com\/wp-content\/uploads\/2021\/05\/SPANISH-PAVILION_33_Mycoscapes_B.jpg 1024w\" sizes=\"(max-width: 703px) 100vw, 703px\" \/><\/figure><\/div>\n\n\n\n<p><\/p>\n\n\n\n<p><strong>Date<\/strong><\/p>\n\n\n\n<p>Dal 22 maggio al 21 novembre 2021<\/p>\n\n\n\n<p><strong>Location<\/strong><\/p>\n\n\n\n<p>Padiglione Spagna, Giardini della Biennale, Castello 1260, 30122 Venezia<\/p>\n<\/span>","protected":false},"excerpt":{"rendered":"<p>Di fronte all&#8217;incertezza, l&#8217;architettura si unisce ad altre discipline per mettersi al servizio di progetti sociali. Un team di quattro giovani curatori ha selezionato, attraverso un bando aperto, trentaquattro progetti da esporre nel padiglione spagnolo alla Biennale 2021. Alla luce delle sfide che stiamo affrontando, sia la domanda, formulata prima della pandemia, che la risposta [&hellip;]<\/p>\n","protected":false},"author":4,"featured_media":15317,"comment_status":"open","ping_status":"open","sticky":false,"template":"","format":"standard","meta":[],"categories":[11],"tags":[],"_links":{"self":[{"href":"https:\/\/www.thesignspeaking.com\/it\/wp-json\/wp\/v2\/posts\/15315"}],"collection":[{"href":"https:\/\/www.thesignspeaking.com\/it\/wp-json\/wp\/v2\/posts"}],"about":[{"href":"https:\/\/www.thesignspeaking.com\/it\/wp-json\/wp\/v2\/types\/post"}],"author":[{"embeddable":true,"href":"https:\/\/www.thesignspeaking.com\/it\/wp-json\/wp\/v2\/users\/4"}],"replies":[{"embeddable":true,"href":"https:\/\/www.thesignspeaking.com\/it\/wp-json\/wp\/v2\/comments?post=15315"}],"version-history":[{"count":5,"href":"https:\/\/www.thesignspeaking.com\/it\/wp-json\/wp\/v2\/posts\/15315\/revisions"}],"predecessor-version":[{"id":15325,"href":"https:\/\/www.thesignspeaking.com\/it\/wp-json\/wp\/v2\/posts\/15315\/revisions\/15325"}],"wp:featuredmedia":[{"embeddable":true,"href":"https:\/\/www.thesignspeaking.com\/it\/wp-json\/wp\/v2\/media\/15317"}],"wp:attachment":[{"href":"https:\/\/www.thesignspeaking.com\/it\/wp-json\/wp\/v2\/media?parent=15315"}],"wp:term":[{"taxonomy":"category","embeddable":true,"href":"https:\/\/www.thesignspeaking.com\/it\/wp-json\/wp\/v2\/categories?post=15315"},{"taxonomy":"post_tag","embeddable":true,"href":"https:\/\/www.thesignspeaking.com\/it\/wp-json\/wp\/v2\/tags?post=15315"}],"curies":[{"name":"wp","href":"https:\/\/api.w.org\/{rel}","templated":true}]}}