{"id":15367,"date":"2021-06-07T00:23:32","date_gmt":"2021-06-06T22:23:32","guid":{"rendered":"https:\/\/www.thesignspeaking.com\/?p=15367"},"modified":"2021-06-07T08:04:17","modified_gmt":"2021-06-07T06:04:17","slug":"think-design-act","status":"publish","type":"post","link":"https:\/\/www.thesignspeaking.com\/it\/think-design-act\/","title":{"rendered":"Think, Design, Act"},"content":{"rendered":"<span class=\"cb-itemprop\" itemprop=\"reviewBody\">\n<h2 class=\"wp-block-heading\">La 16\u00b0 edizione della Barcelona Design Week &#8211; l&#8217;evento annuale dedicato al design e alla creativit\u00e0 creato dal Barcelona Design Centre nel 2006 &#8211; si tiene dal 7 al 17 giugno.<\/h2>\n\n\n\n<p>La 16\u00b0 edizione della <strong><a href=\"https:\/\/barcelonadesignweek.com\/en\/\">Barcelona Design Week<\/a><\/strong> &#8211; l&#8217;evento annuale sul design e la creativit\u00e0 a Barcellona ideato dal Barcelona Design Centre nel 2006 &#8211; si svolger\u00e0 in due momenti diversi: dal 7 al 17 giugno, con un programma rivolto al mondo professionale, e dal 7 al 30 ottobre con un festival rivolto agli abitanti della citt\u00e0.<\/p>\n\n\n\n<p>Lo slogan della BDW 2021, &#8220;Think, Design, Act&#8221;, riflette il messaggio che si vuole trasmettere in questo momento per affrontare le sfide che ci attendono: pensare a livello di design, progettare e realizzare nuove soluzioni, modelli e ambienti pi\u00f9 sostenibili, economicamente validi e focalizzati sulle reali necessit\u00e0 delle persone.<\/p>\n\n\n\n<p>Il design \u00e8 un alleato fondamentale per qualsiasi settore, non sono solo oggetti, ma processi, innovazione, sostenibilit\u00e0 e mettere le persone al centro.<\/p>\n\n\n\n<p>Organizzata dal <strong><a href=\"https:\/\/www.bcd.es\/ca\/\" target=\"_blank\" rel=\"noreferrer noopener\">Barcelona Centre de Disseny<\/a><\/strong> la Barcelona Design Week \u00e8 promossa dal <strong><a href=\"http:\/\/www.barcelona.cat\/ca\/\" target=\"_blank\" rel=\"noreferrer noopener\">Barcelona City Council<\/a><\/strong>, in collaborazione con il <a href=\"http:\/\/www.fad.cat\/\" target=\"_blank\" rel=\"noreferrer noopener\"><strong>FAD Fostering Arts and Design<\/strong><\/a> e il <strong><a href=\"http:\/\/ajuntament.barcelona.cat\/museudeldisseny\/ca\" target=\"_blank\" rel=\"noreferrer noopener\">Museu del Disseny<\/a><\/strong>. \u00c8 inoltre parte delle <a href=\"https:\/\/www.worlddesignweeks.org\/\" target=\"_blank\" rel=\"noreferrer noopener\"><strong>World Design Weeks<\/strong><\/a>, la cui sede \u00e8 proprio a Barcellona, una rete composta da quasi quaranta festival di design in tutto il mondo.<\/p>\n\n\n\n<h2 class=\"wp-block-heading\">Daan Roosegaarde e il nuovo valere della \u201cSchoonheid\u201d<\/h2>\n\n\n\n<p>La conferenza di apertura della Barcelona Design Week 2021 \u00e8 tenuta da Daan Roosegaarde, designer e fondatore dello <strong><a href=\"https:\/\/www.studioroosegaarde.net\/info\">Studio Roosegaarde<\/a><\/strong> di Rotterdam. Laureato al Berlage Institute con un Master in Architettura, \u00e8 un Young Global Leader del World Economic Forum e visiting professor in diverse universit\u00e0. \u00c8 stato selezionato da Forbes e Good 100 come creativo che produce un cambiamento e nominato artista dell&#8217;anno 2016 nei Paesi Bassi.<\/p>\n\n\n\n<div class=\"wp-block-image\"><figure class=\"aligncenter size-large\"><img decoding=\"async\" width=\"800\" height=\"541\" src=\"https:\/\/www.thesignspeaking.com\/wp-content\/uploads\/2021\/06\/91fde8e9-4b98-87c5-f9eb-b4aa28534db5.jpg\" alt=\"\" class=\"wp-image-15368\" srcset=\"https:\/\/www.thesignspeaking.com\/wp-content\/uploads\/2021\/06\/91fde8e9-4b98-87c5-f9eb-b4aa28534db5.jpg 800w, https:\/\/www.thesignspeaking.com\/wp-content\/uploads\/2021\/06\/91fde8e9-4b98-87c5-f9eb-b4aa28534db5-300x203.jpg 300w, https:\/\/www.thesignspeaking.com\/wp-content\/uploads\/2021\/06\/91fde8e9-4b98-87c5-f9eb-b4aa28534db5-768x519.jpg 768w\" sizes=\"(max-width: 800px) 100vw, 800px\" \/><figcaption>Daan Roosegaarde, photo Raymond Rutting<\/figcaption><\/figure><\/div>\n\n\n\n<p>Roosegaarde tira fuori la tecnologia dagli schermi per esplorare il ruolo sociale del design nel nostro mondo e per migliorare la vita negli ambienti urbani. Come leader di pensiero innovativo, mostra l&#8217;importanza della &#8220;Schoonheid&#8221; (una parola olandese che significa sia bellezza che pulizia) come nuovo valore, insieme alla sua visione per un futuro migliore.<\/p>\n\n\n\n<p>Con il titolo &#8220;Landscapes of the Future&#8221;, il designer presenta la sua pratica innovativa che fonde persone, tecnologia e spazio per creare un mondo a prova di futuro: nella sua visione inondazioni virtuali, strade intelligenti e torri cattura-smog.<\/p>\n\n\n\n<h2 class=\"wp-block-heading\"><strong>Off BDW<\/strong><\/h2>\n\n\n\n<p>Durante la Barcelona Design Week si terr\u00e0 l&#8217;Off BDW, che comprende una serie di attivit\u00e0, principalmente di carattere professionale, organizzate da altri protagonisti del settore durante i dieci giorni della manifestazione.<\/p>\n\n\n\n<p>Si tratta di esposizioni, installazioni, presentazioni di nuovi prodotti o servizi, inaugurazioni, porte aperte negli spazi creativi, incontri con i creativi, conferenze, seminari, workshop&#8230; tutti appuntamenti che hanno a che vedere con il design, la creativit\u00e0 o l&#8217;innovazione e che si svolgono durante l&#8217;appuntamento BDW Pro, dal 7 al 17 giugno 2021. <\/p>\n\n\n\n<p>Per consultare il programma degli eventi che si svolgono nei dieci distretti della citt\u00e0, di persona o virtualmente: <a href=\"https:\/\/barcelonadesignweek.com\/en\/calendar\/ \">https:\/\/barcelonadesignweek.com\/en\/calendar\/ <\/a><\/p>\n<\/span>","protected":false},"excerpt":{"rendered":"<p>La 16\u00b0 edizione della Barcelona Design Week &#8211; l&#8217;evento annuale dedicato al design e alla creativit\u00e0 creato dal Barcelona Design Centre nel 2006 &#8211; si tiene dal 7 al 17 giugno. La 16\u00b0 edizione della Barcelona Design Week &#8211; l&#8217;evento annuale sul design e la creativit\u00e0 a Barcellona ideato dal Barcelona Design Centre nel 2006 [&hellip;]<\/p>\n","protected":false},"author":4,"featured_media":15368,"comment_status":"open","ping_status":"open","sticky":false,"template":"","format":"standard","meta":[],"categories":[7],"tags":[929],"_links":{"self":[{"href":"https:\/\/www.thesignspeaking.com\/it\/wp-json\/wp\/v2\/posts\/15367"}],"collection":[{"href":"https:\/\/www.thesignspeaking.com\/it\/wp-json\/wp\/v2\/posts"}],"about":[{"href":"https:\/\/www.thesignspeaking.com\/it\/wp-json\/wp\/v2\/types\/post"}],"author":[{"embeddable":true,"href":"https:\/\/www.thesignspeaking.com\/it\/wp-json\/wp\/v2\/users\/4"}],"replies":[{"embeddable":true,"href":"https:\/\/www.thesignspeaking.com\/it\/wp-json\/wp\/v2\/comments?post=15367"}],"version-history":[{"count":7,"href":"https:\/\/www.thesignspeaking.com\/it\/wp-json\/wp\/v2\/posts\/15367\/revisions"}],"predecessor-version":[{"id":15379,"href":"https:\/\/www.thesignspeaking.com\/it\/wp-json\/wp\/v2\/posts\/15367\/revisions\/15379"}],"wp:featuredmedia":[{"embeddable":true,"href":"https:\/\/www.thesignspeaking.com\/it\/wp-json\/wp\/v2\/media\/15368"}],"wp:attachment":[{"href":"https:\/\/www.thesignspeaking.com\/it\/wp-json\/wp\/v2\/media?parent=15367"}],"wp:term":[{"taxonomy":"category","embeddable":true,"href":"https:\/\/www.thesignspeaking.com\/it\/wp-json\/wp\/v2\/categories?post=15367"},{"taxonomy":"post_tag","embeddable":true,"href":"https:\/\/www.thesignspeaking.com\/it\/wp-json\/wp\/v2\/tags?post=15367"}],"curies":[{"name":"wp","href":"https:\/\/api.w.org\/{rel}","templated":true}]}}