{"id":15409,"date":"2021-07-08T14:32:33","date_gmt":"2021-07-08T12:32:33","guid":{"rendered":"https:\/\/www.thesignspeaking.com\/?p=15409"},"modified":"2021-07-14T19:34:25","modified_gmt":"2021-07-14T17:34:25","slug":"collezione-ceramica-ispirata-pique-tessuto","status":"publish","type":"post","link":"https:\/\/www.thesignspeaking.com\/it\/collezione-ceramica-ispirata-pique-tessuto\/","title":{"rendered":"Una collezione di ceramiche ispirata al tessuto PIQU\u00c9"},"content":{"rendered":"<span class=\"cb-itemprop\" itemprop=\"reviewBody\">\n<h2 class=\"wp-block-heading\">Il nuovo progetto di Jos\u00e9 Manuel Ferrero per Harmony esprime e trasforma la sua passione per i tessuti in una collezione di piastrelle con un potente impatto tattile e visivo.<\/h2>\n\n\n\n<p>Storia e tecnologia si fondono per dar vita all\u2019inedito <em>ceramic concept<\/em> ideato da Jos\u00e9 Manuel Ferrero, fondatore nel 2003 a Valenciadel Design Atelier <strong><a href=\"http:\/\/www.estudihac.com\">estudi{H}ac<\/a><\/strong>, ha disegnato per <strong><a href=\"https:\/\/harmonyinspire.com\/en\">Harmony<\/a><\/strong>, il nuovo marchio di piastrelle di ceramica del gruppo Peronda, azienda familiare fondata nel 1827.<\/p>\n\n\n\n<p>Il designer riesce ad esprimere e trasformare la passione per tessuti e stoffe in un concept di ceramiche basato sul grande impatto visivo e tattile.<\/p>\n\n\n\n<div class=\"wp-block-image\"><figure class=\"aligncenter size-large\"><img decoding=\"async\" width=\"640\" height=\"447\" src=\"https:\/\/www.thesignspeaking.com\/wp-content\/uploads\/2021\/07\/image10448036.jpg\" alt=\"\" class=\"wp-image-15416\" srcset=\"https:\/\/www.thesignspeaking.com\/wp-content\/uploads\/2021\/07\/image10448036.jpg 640w, https:\/\/www.thesignspeaking.com\/wp-content\/uploads\/2021\/07\/image10448036-300x210.jpg 300w\" sizes=\"(max-width: 640px) 100vw, 640px\" \/><figcaption>Il designer Jos\u00e9 Manuel Ferrero<\/figcaption><\/figure><\/div>\n\n\n\n<p>Nel tardo XVIII secolo, l\u2019industria del cotone Lancashire svilupp\u00f2 un processo meccanico per tessere a doppio filo vestiti con trama pesante arrivando a creare il tessuto piqu\u00e9. Alcune fonti riportano che questo tipo di tessuto sia stato sviluppato specificatamente per realizzare parti dell\u2019abito da sera tradizionale. La texture del tessuto e la ricerca dell\u2019effetto geometrico costituiscono la base per analizzare questo tipo di stoffa e reinterpretarla in una collezione di ceramiche elegante e contemporanea.<\/p>\n\n\n\n<p>La collezione Piqu\u00e9 offre tre varianti che caratterizzano le diverse proposte:<\/p>\n\n\n\n<figure class=\"wp-block-image size-large\"><img decoding=\"async\" width=\"640\" height=\"426\" src=\"https:\/\/www.thesignspeaking.com\/wp-content\/uploads\/2021\/07\/image10447912.jpg\" alt=\"\" class=\"wp-image-15415\" srcset=\"https:\/\/www.thesignspeaking.com\/wp-content\/uploads\/2021\/07\/image10447912.jpg 640w, https:\/\/www.thesignspeaking.com\/wp-content\/uploads\/2021\/07\/image10447912-300x200.jpg 300w, https:\/\/www.thesignspeaking.com\/wp-content\/uploads\/2021\/07\/image10447912-360x240.jpg 360w\" sizes=\"(max-width: 640px) 100vw, 640px\" \/><figcaption>Collezione di piastrelle in ceramica PIQU\u00c9 by Harmony<\/figcaption><\/figure>\n\n\n\n<p><strong>PIQU\u00c9 Waffle<\/strong> disponibile nelle quattro tonalit\u00e0 antracite, bordeaux, sabbia e bianco, \u00e8 la proposta pi\u00f9 pura e concettuale.<\/p>\n\n\n\n<div class=\"wp-block-image\"><figure class=\"aligncenter size-large\"><img decoding=\"async\" width=\"640\" height=\"426\" src=\"https:\/\/www.thesignspeaking.com\/wp-content\/uploads\/2021\/07\/image10447916.jpg\" alt=\"\" class=\"wp-image-15413\" srcset=\"https:\/\/www.thesignspeaking.com\/wp-content\/uploads\/2021\/07\/image10447916.jpg 640w, https:\/\/www.thesignspeaking.com\/wp-content\/uploads\/2021\/07\/image10447916-300x200.jpg 300w, https:\/\/www.thesignspeaking.com\/wp-content\/uploads\/2021\/07\/image10447916-360x240.jpg 360w\" sizes=\"(max-width: 640px) 100vw, 640px\" \/><figcaption>Collezione di piastrelle in ceramica PIQU\u00c9 Waffle by Harmony<\/figcaption><\/figure><\/div>\n\n\n\n<p><strong>PIQU\u00c9 Mosaic <\/strong>rappresenta l\u2019esplorazione del rilievo come simbolo distintivo, che crea cos\u00ec un effetto mosaico tridimensionale al rovescio in due colori, antracite e bianco.<\/p>\n\n\n\n<div class=\"wp-block-image\"><figure class=\"aligncenter size-large\"><img decoding=\"async\" width=\"640\" height=\"463\" src=\"https:\/\/www.thesignspeaking.com\/wp-content\/uploads\/2021\/07\/image10447818.jpg\" alt=\"\" class=\"wp-image-15412\" srcset=\"https:\/\/www.thesignspeaking.com\/wp-content\/uploads\/2021\/07\/image10447818.jpg 640w, https:\/\/www.thesignspeaking.com\/wp-content\/uploads\/2021\/07\/image10447818-300x217.jpg 300w\" sizes=\"(max-width: 640px) 100vw, 640px\" \/><figcaption>Collezione di piastrelle in ceramica PIQU\u00c9 Mosaic by Harmony<\/figcaption><\/figure><\/div>\n\n\n\n<p><strong>PIQU\u00c9 3D<\/strong> nasce a partire della estrusione lineare della trama di fili che compongono il tessuto per ottenere due pezzi dal carattere pi\u00f9 iconico. \u00c9 disponibile in quattro tonalit\u00e0: antracite, bordeaux, sabbia e bianco.<\/p>\n\n\n\n<div class=\"wp-block-image\"><figure class=\"aligncenter size-large\"><img decoding=\"async\" width=\"640\" height=\"449\" src=\"https:\/\/www.thesignspeaking.com\/wp-content\/uploads\/2021\/07\/image10447908.jpg\" alt=\"\" class=\"wp-image-15410\" srcset=\"https:\/\/www.thesignspeaking.com\/wp-content\/uploads\/2021\/07\/image10447908.jpg 640w, https:\/\/www.thesignspeaking.com\/wp-content\/uploads\/2021\/07\/image10447908-300x210.jpg 300w\" sizes=\"(max-width: 640px) 100vw, 640px\" \/><figcaption>Collezione di piastrelle in ceramica PIQU\u00c9 3D by Harmony<\/figcaption><\/figure><\/div>\n<\/span>","protected":false},"excerpt":{"rendered":"<p>Il nuovo progetto di Jos\u00e9 Manuel Ferrero per Harmony esprime e trasforma la sua passione per i tessuti in una collezione di piastrelle con un potente impatto tattile e visivo. Storia e tecnologia si fondono per dar vita all\u2019inedito ceramic concept ideato da Jos\u00e9 Manuel Ferrero, fondatore nel 2003 a Valenciadel Design Atelier estudi{H}ac, ha [&hellip;]<\/p>\n","protected":false},"author":4,"featured_media":15415,"comment_status":"open","ping_status":"open","sticky":false,"template":"","format":"standard","meta":[],"categories":[7],"tags":[2004,27,2002,2003,2005,2006,1636],"_links":{"self":[{"href":"https:\/\/www.thesignspeaking.com\/it\/wp-json\/wp\/v2\/posts\/15409"}],"collection":[{"href":"https:\/\/www.thesignspeaking.com\/it\/wp-json\/wp\/v2\/posts"}],"about":[{"href":"https:\/\/www.thesignspeaking.com\/it\/wp-json\/wp\/v2\/types\/post"}],"author":[{"embeddable":true,"href":"https:\/\/www.thesignspeaking.com\/it\/wp-json\/wp\/v2\/users\/4"}],"replies":[{"embeddable":true,"href":"https:\/\/www.thesignspeaking.com\/it\/wp-json\/wp\/v2\/comments?post=15409"}],"version-history":[{"count":4,"href":"https:\/\/www.thesignspeaking.com\/it\/wp-json\/wp\/v2\/posts\/15409\/revisions"}],"predecessor-version":[{"id":15423,"href":"https:\/\/www.thesignspeaking.com\/it\/wp-json\/wp\/v2\/posts\/15409\/revisions\/15423"}],"wp:featuredmedia":[{"embeddable":true,"href":"https:\/\/www.thesignspeaking.com\/it\/wp-json\/wp\/v2\/media\/15415"}],"wp:attachment":[{"href":"https:\/\/www.thesignspeaking.com\/it\/wp-json\/wp\/v2\/media?parent=15409"}],"wp:term":[{"taxonomy":"category","embeddable":true,"href":"https:\/\/www.thesignspeaking.com\/it\/wp-json\/wp\/v2\/categories?post=15409"},{"taxonomy":"post_tag","embeddable":true,"href":"https:\/\/www.thesignspeaking.com\/it\/wp-json\/wp\/v2\/tags?post=15409"}],"curies":[{"name":"wp","href":"https:\/\/api.w.org\/{rel}","templated":true}]}}