{"id":15440,"date":"2021-07-21T20:42:49","date_gmt":"2021-07-21T18:42:49","guid":{"rendered":"https:\/\/www.thesignspeaking.com\/?p=15440"},"modified":"2021-07-23T08:55:17","modified_gmt":"2021-07-23T06:55:17","slug":"workmanship-details-excellence-rarities-haute-couture","status":"publish","type":"post","link":"https:\/\/www.thesignspeaking.com\/it\/workmanship-details-excellence-rarities-haute-couture\/","title":{"rendered":"Lavorazioni artigianali, dettagli, eccellenze, rarit\u00e0"},"content":{"rendered":"<span class=\"cb-itemprop\" itemprop=\"reviewBody\">\n<h2 class=\"wp-block-heading\">Alcune riflessioni di Alessandro Turci dopo le presentazioni delle collezioni autunno\/inverno 2021<\/h2>\n\n\n\n<p>A seguito delle presentazioni di alta moda autunno\/inverno 2021-22, un pensiero ed alcune domande sorgono spontanee. Perch\u00e9? E soprattutto cosa stiamo vedendo?<\/p>\n\n\n\n<div class=\"wp-block-image\"><figure class=\"aligncenter size-large\"><img decoding=\"async\" width=\"682\" height=\"1024\" src=\"https:\/\/www.thesignspeaking.com\/wp-content\/uploads\/2021\/07\/Jean-Paul-GAULTIER-BY-SACAI-a-682x1024.jpg\" alt=\"\" class=\"wp-image-15472\" srcset=\"https:\/\/www.thesignspeaking.com\/wp-content\/uploads\/2021\/07\/Jean-Paul-GAULTIER-BY-SACAI-a-682x1024.jpg 682w, https:\/\/www.thesignspeaking.com\/wp-content\/uploads\/2021\/07\/Jean-Paul-GAULTIER-BY-SACAI-a-200x300.jpg 200w, https:\/\/www.thesignspeaking.com\/wp-content\/uploads\/2021\/07\/Jean-Paul-GAULTIER-BY-SACAI-a-768x1153.jpg 768w, https:\/\/www.thesignspeaking.com\/wp-content\/uploads\/2021\/07\/Jean-Paul-GAULTIER-BY-SACAI-a-1023x1536.jpg 1023w, https:\/\/www.thesignspeaking.com\/wp-content\/uploads\/2021\/07\/Jean-Paul-GAULTIER-BY-SACAI-a.jpg 1364w\" sizes=\"(max-width: 682px) 100vw, 682px\" \/><figcaption>Jean Paul Gaultier by Sacai<\/figcaption><\/figure><\/div>\n\n\n\n<p><br>Una prima risposta ci viene data da una delle ultime interviste a Yves Saint Laurent nel suo atelier parigino durante l\u2019allestimento di una delle sue collezioni di haute couture. Sorpreso dalle strampalate proposte dei colleghi stilisti YSL chiedeva al suo intervistatore se le collezioni in passerella avrebbero poi effettivamente avuto riscontro di vendita. \u201cNo, per lo pi\u00f9 sono fatte per promozione del brand, per comunicazione ed immagine\u201d\u2026stupito e un po\u2019 stranito replicava\u2026\u201dio non potrei creare qualcosa che non venga indossato! Non me lo posso permettere!\u201d<\/p>\n\n\n\n<div class=\"wp-block-image\"><figure class=\"aligncenter size-large\"><img decoding=\"async\" width=\"772\" height=\"1024\" src=\"https:\/\/www.thesignspeaking.com\/wp-content\/uploads\/2021\/07\/Charles-de-Vilmorin-772x1024.jpg\" alt=\"\" class=\"wp-image-15477\" srcset=\"https:\/\/www.thesignspeaking.com\/wp-content\/uploads\/2021\/07\/Charles-de-Vilmorin-772x1024.jpg 772w, https:\/\/www.thesignspeaking.com\/wp-content\/uploads\/2021\/07\/Charles-de-Vilmorin-226x300.jpg 226w, https:\/\/www.thesignspeaking.com\/wp-content\/uploads\/2021\/07\/Charles-de-Vilmorin-768x1018.jpg 768w, https:\/\/www.thesignspeaking.com\/wp-content\/uploads\/2021\/07\/Charles-de-Vilmorin.jpg 872w\" sizes=\"(max-width: 772px) 100vw, 772px\" \/><figcaption>Charles de Valmorin<\/figcaption><\/figure><\/div>\n\n\n\n<p><br>Una mentalit\u00e0 ormai quasi perduta, desueta, lontana dallo spettacolarismo intellettualoide dei \u201cgiovani\u201d creatori.<br>Ricordiamo allora cosa vuol dire couture, il lavoro di atelier fatto sul corpo, manuale, ad personam, una ricerca di lavorazioni, dettagli, eccellenze, rarit\u00e0 dedicate ad un\u2019\u00e9lite di acquirenti assai esigenti.<br>Ecco perch\u00e9 spesso le strade con un pr\u00eat-\u00e0-porter di alto profilo si intersecano, si compenetrano.<\/p>\n\n\n\n<div class=\"wp-block-image\"><figure class=\"aligncenter size-large\"><img decoding=\"async\" width=\"682\" height=\"1024\" src=\"https:\/\/www.thesignspeaking.com\/wp-content\/uploads\/2021\/07\/Pyer-Moss-c-682x1024.jpg\" alt=\"\" class=\"wp-image-15476\" srcset=\"https:\/\/www.thesignspeaking.com\/wp-content\/uploads\/2021\/07\/Pyer-Moss-c-682x1024.jpg 682w, https:\/\/www.thesignspeaking.com\/wp-content\/uploads\/2021\/07\/Pyer-Moss-c-200x300.jpg 200w, https:\/\/www.thesignspeaking.com\/wp-content\/uploads\/2021\/07\/Pyer-Moss-c-768x1153.jpg 768w, https:\/\/www.thesignspeaking.com\/wp-content\/uploads\/2021\/07\/Pyer-Moss-c-1023x1536.jpg 1023w, https:\/\/www.thesignspeaking.com\/wp-content\/uploads\/2021\/07\/Pyer-Moss-c.jpg 1364w\" sizes=\"(max-width: 682px) 100vw, 682px\" \/><figcaption>Pyer Moss<\/figcaption><\/figure><\/div>\n\n\n\n<p>Il problema di fondo, come sempre, non sta nella forma ma nel senso, come gi\u00e0 enunciava Paul Klee nel suo manifesto artistico.<br>Se la couture \u00e8 un diverso modo di costruire il capo, che necessariamente si nutre di tempo e lavoro accurato, di una profusione di energie a vari livelli senza riserve, allora qui sta la ricerca, nella sapiente competenza che guarda al futuro non per la stranezza ma per la personale visione.<\/p>\n\n\n\n<div class=\"wp-block-image\"><figure class=\"aligncenter size-large\"><img decoding=\"async\" width=\"761\" height=\"1024\" src=\"https:\/\/www.thesignspeaking.com\/wp-content\/uploads\/2021\/07\/Pyer-Moss-761x1024.jpg\" alt=\"\" class=\"wp-image-15478\" srcset=\"https:\/\/www.thesignspeaking.com\/wp-content\/uploads\/2021\/07\/Pyer-Moss-761x1024.jpg 761w, https:\/\/www.thesignspeaking.com\/wp-content\/uploads\/2021\/07\/Pyer-Moss-223x300.jpg 223w, https:\/\/www.thesignspeaking.com\/wp-content\/uploads\/2021\/07\/Pyer-Moss-768x1033.jpg 768w, https:\/\/www.thesignspeaking.com\/wp-content\/uploads\/2021\/07\/Pyer-Moss.jpg 868w\" sizes=\"(max-width: 761px) 100vw, 761px\" \/><figcaption>Pyer Moss<\/figcaption><\/figure><\/div>\n\n\n\n<p>L\u2019occhio vede quel che sa e quindi, per vedere di pi\u00f9 occorre sapere di pi\u00f9.<br>Il basso livello di conoscenza dimostrato dalle collezioni ci parla di manierismo, barocchismo, compiacimento, non di rinnovamento. <\/p>\n\n\n\n<div class=\"wp-block-image\"><figure class=\"aligncenter size-large\"><img decoding=\"async\" width=\"682\" height=\"1024\" src=\"https:\/\/www.thesignspeaking.com\/wp-content\/uploads\/2021\/07\/Pyer-Moss-a-682x1024.jpg\" alt=\"\" class=\"wp-image-15480\" srcset=\"https:\/\/www.thesignspeaking.com\/wp-content\/uploads\/2021\/07\/Pyer-Moss-a-682x1024.jpg 682w, https:\/\/www.thesignspeaking.com\/wp-content\/uploads\/2021\/07\/Pyer-Moss-a-200x300.jpg 200w, https:\/\/www.thesignspeaking.com\/wp-content\/uploads\/2021\/07\/Pyer-Moss-a-768x1153.jpg 768w, https:\/\/www.thesignspeaking.com\/wp-content\/uploads\/2021\/07\/Pyer-Moss-a-1023x1536.jpg 1023w, https:\/\/www.thesignspeaking.com\/wp-content\/uploads\/2021\/07\/Pyer-Moss-a.jpg 1364w\" sizes=\"(max-width: 682px) 100vw, 682px\" \/><figcaption>Pyer Moss<\/figcaption><\/figure><\/div>\n\n\n\n<p>Ci parla di forme ma non di contenuti.<\/p>\n\n\n\n<p>Significante, significato, referente, il triangolo dialettico di Saussure viene mistificato.<br>L\u2019immagine basta a se stessa, il simbolo non \u00e8 pi\u00f9 legato ad una realt\u00e0 da rappresentare n\u00e8 potremmo dire ad un\u2019esigenza da soddisfare.<br>Il cliente non cerca la cultura ma l\u2019effetto, a riprova della ancora assoluta validit\u00e0 del pensiero premonitore di Guy Debord.<\/p>\n\n\n\n<div class=\"wp-block-image\"><figure class=\"aligncenter size-large\"><img decoding=\"async\" width=\"682\" height=\"1024\" src=\"https:\/\/www.thesignspeaking.com\/wp-content\/uploads\/2021\/07\/Pyer-Moss-b-682x1024.jpg\" alt=\"\" class=\"wp-image-15479\" srcset=\"https:\/\/www.thesignspeaking.com\/wp-content\/uploads\/2021\/07\/Pyer-Moss-b-682x1024.jpg 682w, https:\/\/www.thesignspeaking.com\/wp-content\/uploads\/2021\/07\/Pyer-Moss-b-200x300.jpg 200w, https:\/\/www.thesignspeaking.com\/wp-content\/uploads\/2021\/07\/Pyer-Moss-b-768x1153.jpg 768w, https:\/\/www.thesignspeaking.com\/wp-content\/uploads\/2021\/07\/Pyer-Moss-b-1023x1536.jpg 1023w, https:\/\/www.thesignspeaking.com\/wp-content\/uploads\/2021\/07\/Pyer-Moss-b.jpg 1364w\" sizes=\"(max-width: 682px) 100vw, 682px\" \/><figcaption>Pyer Moss<\/figcaption><\/figure><\/div>\n\n\n\n<p>Che senso ha dunque la couture senza il cliente da vestire? <\/p>\n\n\n\n<p>Se quello stesso cliente non ha pi\u00f9 competenza n\u00e8 discernimento ma confonde l\u2019effetto con la costruzione, il significante col significato, il simbolo con l\u2019immagine?<\/p>\n\n\n\n<p class=\"has-text-align-right\">Alessandro Turci<\/p>\n<\/span>","protected":false},"excerpt":{"rendered":"<p>Alcune riflessioni di Alessandro Turci dopo le presentazioni delle collezioni autunno\/inverno 2021 A seguito delle presentazioni di alta moda autunno\/inverno 2021-22, un pensiero ed alcune domande sorgono spontanee. Perch\u00e9? E soprattutto cosa stiamo vedendo? Una prima risposta ci viene data da una delle ultime interviste a Yves Saint Laurent nel suo atelier parigino durante l\u2019allestimento [&hellip;]<\/p>\n","protected":false},"author":4,"featured_media":15472,"comment_status":"open","ping_status":"open","sticky":false,"template":"","format":"standard","meta":[],"categories":[4],"tags":[],"_links":{"self":[{"href":"https:\/\/www.thesignspeaking.com\/it\/wp-json\/wp\/v2\/posts\/15440"}],"collection":[{"href":"https:\/\/www.thesignspeaking.com\/it\/wp-json\/wp\/v2\/posts"}],"about":[{"href":"https:\/\/www.thesignspeaking.com\/it\/wp-json\/wp\/v2\/types\/post"}],"author":[{"embeddable":true,"href":"https:\/\/www.thesignspeaking.com\/it\/wp-json\/wp\/v2\/users\/4"}],"replies":[{"embeddable":true,"href":"https:\/\/www.thesignspeaking.com\/it\/wp-json\/wp\/v2\/comments?post=15440"}],"version-history":[{"count":17,"href":"https:\/\/www.thesignspeaking.com\/it\/wp-json\/wp\/v2\/posts\/15440\/revisions"}],"predecessor-version":[{"id":15507,"href":"https:\/\/www.thesignspeaking.com\/it\/wp-json\/wp\/v2\/posts\/15440\/revisions\/15507"}],"wp:featuredmedia":[{"embeddable":true,"href":"https:\/\/www.thesignspeaking.com\/it\/wp-json\/wp\/v2\/media\/15472"}],"wp:attachment":[{"href":"https:\/\/www.thesignspeaking.com\/it\/wp-json\/wp\/v2\/media?parent=15440"}],"wp:term":[{"taxonomy":"category","embeddable":true,"href":"https:\/\/www.thesignspeaking.com\/it\/wp-json\/wp\/v2\/categories?post=15440"},{"taxonomy":"post_tag","embeddable":true,"href":"https:\/\/www.thesignspeaking.com\/it\/wp-json\/wp\/v2\/tags?post=15440"}],"curies":[{"name":"wp","href":"https:\/\/api.w.org\/{rel}","templated":true}]}}