{"id":15456,"date":"2021-07-21T20:02:47","date_gmt":"2021-07-21T18:02:47","guid":{"rendered":"https:\/\/www.thesignspeaking.com\/?p=15456"},"modified":"2021-07-21T20:10:31","modified_gmt":"2021-07-21T18:10:31","slug":"federico-peri-new-projects-2021","status":"publish","type":"post","link":"https:\/\/www.thesignspeaking.com\/it\/federico-peri-new-projects-2021\/","title":{"rendered":"I nuovi progetti 2021 di FEDERICO PERI"},"content":{"rendered":"<span class=\"cb-itemprop\" itemprop=\"reviewBody\">\n<h2 class=\"wp-block-heading\"><strong><strong>Nel 2021, il giovane interior e product designer Federico Peri, che ha all\u2019attivo collaborazioni con gallerie internazionali di design, presenta due nuovi progetti per Purho e Wall and Deco. <\/strong><\/strong><\/h2>\n\n\n\n<p><strong><a href=\"https:\/\/www.federicoperi.com\">Federico Peri<\/a><\/strong>, nato nel 1983 in provincia di Treviso, intraprende gli studi di interior design allo IED di Milano e a Parigi. Per Peri questo \u00e8 un periodo ricco di contaminazioni internazionali e stimoli progettuali in cui definisce il proprio interesse come sinergia tra storico e contemporaneo. Nel 2011, Federico Peri rientra a Milano e avvia il proprio studio dove occupa prevalentemente di progettazione d\u2019interni e arredo, collaborando con aziende, marchi di moda, professionisti e privati.<\/p>\n\n\n\n<div class=\"wp-block-image\"><figure class=\"aligncenter size-large\"><img decoding=\"async\" width=\"1024\" height=\"683\" src=\"https:\/\/www.thesignspeaking.com\/wp-content\/uploads\/2021\/07\/DSCF0553.jpg\" alt=\"\" class=\"wp-image-15462\" srcset=\"https:\/\/www.thesignspeaking.com\/wp-content\/uploads\/2021\/07\/DSCF0553.jpg 1024w, https:\/\/www.thesignspeaking.com\/wp-content\/uploads\/2021\/07\/DSCF0553-300x200.jpg 300w, https:\/\/www.thesignspeaking.com\/wp-content\/uploads\/2021\/07\/DSCF0553-768x512.jpg 768w, https:\/\/www.thesignspeaking.com\/wp-content\/uploads\/2021\/07\/DSCF0553-360x240.jpg 360w\" sizes=\"(max-width: 1024px) 100vw, 1024px\" \/><figcaption>Federico Peri<\/figcaption><\/figure><\/div>\n\n\n\n<p>Riconosciuto talento, nominato da AD France tra i migliori cento designer nel 2019 e 2020, nel 2021 presenta due nuovi progetti per <strong><a href=\"https:\/\/www.purho.it\/\">Purho<\/a><\/strong> e <strong><a href=\"https:\/\/www.wallanddeco.com\/en-us\/\">Wall and Deco<\/a>.<\/strong><\/p>\n\n\n\n<p>Per <strong><a href=\"https:\/\/www.purho.it\/\">Purho<\/a><\/strong> &#8211; nuova azienda protagonista del design made in Italy fondata nel 2012 da Andrea Dotto, CEO del brand &#8211; Federico Peri aveva gi\u00e0 realizzato la collezione <strong>Incisioni<\/strong>, caratterizzata dalla rilettura in chiave contemporanea di elementi tipici della tradizione muranese quali il colore, la murrina e le incisioni. Con una prima serie di prodotti, comparsi sul mercato per la prima volta nel 2020, aveva dato vita ad una collezione duttile, fresca, elegante giocata sui contrasti di colore, le finiture, forma e funzione.<\/p>\n\n\n\n<div class=\"wp-block-image\"><figure class=\"aligncenter size-large\"><img decoding=\"async\" width=\"1024\" height=\"683\" src=\"https:\/\/www.thesignspeaking.com\/wp-content\/uploads\/2021\/07\/03-PURHO-Haute.jpg\" alt=\"\" class=\"wp-image-15465\" srcset=\"https:\/\/www.thesignspeaking.com\/wp-content\/uploads\/2021\/07\/03-PURHO-Haute.jpg 1024w, https:\/\/www.thesignspeaking.com\/wp-content\/uploads\/2021\/07\/03-PURHO-Haute-300x200.jpg 300w, https:\/\/www.thesignspeaking.com\/wp-content\/uploads\/2021\/07\/03-PURHO-Haute-768x512.jpg 768w, https:\/\/www.thesignspeaking.com\/wp-content\/uploads\/2021\/07\/03-PURHO-Haute-360x240.jpg 360w\" sizes=\"(max-width: 1024px) 100vw, 1024px\" \/><figcaption>Haute lamp by Purho<\/figcaption><\/figure><\/div>\n\n\n\n<p>Oggi, Incisioni si arricchisce di due nuove luci da tavolo, <strong>Haute e Petite, <\/strong>in cui forme e colori della contemporaneit\u00e0\u0300 rileggono con garbo latradizione del vetro di Murano. Sono realizzate in due dimensioni: la pi\u00f9\u0300 alta, Haute, \u00e8 una luce ricaricabile, e la pi\u00f9 piccola Petite, una luce con il filo.<\/p>\n\n\n\n<div class=\"wp-block-image\"><figure class=\"aligncenter size-large\"><img decoding=\"async\" width=\"1024\" height=\"774\" src=\"https:\/\/www.thesignspeaking.com\/wp-content\/uploads\/2021\/07\/PURHO-Haute-Group-6.jpg\" alt=\"\" class=\"wp-image-15463\" srcset=\"https:\/\/www.thesignspeaking.com\/wp-content\/uploads\/2021\/07\/PURHO-Haute-Group-6.jpg 1024w, https:\/\/www.thesignspeaking.com\/wp-content\/uploads\/2021\/07\/PURHO-Haute-Group-6-300x227.jpg 300w, https:\/\/www.thesignspeaking.com\/wp-content\/uploads\/2021\/07\/PURHO-Haute-Group-6-768x581.jpg 768w\" sizes=\"(max-width: 1024px) 100vw, 1024px\" \/><figcaption>Fedrico Peri for Purho<\/figcaption><\/figure><\/div>\n\n\n\n<p>Le due nuove lampade insistono nella ricerca avviata da Peri attorno al tema dell\u2019incisione del vetro. Nastrature, plissettature, scavi millerighe ricoprono le superfici di queste due lampade ingentilendone la forma cilindrica e dando vita a tre differenti modelli: <em>Silk<\/em>caratterizzata da una nastratura culminante nella superficie superiore leggermente concava, <em>Doll<\/em>composta da una met\u00e0 liscia e una met\u00e0 percorsa da una fitta zigrinatura e <em><u>Stripe<\/u><\/em> ricoperta da spesse righe orizzontali. La collezione \u00e8 resa ancora pi\u00f9\u0300 prezioso dalle tre colorazioni scelte: cristallo, fum\u00e9, ros\u00e9.<\/p>\n\n\n\n<div class=\"wp-block-image\"><figure class=\"aligncenter size-large\"><img decoding=\"async\" width=\"1024\" height=\"593\" src=\"https:\/\/www.thesignspeaking.com\/wp-content\/uploads\/2021\/07\/PURHO-Petite-Group-2.jpg\" alt=\"\" class=\"wp-image-15464\" srcset=\"https:\/\/www.thesignspeaking.com\/wp-content\/uploads\/2021\/07\/PURHO-Petite-Group-2.jpg 1024w, https:\/\/www.thesignspeaking.com\/wp-content\/uploads\/2021\/07\/PURHO-Petite-Group-2-300x174.jpg 300w, https:\/\/www.thesignspeaking.com\/wp-content\/uploads\/2021\/07\/PURHO-Petite-Group-2-768x445.jpg 768w\" sizes=\"(max-width: 1024px) 100vw, 1024px\" \/><figcaption>Petit lamp by Purho<\/figcaption><\/figure><\/div>\n\n\n\n<p>colorazioni scelte: cristallo, fum\u00e9, ros\u00e9.<\/p>\n\n\n\n<p><em>\u201cLa collaborazione con Purho \u00e8 il classico esempio di quanto, per un designer, sia fondamentale saper ascoltare e imparare dall\u2019azienda e dagli artigiani. Il vetro \u00e8 una materia tanto affascinante quanto complessa ma che, al tempo stesso, permette un\u2019infinita possibilit\u00e0\u0300 di risultati dati dalle combinazioni di colore, forme, piuttosto che dalle incisioni. Giocare con le trasparenze, le texture, \u00e8 ci\u00f2 che del vetro amo maggiormente\u201d <\/em>dice Federico Peri<em>.<\/em><em><\/em><\/p>\n\n\n\n<p>Nel 2021 Federico Peri si \u00e8 dedicato anche alla nuova collezione <strong><a href=\"https:\/\/www.wallanddeco.com\/en-us\/catalog\/collections\/contemporary-wallpaper-collection\/\">Contemporary Wallpaper collection<\/a> <\/strong>per <strong><a href=\"https:\/\/www.wallanddeco.com\/en-us\/\">Wall and Deco<\/a><\/strong> &#8211; realt\u00e0 di riferimento nel panorama della produzione e della commercializzazione di carta da parati su misura &#8211; collezione in cui la carta da parati diventa protagonista di primo piano del vivere contemporaneo.<\/p>\n\n\n\n<p>Federico Peri ha disegnato tre <a href=\"https:\/\/www.wallanddeco.com\/en-us\/catalog\/families\/contemporary-wallpaper-collection-2021-paint\/\">wallpaper<\/a> con tre fantasie differenti:<\/p>\n\n\n\n<p>INTRECCI<\/p>\n\n\n\n<p><em>\u201cIl dualismo tra essenzialit\u00e0 e matericit\u00e0 sono i due concetti principali del progetto Intrecci. Intrecci \u00e8 una composizione di corde di juta, lineari, parallele e verticali tra loro che si ispirano alle tradizionali tecniche dei maestri impagliatori. Sono giochi di intrecci, sovrapposizioni e ombre che rivestono una superficie in cemento generando composizioni geometriche continue\u201d<\/em> racconta Federico Peri.<\/p>\n\n\n\n<div class=\"wp-block-image\"><figure class=\"aligncenter size-large\"><img decoding=\"async\" width=\"1024\" height=\"683\" src=\"https:\/\/www.thesignspeaking.com\/wp-content\/uploads\/2021\/07\/INTRECCI.jpg\" alt=\"\" class=\"wp-image-15457\" srcset=\"https:\/\/www.thesignspeaking.com\/wp-content\/uploads\/2021\/07\/INTRECCI.jpg 1024w, https:\/\/www.thesignspeaking.com\/wp-content\/uploads\/2021\/07\/INTRECCI-300x200.jpg 300w, https:\/\/www.thesignspeaking.com\/wp-content\/uploads\/2021\/07\/INTRECCI-768x512.jpg 768w, https:\/\/www.thesignspeaking.com\/wp-content\/uploads\/2021\/07\/INTRECCI-360x240.jpg 360w\" sizes=\"(max-width: 1024px) 100vw, 1024px\" \/><figcaption>INTRECCI collection for Wall and Deco by Federico Peri<\/figcaption><\/figure><\/div>\n\n\n\n<p>ZEN<\/p>\n\n\n\n<p><em>\u201cZen \u00e8 un progetto caratterizzato da riferimenti materici, naturali, elementi che ci rimandano ad un emisfero connesso con la natura. \u00c8 la rappresentazione di un affaccio verso l\u2019esterno tramite ante a tutt\u2019altezza che si aprono su un giardino immaginario. L\u2019effetto che ne consegue \u00e8 di un trompe l\u2019oeil che amplifica la percezione e la profondit\u00e0 dello spazio all\u2019interno di un ambiente come se ci trovassimo in una tea house giapponese\u201d<\/em> says Federico Peri.<\/p>\n\n\n\n<div class=\"wp-block-image\"><figure class=\"aligncenter size-large\"><img decoding=\"async\" width=\"683\" height=\"1024\" src=\"https:\/\/www.thesignspeaking.com\/wp-content\/uploads\/2021\/07\/ZEN-683x1024.jpg\" alt=\"\" class=\"wp-image-15458\" srcset=\"https:\/\/www.thesignspeaking.com\/wp-content\/uploads\/2021\/07\/ZEN-683x1024.jpg 683w, https:\/\/www.thesignspeaking.com\/wp-content\/uploads\/2021\/07\/ZEN-200x300.jpg 200w, https:\/\/www.thesignspeaking.com\/wp-content\/uploads\/2021\/07\/ZEN-768x1152.jpg 768w, https:\/\/www.thesignspeaking.com\/wp-content\/uploads\/2021\/07\/ZEN.jpg 1024w\" sizes=\"(max-width: 683px) 100vw, 683px\" \/><figcaption>ZEN collection for Wall and Deco by Federico Peri<\/figcaption><\/figure><\/div>\n\n\n\n<p>PAINT<\/p>\n\n\n\n<p><em>\u201cPaint \u00e8 un progetto astratto, un segno grafico sulla parete fatto di gestualit\u00e0 e tratti di pennello oversize. Il decoro, apparentemente casuale e istintivo, appare come una sovrapposizione di colori e sfumature tono su tono dipinti su una superficie scura. Sovrapposizione che lascia aperta e autonoma l\u2019interpretazione: a tratti sembra di osservare un insieme di petali di fiori, altri branchi di pesci, lasciando totale libert\u00e0 all\u2019osservatore\u201d.<\/em><\/p>\n\n\n\n<div class=\"wp-block-image\"><figure class=\"aligncenter size-large\"><img decoding=\"async\" width=\"683\" height=\"1024\" src=\"https:\/\/www.thesignspeaking.com\/wp-content\/uploads\/2021\/07\/PAINT-683x1024.jpg\" alt=\"\" class=\"wp-image-15459\" srcset=\"https:\/\/www.thesignspeaking.com\/wp-content\/uploads\/2021\/07\/PAINT-683x1024.jpg 683w, https:\/\/www.thesignspeaking.com\/wp-content\/uploads\/2021\/07\/PAINT-200x300.jpg 200w, https:\/\/www.thesignspeaking.com\/wp-content\/uploads\/2021\/07\/PAINT-768x1152.jpg 768w, https:\/\/www.thesignspeaking.com\/wp-content\/uploads\/2021\/07\/PAINT.jpg 1024w\" sizes=\"(max-width: 683px) 100vw, 683px\" \/><figcaption>PAINT collection for Wall and Deco by Federico Peri<\/figcaption><\/figure><\/div>\n\n\n\n<p>Uno dei primi progetti firmati da Federico Peri \u00e8 del 2014, quando sviluppa per Nilufar un concept di arredi osservando e rielaborando il mondo dell\u2019arredo industriale; complementi solitamente utilizzati lontano dagli ambienti \u201cnobili\u201d della casa che, attraverso l\u2019uso di materiali pregiati e dal forte feeling artigianale, come pelle, ottone, legno e velluto, assumono una nuova connotazione diventando oggetti da esporre e da vivere. Sono arredi perlopi\u00f9\u0300 concettuali ma con una funzionalit\u00e0\u0300 ben definita. Non sono pensati per una produzione seriale industrializzata ma, al contrario, danno forza ad un mondo di maestranze tipiche del made in Italy.<\/p>\n\n\n\n<div class=\"wp-block-image\"><figure class=\"aligncenter size-large\"><img decoding=\"async\" width=\"1024\" height=\"695\" src=\"https:\/\/www.thesignspeaking.com\/wp-content\/uploads\/2021\/07\/FedericoPeri_2014-exhibition_\u00a9Michela-Sollini.jpg\" alt=\"\" class=\"wp-image-15461\" srcset=\"https:\/\/www.thesignspeaking.com\/wp-content\/uploads\/2021\/07\/FedericoPeri_2014-exhibition_\u00a9Michela-Sollini.jpg 1024w, https:\/\/www.thesignspeaking.com\/wp-content\/uploads\/2021\/07\/FedericoPeri_2014-exhibition_\u00a9Michela-Sollini-300x204.jpg 300w, https:\/\/www.thesignspeaking.com\/wp-content\/uploads\/2021\/07\/FedericoPeri_2014-exhibition_\u00a9Michela-Sollini-768x521.jpg 768w\" sizes=\"(max-width: 1024px) 100vw, 1024px\" \/><figcaption>Federico Peri, 2014 exhibition, photo Michela Sollini<\/figcaption><\/figure><\/div>\n\n\n\n<p><\/p>\n<\/span>","protected":false},"excerpt":{"rendered":"<p>Nel 2021, il giovane interior e product designer Federico Peri, che ha all\u2019attivo collaborazioni con gallerie internazionali di design, presenta due nuovi progetti per Purho e Wall and Deco. Federico Peri, nato nel 1983 in provincia di Treviso, intraprende gli studi di interior design allo IED di Milano e a Parigi. Per Peri questo \u00e8 [&hellip;]<\/p>\n","protected":false},"author":4,"featured_media":15462,"comment_status":"open","ping_status":"open","sticky":false,"template":"","format":"standard","meta":[],"categories":[7],"tags":[],"_links":{"self":[{"href":"https:\/\/www.thesignspeaking.com\/it\/wp-json\/wp\/v2\/posts\/15456"}],"collection":[{"href":"https:\/\/www.thesignspeaking.com\/it\/wp-json\/wp\/v2\/posts"}],"about":[{"href":"https:\/\/www.thesignspeaking.com\/it\/wp-json\/wp\/v2\/types\/post"}],"author":[{"embeddable":true,"href":"https:\/\/www.thesignspeaking.com\/it\/wp-json\/wp\/v2\/users\/4"}],"replies":[{"embeddable":true,"href":"https:\/\/www.thesignspeaking.com\/it\/wp-json\/wp\/v2\/comments?post=15456"}],"version-history":[{"count":2,"href":"https:\/\/www.thesignspeaking.com\/it\/wp-json\/wp\/v2\/posts\/15456\/revisions"}],"predecessor-version":[{"id":15468,"href":"https:\/\/www.thesignspeaking.com\/it\/wp-json\/wp\/v2\/posts\/15456\/revisions\/15468"}],"wp:featuredmedia":[{"embeddable":true,"href":"https:\/\/www.thesignspeaking.com\/it\/wp-json\/wp\/v2\/media\/15462"}],"wp:attachment":[{"href":"https:\/\/www.thesignspeaking.com\/it\/wp-json\/wp\/v2\/media?parent=15456"}],"wp:term":[{"taxonomy":"category","embeddable":true,"href":"https:\/\/www.thesignspeaking.com\/it\/wp-json\/wp\/v2\/categories?post=15456"},{"taxonomy":"post_tag","embeddable":true,"href":"https:\/\/www.thesignspeaking.com\/it\/wp-json\/wp\/v2\/tags?post=15456"}],"curies":[{"name":"wp","href":"https:\/\/api.w.org\/{rel}","templated":true}]}}