{"id":15490,"date":"2021-07-22T17:44:35","date_gmt":"2021-07-22T15:44:35","guid":{"rendered":"https:\/\/www.thesignspeaking.com\/?p=15490"},"modified":"2021-07-22T17:54:28","modified_gmt":"2021-07-22T15:54:28","slug":"maria-porro-new-president-salone-del-mobile-milano","status":"publish","type":"post","link":"https:\/\/www.thesignspeaking.com\/it\/maria-porro-new-president-salone-del-mobile-milano\/","title":{"rendered":"Maria Porro \u00e8 la nuova presidente del Salone del Mobile.Milano"},"content":{"rendered":"<span class=\"cb-itemprop\" itemprop=\"reviewBody\">\n<h2 class=\"wp-block-heading\">\u201cIl nostro obiettivo \u00e8 un Salone del Mobile forte, unito, inclusivo, sostenibile e creativo\u201d.<\/h2>\n\n\n\n<p>Donna e giovane, <strong><a href=\"https:\/\/www.salonemilano.it\/en\/articoli\/design\/maria-porro-new-president-salone-del-mobilemilano\">Maria Porro<\/a><\/strong> \u00e8 la nuova presidente del <strong><a href=\"https:\/\/www.salonemilano.it\/en\">Salone del Mobile.Milano<\/a><\/strong>. <\/p>\n\n\n\n<p>Nata nel 1983, la nuova presidente del Salone del Mobile.Milano, gi\u00e0 Presidente di Assarredo, \u00e8 stata eletta dal Cda di Federlegno Arredo Eventi alla guida della pi\u00f9 importante manifestazione di design a livello internazionale.<\/p>\n\n\n\n<div class=\"wp-block-image\"><figure class=\"aligncenter size-large\"><img decoding=\"async\" width=\"683\" height=\"1024\" src=\"https:\/\/www.thesignspeaking.com\/wp-content\/uploads\/2021\/07\/Maria-Porro-683x1024.jpg\" alt=\"\" class=\"wp-image-15491\" srcset=\"https:\/\/www.thesignspeaking.com\/wp-content\/uploads\/2021\/07\/Maria-Porro-683x1024.jpg 683w, https:\/\/www.thesignspeaking.com\/wp-content\/uploads\/2021\/07\/Maria-Porro-200x300.jpg 200w, https:\/\/www.thesignspeaking.com\/wp-content\/uploads\/2021\/07\/Maria-Porro-768x1151.jpg 768w, https:\/\/www.thesignspeaking.com\/wp-content\/uploads\/2021\/07\/Maria-Porro.jpg 1024w\" sizes=\"(max-width: 683px) 100vw, 683px\" \/><figcaption>Maria Porro<\/figcaption><\/figure><\/div>\n\n\n\n<p>A lei, insieme ai consiglieri del CdA di Federlegno Arredo Eventi, il compito di dare seguito al percorso di successo di questi cinquantanove anni di storia della manifestazione e di delineare le nuove strategie per rispondere ai grandi cambiamenti di questo momento storico conciliando le esigenze di espositori, pubblico e stakeholder internazionali.<\/p>\n\n\n\n<p>\u201c<em>La scelta di puntare su una presidente giovane e motivata \u00e8 frutto di una strategia che mira a consolidare il ruolo guida a livello internazionale della manifestazione in un periodo di grandi cambiamenti. Maria Porro potr\u00e0 contare sul supporto dell\u2019intero Cda di Federlegno Arredo Eventi per proseguire con determinazione il percorso di rinnovamento e crescita del Salone del Mobile.Milano<\/em>\u201d, sottolinea Gianfranco Marinelli presidente <strong><a href=\"https:\/\/www.federlegnoarredo.it\/it\/federazione\/societa-controllate\/federlegno-arredo-eventi-spa\">Federlegno Arredo Eventi<\/a><\/strong>.<\/p>\n\n\n\n<p>Maria Porro \u00e8 Marketing and Communication Director di <strong><a href=\"https:\/\/www.porro.com\/en\">Porro spa<\/a><\/strong>, una delle aziende pi\u00f9 apprezzate nel mondo dell\u2019arredo per la ricerca sulle finiture, la raffinatezza delle linee e la qualit\u00e0 tecnica dei dettagli.<br><br><em>\u201cSono cresciuta con il Salone del Mobile. Da bambina accompagnavo mio nonno Carlo nei padiglioni della sede storica, ho vissuto il trasferimento nei nuovi spazi di Rho e partecipato con entusiasmo al Salone di Shanghai<\/em>&#8221; ha dichiarato Maria Porro. &#8220;<em>Oggi sono onorata di assumere questo ruolo in un momento cruciale di trasformazione e ringrazio chi mi ha sostenuto sperando di dimostrarmi all\u2019altezza di una manifestazione che annovera una storia di grandi successi. Insieme a tutto il Cda, avremo il compito di accompagnare il Salone, palcoscenico unico e irrinunciabile per il design, verso le sfide future che si declinano in sostenibilit\u00e0, digitalizzazione, ricerca, innovazione, creativit\u00e0 e inclusione mantenendo altissima la qualit\u00e0<\/em>.<em> Il nostro obiettivo \u00e8 un Salone del Mobile forte, unito, inclusivo, sostenibile e creativo<\/em>\u201d.<\/p>\n\n\n\n<p><\/p>\n\n\n\n<p><\/p>\n<\/span>","protected":false},"excerpt":{"rendered":"<p>\u201cIl nostro obiettivo \u00e8 un Salone del Mobile forte, unito, inclusivo, sostenibile e creativo\u201d. Donna e giovane, Maria Porro \u00e8 la nuova presidente del Salone del Mobile.Milano. Nata nel 1983, la nuova presidente del Salone del Mobile.Milano, gi\u00e0 Presidente di Assarredo, \u00e8 stata eletta dal Cda di Federlegno Arredo Eventi alla guida della pi\u00f9 importante [&hellip;]<\/p>\n","protected":false},"author":4,"featured_media":15491,"comment_status":"open","ping_status":"open","sticky":false,"template":"","format":"standard","meta":[],"categories":[11],"tags":[],"_links":{"self":[{"href":"https:\/\/www.thesignspeaking.com\/it\/wp-json\/wp\/v2\/posts\/15490"}],"collection":[{"href":"https:\/\/www.thesignspeaking.com\/it\/wp-json\/wp\/v2\/posts"}],"about":[{"href":"https:\/\/www.thesignspeaking.com\/it\/wp-json\/wp\/v2\/types\/post"}],"author":[{"embeddable":true,"href":"https:\/\/www.thesignspeaking.com\/it\/wp-json\/wp\/v2\/users\/4"}],"replies":[{"embeddable":true,"href":"https:\/\/www.thesignspeaking.com\/it\/wp-json\/wp\/v2\/comments?post=15490"}],"version-history":[{"count":3,"href":"https:\/\/www.thesignspeaking.com\/it\/wp-json\/wp\/v2\/posts\/15490\/revisions"}],"predecessor-version":[{"id":15495,"href":"https:\/\/www.thesignspeaking.com\/it\/wp-json\/wp\/v2\/posts\/15490\/revisions\/15495"}],"wp:featuredmedia":[{"embeddable":true,"href":"https:\/\/www.thesignspeaking.com\/it\/wp-json\/wp\/v2\/media\/15491"}],"wp:attachment":[{"href":"https:\/\/www.thesignspeaking.com\/it\/wp-json\/wp\/v2\/media?parent=15490"}],"wp:term":[{"taxonomy":"category","embeddable":true,"href":"https:\/\/www.thesignspeaking.com\/it\/wp-json\/wp\/v2\/categories?post=15490"},{"taxonomy":"post_tag","embeddable":true,"href":"https:\/\/www.thesignspeaking.com\/it\/wp-json\/wp\/v2\/tags?post=15490"}],"curies":[{"name":"wp","href":"https:\/\/api.w.org\/{rel}","templated":true}]}}