{"id":15649,"date":"2021-12-07T15:17:53","date_gmt":"2021-12-07T14:17:53","guid":{"rendered":"https:\/\/www.thesignspeaking.com\/?p=15649"},"modified":"2021-12-07T19:45:10","modified_gmt":"2021-12-07T18:45:10","slug":"art-basel-back-to-us","status":"publish","type":"post","link":"https:\/\/www.thesignspeaking.com\/it\/art-basel-back-to-us\/","title":{"rendered":"Art Basel back to US"},"content":{"rendered":"<span class=\"cb-itemprop\" itemprop=\"reviewBody\">\n<h4 class=\"wp-block-heading\"><strong><strong>Art Basel stages highly successful return to Miami Beach, with strong sales and outstanding presentations marking a landmark 2021 edition<\/strong><\/strong><\/h4>\n\n\n\n<p>Art Basel\u2019s first show in Miami Beach since the start of the pandemic closed on Saturday, December 4, 2021, amid reports of vigorous sales across all sectors of the market and throughout the duration of the show. Art Basel\u2019s first in-person fair in the United States since 2019 \u2013 brought together 253 leading international galleries from 36 countries and territories, presenting the highest quality of artworks across all media, from painting and sculpture to photography and digital works. 44 galleries joined the fair for the first time this year, including Central Galeria and Galeria Esta\u00e7\u00e3o from S\u00e3o Paulo, Curro from Guadalajara, Galeria Patricia Ready from Vitacura, Proyectos Ultravioleta from Guatemala City, Wilding Cran Gallery from Los Angeles, Reyes Finn from Detroit, Daniel Faria Gallery from Toronto, and Gallery Hyundai from Seoul.<\/p>\n\n\n\n<div class=\"wp-block-image\"><figure class=\"aligncenter size-large\"><img decoding=\"async\" width=\"1024\" height=\"683\" src=\"https:\/\/www.thesignspeaking.com\/wp-content\/uploads\/2021\/12\/Art-Basel-Miami-2021.jpeg\" alt=\"\" class=\"wp-image-15653\" srcset=\"https:\/\/www.thesignspeaking.com\/wp-content\/uploads\/2021\/12\/Art-Basel-Miami-2021.jpeg 1024w, https:\/\/www.thesignspeaking.com\/wp-content\/uploads\/2021\/12\/Art-Basel-Miami-2021-300x200.jpeg 300w, https:\/\/www.thesignspeaking.com\/wp-content\/uploads\/2021\/12\/Art-Basel-Miami-2021-768x512.jpeg 768w, https:\/\/www.thesignspeaking.com\/wp-content\/uploads\/2021\/12\/Art-Basel-Miami-2021-360x240.jpeg 360w\" sizes=\"(max-width: 1024px) 100vw, 1024px\" \/><\/figure><\/div>\n\n\n\n<p>This year\u2019s show was more diverse than ever before and welcomed four first-time participants from Africa, including Afriart Gallery from Kampala; First Floor Gallery Harare with spaces in Harare and Victoria Falls; SMAC Art Gallery with spaces in Cape Town, Johannesburg, and Stellenbosch; and Rele Gallery with spaces in Lagos and Los Angeles.<\/p>\n\n\n\n<p>The changes regarding exhibitor application requirements allowed the fair to welcome a broader range of first-time participants, including the newly-opened Nicola Vassell in New York and the roaming Kendra Jayne Patrick Gallery.<\/p>\n\n\n\n<div class=\"wp-block-image\"><figure class=\"aligncenter size-large\"><img decoding=\"async\" width=\"1024\" height=\"683\" src=\"https:\/\/www.thesignspeaking.com\/wp-content\/uploads\/2021\/12\/Art-Basel-Miami-2021-c.jpeg\" alt=\"\" class=\"wp-image-15652\" srcset=\"https:\/\/www.thesignspeaking.com\/wp-content\/uploads\/2021\/12\/Art-Basel-Miami-2021-c.jpeg 1024w, https:\/\/www.thesignspeaking.com\/wp-content\/uploads\/2021\/12\/Art-Basel-Miami-2021-c-300x200.jpeg 300w, https:\/\/www.thesignspeaking.com\/wp-content\/uploads\/2021\/12\/Art-Basel-Miami-2021-c-768x512.jpeg 768w, https:\/\/www.thesignspeaking.com\/wp-content\/uploads\/2021\/12\/Art-Basel-Miami-2021-c-360x240.jpeg 360w\" sizes=\"(max-width: 1024px) 100vw, 1024px\" \/><\/figure><\/div>\n\n\n\n<p>Collector attendance this year was similarly international as in years past, with leading private collectors and institutions from 72 countries across North and South America, Europe, Africa, Asia, and the Middle East visiting the fair, as well as leading patrons and curators from over 170 museums and cultural organizations including Blanton Museum of Art, Austin; ICA Boston; The Metropolitan Museum of Art, New York; MOCA Los Angeles; MUAC (Museo Universitario Arte Contempor\u00e1neo), Mexico City; Museo Tamayo, Mexico City; Nasher Museum of Art at Duke University, Durham; New Museum, New York; Palais de Lom\u00e9; SAHA, Istanbul; Serpentine Galleries, London; Tel Aviv Museum of Art; The Solomon R. Guggenheim Museum, New York; Tate Americas Foundation, New York; Walker Art Center, Minneapolis; and Whitney Museum of American Art, New York.<\/p>\n\n\n\n<div class=\"wp-block-image\"><figure class=\"aligncenter size-large\"><img decoding=\"async\" width=\"1024\" height=\"683\" src=\"https:\/\/www.thesignspeaking.com\/wp-content\/uploads\/2021\/12\/Art-Basel-Miami-2021-b.jpeg\" alt=\"\" class=\"wp-image-15651\" srcset=\"https:\/\/www.thesignspeaking.com\/wp-content\/uploads\/2021\/12\/Art-Basel-Miami-2021-b.jpeg 1024w, https:\/\/www.thesignspeaking.com\/wp-content\/uploads\/2021\/12\/Art-Basel-Miami-2021-b-300x200.jpeg 300w, https:\/\/www.thesignspeaking.com\/wp-content\/uploads\/2021\/12\/Art-Basel-Miami-2021-b-768x512.jpeg 768w, https:\/\/www.thesignspeaking.com\/wp-content\/uploads\/2021\/12\/Art-Basel-Miami-2021-b-360x240.jpeg 360w\" sizes=\"(max-width: 1024px) 100vw, 1024px\" \/><figcaption>Positions &#8211; Art Basel, Miami 2021<\/figcaption><\/figure><\/div>\n\n\n\n<p>\u2018<em>This show marks the first truly international art fair to take place in the United States since the beginning of the pandemic,<\/em>\u2019 says Marc Spiegler, Global Director, Art Basel. \u2018<em>It has been incredible to witness again the energy in the halls and the enormous pent-up demand for seeing, buying, and selling art in person. We featured a much more diverse range of voices than ever before, making this show particularly vibrant and rich in new discoveries<\/em>.\u2019<\/p>\n\n\n\n<p>Following its success in Basel and Hong Kong, Art Basel Live amplified onsite presentations in Miami Beach, with a digital program comprising Online Viewing Rooms, virtual walkthroughs, live streamed conversations, and social media broadcasts transmitting the vibrancy and excitement from the show floor to the broadest possible global audience. And visitors will have the opportunity to experience South Florida\u2019s leading museums and private collections.<\/p>\n\n\n\n<p><strong>Galleries<\/strong><\/p>\n\n\n\n<p>The main sector of the fair featured 185 of the world&#8217;s <strong><a href=\"http:\/\/www.artbasel.com\/miami-beach\/galleries\">leading galleries <\/a><\/strong>presenting the highest quality of painting, sculpture, drawings, installation, photography, video, and digital works. Five galleries that previously exhibited in Nova graduated into Galleries: Barro, Galerie Cr\u00e8vec\u0153ur, Mariane Ibrahim, Patron, and Galerie J\u00e9r\u00f4me Poggi.<\/p>\n\n\n\n<div class=\"wp-block-image\"><figure class=\"aligncenter size-large\"><img decoding=\"async\" width=\"1024\" height=\"683\" src=\"https:\/\/www.thesignspeaking.com\/wp-content\/uploads\/2021\/12\/Almine-Rech-\u00a9-Art-Basel.jpeg\" alt=\"\" class=\"wp-image-15650\" srcset=\"https:\/\/www.thesignspeaking.com\/wp-content\/uploads\/2021\/12\/Almine-Rech-\u00a9-Art-Basel.jpeg 1024w, https:\/\/www.thesignspeaking.com\/wp-content\/uploads\/2021\/12\/Almine-Rech-\u00a9-Art-Basel-300x200.jpeg 300w, https:\/\/www.thesignspeaking.com\/wp-content\/uploads\/2021\/12\/Almine-Rech-\u00a9-Art-Basel-768x512.jpeg 768w, https:\/\/www.thesignspeaking.com\/wp-content\/uploads\/2021\/12\/Almine-Rech-\u00a9-Art-Basel-360x240.jpeg 360w\" sizes=\"(max-width: 1024px) 100vw, 1024px\" \/><figcaption>Almine Rech \u00a9 Art Basel<\/figcaption><\/figure><\/div>\n\n\n\n<h5 class=\"wp-block-heading\"><strong>Positions<\/strong><\/h5>\n\n\n\n<p>This year, the <strong><a href=\"http:\/\/www.artbasel.com\/miami- beach\/positions\">Positions<\/a><\/strong> sector brought together 19 solo presentations by emerging talents from across the globe: first-time participant Afriart Gallery\u2019s presentation of a series of four paintings by <strong>Sungi Mlengeya<\/strong>, on the lives of four Black women from East Africa and their views on womanhood; <strong>Claudia Pe\u00f1a Salinas<\/strong>\u2019 project, which continues her ongoing research into Aztec mythology, exploring indigenous notions of verticality and symbolism of water, presented by Curro; \u2018The New Americans\u2019 by <strong>Vincent Valdez, <\/strong>a series of portraits that inspire viewers to challenge the notions of the American perspective, presented by Matthew Brown Los Angeles; and Rele Gallery\u2019s booth with <strong>Marcellina Akpojotor, <\/strong>featuring a series of works that honor the life and legacy of the artist\u2019s great-grandmother and explore ideas of memory, history, and remembrance.<\/p>\n\n\n\n<div class=\"wp-block-image\"><figure class=\"aligncenter size-large\"><img decoding=\"async\" width=\"1024\" height=\"683\" src=\"https:\/\/www.thesignspeaking.com\/wp-content\/uploads\/2021\/12\/Central-Galeria-Mariana-Manhaes-\u00a9-Art-Basel.jpeg\" alt=\"\" class=\"wp-image-15654\" srcset=\"https:\/\/www.thesignspeaking.com\/wp-content\/uploads\/2021\/12\/Central-Galeria-Mariana-Manhaes-\u00a9-Art-Basel.jpeg 1024w, https:\/\/www.thesignspeaking.com\/wp-content\/uploads\/2021\/12\/Central-Galeria-Mariana-Manhaes-\u00a9-Art-Basel-300x200.jpeg 300w, https:\/\/www.thesignspeaking.com\/wp-content\/uploads\/2021\/12\/Central-Galeria-Mariana-Manhaes-\u00a9-Art-Basel-768x512.jpeg 768w, https:\/\/www.thesignspeaking.com\/wp-content\/uploads\/2021\/12\/Central-Galeria-Mariana-Manhaes-\u00a9-Art-Basel-360x240.jpeg 360w\" sizes=\"(max-width: 1024px) 100vw, 1024px\" \/><figcaption>Central Galeria &#8211; Mariana Manhaes \u00a9 Art Basel<\/figcaption><\/figure><\/div>\n\n\n\n<h5 class=\"wp-block-heading\"><strong>Nova<\/strong><\/h5>\n\n\n\n<p><strong><a href=\"http:\/\/www.artbasel.com\/miami-beach\/nova\">Nova<\/a><\/strong> featured 25 presentations of newly created works including a solo exhibition of recent works by 2021 BMW Art Journey winner <strong>Julien Creuzet <\/strong>at Document; a group presentation of works by <strong>Patricia Belli<\/strong>, <strong>M\u00f3nica Bengoa<\/strong>, and <strong>Catalina Swinburn<\/strong>, inspired by the artists\u2019 local stories of gender inequality, geopolitical diasporas, and the daily use of textiles in Latin America, at Galer\u00eda Isabel Aninat; new works by <strong>Diedrick Brackens <\/strong>and <strong>Jessie Homer French<\/strong>, exploring themes ranging from climate justice to racial violence and historical memory, at Various Small Fires; a selection of never-before-seen works by <strong>Felipe Mujica<\/strong>, jointly presented by Proyectos Ultravioleta and von Bartha; and an immersive installation by <strong>Ambera Wellmann <\/strong>on the politics of queer space and futurity at Company Gallery.<\/p>\n\n\n\n<div class=\"wp-block-image\"><figure class=\"aligncenter size-large\"><img decoding=\"async\" width=\"1024\" height=\"683\" src=\"https:\/\/www.thesignspeaking.com\/wp-content\/uploads\/2021\/12\/Galeria-Patricia-Ready-Patricia-Domi\u0301nguez-Patrick-Hamilton-\u00a9-Art-Basel.jpeg\" alt=\"\" class=\"wp-image-15656\" srcset=\"https:\/\/www.thesignspeaking.com\/wp-content\/uploads\/2021\/12\/Galeria-Patricia-Ready-Patricia-Domi\u0301nguez-Patrick-Hamilton-\u00a9-Art-Basel.jpeg 1024w, https:\/\/www.thesignspeaking.com\/wp-content\/uploads\/2021\/12\/Galeria-Patricia-Ready-Patricia-Domi\u0301nguez-Patrick-Hamilton-\u00a9-Art-Basel-300x200.jpeg 300w, https:\/\/www.thesignspeaking.com\/wp-content\/uploads\/2021\/12\/Galeria-Patricia-Ready-Patricia-Domi\u0301nguez-Patrick-Hamilton-\u00a9-Art-Basel-768x512.jpeg 768w, https:\/\/www.thesignspeaking.com\/wp-content\/uploads\/2021\/12\/Galeria-Patricia-Ready-Patricia-Domi\u0301nguez-Patrick-Hamilton-\u00a9-Art-Basel-360x240.jpeg 360w\" sizes=\"(max-width: 1024px) 100vw, 1024px\" \/><figcaption>Galeria Patricia Ready &#8211; Patricia Domi\u0301nguez, Patrick Hamilton \u00a9 Art Basel<\/figcaption><\/figure><\/div>\n\n\n\n<h5 class=\"wp-block-heading\"><strong>Survey<\/strong><\/h5>\n\n\n\n<p>Featuring 17 focused presentations of work created before 2000, <strong><a href=\"http:\/\/www.artbasel.com\/miami- beach\/survey\">Survey<\/a><\/strong> introduced five new galleries to the Miami Beach edition, including Welancora Gallery from New York and galerie lange + pult with spaces in Zurich and Auvernier. Further highlights included: the room-sized installation \u2018Harlem Quilt\u2019 (1997) by <strong>June Clark <\/strong>at Daniel Faria Gallery; a presentation of rare 20th-century works by <strong>Dindga McCannon <\/strong>at Fridman Gallery; paintings and sculptures spanning nearly three decades by <strong>Mar\u00eda Freire <\/strong>at Piero Atchugarry Gallery; and a selection of works by <strong>Tina Girouard <\/strong>from her early years in New York at Anat Ebgi.<\/p>\n\n\n\n<div class=\"wp-block-image\"><figure class=\"aligncenter size-large\"><img decoding=\"async\" width=\"1024\" height=\"683\" src=\"https:\/\/www.thesignspeaking.com\/wp-content\/uploads\/2021\/12\/Richard-Saltoun-Gallery-Everlyn-Nicodemus-\u00a9-Art-Basel.jpeg\" alt=\"\" class=\"wp-image-15658\" srcset=\"https:\/\/www.thesignspeaking.com\/wp-content\/uploads\/2021\/12\/Richard-Saltoun-Gallery-Everlyn-Nicodemus-\u00a9-Art-Basel.jpeg 1024w, https:\/\/www.thesignspeaking.com\/wp-content\/uploads\/2021\/12\/Richard-Saltoun-Gallery-Everlyn-Nicodemus-\u00a9-Art-Basel-300x200.jpeg 300w, https:\/\/www.thesignspeaking.com\/wp-content\/uploads\/2021\/12\/Richard-Saltoun-Gallery-Everlyn-Nicodemus-\u00a9-Art-Basel-768x512.jpeg 768w, https:\/\/www.thesignspeaking.com\/wp-content\/uploads\/2021\/12\/Richard-Saltoun-Gallery-Everlyn-Nicodemus-\u00a9-Art-Basel-360x240.jpeg 360w\" sizes=\"(max-width: 1024px) 100vw, 1024px\" \/><figcaption>Richard Saltoun Gallery &#8211; Everlyn Nicodemus \u00a9 Art Basel<\/figcaption><\/figure><\/div>\n\n\n\n<h5 class=\"wp-block-heading\"><strong>Edition<\/strong><\/h5>\n\n\n\n<p>Five global leaders in the field of prints and editioned works were featured this year in the sector <strong><a href=\"http:\/\/www.artbasel.com\/miami-beach\/edition\">Edition<\/a><\/strong>: Carolina Nitsch, Cristea Roberts Gallery, Pol\u00edgrafa Obra Gr\u00e0fica, Susan Sheehan Gallery e Two Palms.<\/p>\n\n\n\n<p><\/p>\n\n\n\n<h5 class=\"wp-block-heading\"><strong>Kabinett<\/strong><\/h5>\n\n\n\n<p>Providing galleries with an opportunity to present curated exhibitions in separately delineated spaces within their booths, this year\u2019s <strong><a href=\"http:\/\/www.artbasel.com\/miami-beach\/kabinett\">Kabinett<\/a><\/strong>, sector included 25 presentations by established and emerging artists. Highlights included Jorge Mara &#8211; La Ruche\u2019s presentation of <strong>Ellen Auerbach, Horacio Coppola, and Grete Stern<\/strong>, three influential figures of avant-garde photography who established themselves as visionary modernists in Europe and South America during the 1930s; Sies + H\u00f6ke\u2019s presentation of rare early drawings by <strong>Sigmar Polke <\/strong>and <strong>Gerhard Richter, <\/strong>which trace the differences and the common ground in their artistic approaches; and Mayoral\u2019s presentation of works by <strong>Manolo Millares<\/strong>, one of the most important Spanish artists of the post-war European Informalist movement.<\/p>\n\n\n\n<div class=\"wp-block-image\"><figure class=\"aligncenter size-large\"><img decoding=\"async\" width=\"1024\" height=\"683\" src=\"https:\/\/www.thesignspeaking.com\/wp-content\/uploads\/2021\/12\/Mayoral-Manolo-Millares-\u00a9-Art-Basel.jpeg\" alt=\"\" class=\"wp-image-15657\" srcset=\"https:\/\/www.thesignspeaking.com\/wp-content\/uploads\/2021\/12\/Mayoral-Manolo-Millares-\u00a9-Art-Basel.jpeg 1024w, https:\/\/www.thesignspeaking.com\/wp-content\/uploads\/2021\/12\/Mayoral-Manolo-Millares-\u00a9-Art-Basel-300x200.jpeg 300w, https:\/\/www.thesignspeaking.com\/wp-content\/uploads\/2021\/12\/Mayoral-Manolo-Millares-\u00a9-Art-Basel-768x512.jpeg 768w, https:\/\/www.thesignspeaking.com\/wp-content\/uploads\/2021\/12\/Mayoral-Manolo-Millares-\u00a9-Art-Basel-360x240.jpeg 360w\" sizes=\"(max-width: 1024px) 100vw, 1024px\" \/><figcaption>Mayoral, Manolo Millares \u00a9 Art Basel<\/figcaption><\/figure><\/div>\n\n\n\n<h5 class=\"wp-block-heading\"><strong>Meridians<\/strong><\/h5>\n\n\n\n<p>Curated by Magal\u00ed Arriola, Director of Museo Tamayo, <strong><a href=\"http:\/\/www.artbasel.com\/miami-beach\/meridians\">Meridians<\/a> <\/strong>featured 16 ambitious presentations pushing the boundaries of a traditional art fair layout. Highlights included new work by <strong>Maxwell Alexandre <\/strong>as part of the artist\u2019s \u2018Pardo \u00e9 Papel\u2019 series, presented by A Gentil Carioca; a site-specific installation and a performance-based activation of six body devices by <strong>Brendan Fernandes <\/strong>titled \u2018Contract and Release\u2019 (2019\u20132021) presented by moniquemeloche; David Lewis\u2019 presentation of <strong>Todd Gray<\/strong>\u2019s \u2018Sumptuous Memories of Plundering Kings\u2019 (2021), a 14-part work exceeding 30 feet in length, exploring the history and enduring impact of European colonialism, slavery, and the African diaspora; and \u2018Moving Up\u2019 (2021) by <strong>Yinka Shonibare, CBE, <\/strong>an installation presented by James Cohan Gallery capturing the vertical movement of six million African Americans from rural Southern states to the cities of the North, Midwest, and West from 1916 to 1970, known today as the Great Migration.<\/p>\n\n\n\n<p><\/p>\n\n\n\n<h5 class=\"wp-block-heading\"><strong>Conversations<\/strong><\/h5>\n\n\n\n<p>Art Basel&#8217;s renowned talks series brought together leading artists, gallerists, collectors, art historians, curators, museum directors, and critics from across the world. Programmed for the second time by private art dealer and author <strong>Edward Winkleman <\/strong>and Art Basel, <strong><a href=\"http:\/\/www.artbasel.com\/miamibeach\/conversations\">Conversations<\/a><\/strong> featured 10 panels offering perspectives on diverse issues from the rise of the NFT art market, to the resilience of the post-pandemic market, and the need to re- invent the museum. Free and open to the public, All panel discussions were also live-streamed on Facebook.<\/p>\n\n\n\n<p><\/p>\n\n\n\n<h5 class=\"wp-block-heading\"><strong>Design Miami<\/strong><\/h5>\n\n\n\n<p>Taking place concurrently with the Art Basel fairs in Miami Beach and Basel, <strong><a href=\"https:\/\/shop.designmiami.com\/\">Design Miami<\/a><\/strong> is the premier venue for collecting, exhibiting, discussing, and creating collectible design. In its 17th edition this year, Design Miami took place from December 1 to December 5, adjacent to the MBCC (at Meridian Avenue and 19th Street).<\/p>\n\n\n\n<div class=\"wp-block-image\"><figure class=\"aligncenter size-large\"><img decoding=\"async\" width=\"1024\" height=\"612\" src=\"https:\/\/www.thesignspeaking.com\/wp-content\/uploads\/2021\/12\/design-miami-2021-1024x612.jpg\" alt=\"\" class=\"wp-image-15660\" srcset=\"https:\/\/www.thesignspeaking.com\/wp-content\/uploads\/2021\/12\/design-miami-2021-1024x612.jpg 1024w, https:\/\/www.thesignspeaking.com\/wp-content\/uploads\/2021\/12\/design-miami-2021-300x179.jpg 300w, https:\/\/www.thesignspeaking.com\/wp-content\/uploads\/2021\/12\/design-miami-2021-768x459.jpg 768w, https:\/\/www.thesignspeaking.com\/wp-content\/uploads\/2021\/12\/design-miami-2021-1536x917.jpg 1536w, https:\/\/www.thesignspeaking.com\/wp-content\/uploads\/2021\/12\/design-miami-2021.jpg 1564w\" sizes=\"(max-width: 1024px) 100vw, 1024px\" \/><\/figure><\/div>\n\n\n\n<h5 class=\"wp-block-heading\"><strong><strong>The Legacy Purchase Program by the City of Miami Beach<\/strong><\/strong><\/h5>\n\n\n\n<p>As part of the City of Miami Beach\u2019s new Legacy Purchase Program, the city acquired work by emerging artist Farah Al Qasimi represented by Helena Anrather. This acquisition prize deepens Miami Beach&#8217;s longstanding partnership with Art Basel, building a legacy for the future.<\/p>\n\n\n\n<div class=\"wp-block-image\"><figure class=\"aligncenter size-large\"><img decoding=\"async\" width=\"1024\" height=\"683\" src=\"https:\/\/www.thesignspeaking.com\/wp-content\/uploads\/2021\/12\/Helena-Anrather-Farah-Al-Qasimi-\u00a9-Art-Basel.jpeg\" alt=\"\" class=\"wp-image-15663\" srcset=\"https:\/\/www.thesignspeaking.com\/wp-content\/uploads\/2021\/12\/Helena-Anrather-Farah-Al-Qasimi-\u00a9-Art-Basel.jpeg 1024w, https:\/\/www.thesignspeaking.com\/wp-content\/uploads\/2021\/12\/Helena-Anrather-Farah-Al-Qasimi-\u00a9-Art-Basel-300x200.jpeg 300w, https:\/\/www.thesignspeaking.com\/wp-content\/uploads\/2021\/12\/Helena-Anrather-Farah-Al-Qasimi-\u00a9-Art-Basel-768x512.jpeg 768w, https:\/\/www.thesignspeaking.com\/wp-content\/uploads\/2021\/12\/Helena-Anrather-Farah-Al-Qasimi-\u00a9-Art-Basel-360x240.jpeg 360w\" sizes=\"(max-width: 1024px) 100vw, 1024px\" \/><figcaption>Helena Anrather &#8211; Farah Al Qasimi \u00a9 Art Basel<\/figcaption><\/figure><\/div>\n<\/span>","protected":false},"excerpt":{"rendered":"<p>Art Basel stages highly successful return to Miami Beach, with strong sales and outstanding presentations marking a landmark 2021 edition Art Basel\u2019s first show in Miami Beach since the start of the pandemic closed on Saturday, December 4, 2021, amid reports of vigorous sales across all sectors of the market and throughout the duration of [&hellip;]<\/p>\n","protected":false},"author":4,"featured_media":15653,"comment_status":"open","ping_status":"open","sticky":false,"template":"","format":"standard","meta":[],"categories":[11],"tags":[],"_links":{"self":[{"href":"https:\/\/www.thesignspeaking.com\/it\/wp-json\/wp\/v2\/posts\/15649"}],"collection":[{"href":"https:\/\/www.thesignspeaking.com\/it\/wp-json\/wp\/v2\/posts"}],"about":[{"href":"https:\/\/www.thesignspeaking.com\/it\/wp-json\/wp\/v2\/types\/post"}],"author":[{"embeddable":true,"href":"https:\/\/www.thesignspeaking.com\/it\/wp-json\/wp\/v2\/users\/4"}],"replies":[{"embeddable":true,"href":"https:\/\/www.thesignspeaking.com\/it\/wp-json\/wp\/v2\/comments?post=15649"}],"version-history":[{"count":4,"href":"https:\/\/www.thesignspeaking.com\/it\/wp-json\/wp\/v2\/posts\/15649\/revisions"}],"predecessor-version":[{"id":15665,"href":"https:\/\/www.thesignspeaking.com\/it\/wp-json\/wp\/v2\/posts\/15649\/revisions\/15665"}],"wp:featuredmedia":[{"embeddable":true,"href":"https:\/\/www.thesignspeaking.com\/it\/wp-json\/wp\/v2\/media\/15653"}],"wp:attachment":[{"href":"https:\/\/www.thesignspeaking.com\/it\/wp-json\/wp\/v2\/media?parent=15649"}],"wp:term":[{"taxonomy":"category","embeddable":true,"href":"https:\/\/www.thesignspeaking.com\/it\/wp-json\/wp\/v2\/categories?post=15649"},{"taxonomy":"post_tag","embeddable":true,"href":"https:\/\/www.thesignspeaking.com\/it\/wp-json\/wp\/v2\/tags?post=15649"}],"curies":[{"name":"wp","href":"https:\/\/api.w.org\/{rel}","templated":true}]}}