{"id":1566,"date":"2017-06-02T16:46:43","date_gmt":"2017-06-02T14:46:43","guid":{"rendered":"http:\/\/thesignspeaking.com\/2018\/02\/02\/design-is-in-the-air-but-also-in-town-thesignspeaking-corners-barcelona-design-week\/"},"modified":"2018-06-02T14:28:15","modified_gmt":"2018-06-02T12:28:15","slug":"design-is-in-the-air-but-also-in-town-thesignspeaking-corners-barcelona-design-week","status":"publish","type":"post","link":"https:\/\/www.thesignspeaking.com\/it\/design-is-in-the-air-but-also-in-town-thesignspeaking-corners-barcelona-design-week\/","title":{"rendered":"DESIGN IS IN THE AIR, BUT ALSO IN TOWN! Thesignspeaking Corners @ BARCELONA DESIGN WEEK"},"content":{"rendered":"<span class=\"cb-itemprop\" itemprop=\"reviewBody\"><p>E\u2019 per supportare giovani talenti, aziende e start-up, che il network <b>THESIGNSPEAKING<\/b> ha deciso di partecipare per la prima volta alla Barcelona Design Week, una settimana di eventi, presentazioni, workshop, conferenze, mostre all\u2019insegna del networking, che nella dodicesima edizione mette in evidenza il design come strumento per trasformare la societ\u00e0 e un fattore chiave per l&#8217;innovazione, la sostenibilit\u00e0 e il miglioramento della qualit\u00e0 della vita delle persone.<\/p>\n<p>THESIGNSPEAKING &#8211; un sistema articolato che mira a offrire nuove opportunit\u00e0 di business e visibilit\u00e0 grazie a una rivista online, edizioni speciali cartacee, temporary shop, mostre collettive e a The Press Cloud, una piattaforma di comunicazione 3.0 \u2013 ha stretto una media partnership con BCD Barcelona Design Center, organizzatore della BDW, e individuato due location dove dare spazio ad alcuni talenti del mondo del design.<\/p>\n<p>Due corner in due quartieri della citt\u00e0, Eixample e Ciutat Vella, voluti da THESIGNSPEAKING per far dialogare creativi italiani e spagnoli: da <b>Opera Lounge<\/b>, in Calle Mallorca 193, l\u2019esposizione collettiva \u201cOF ART AND DESIGN-Quando l\u2019arte ispira il design e il design si riflette nell\u2019arte\u201d presenta oggetti di design in contemporanea con l\u2019inaugurazione della mostra \u2018Strait Line\u2019 del talentuoso street artist <b>Antonyo Marest<\/b>, che, curata da Escalera de Incendios, rimane aperta fino al 31 agosto. L\u2019artista si ispira all\u2019architettura e ai colori della capitale catalana creando opere originali e inedite geometrie in una esclusiva palette di venticinque tinte. I suoi dipinti si accostano perfettamente alle creazioni di <b>Demo Ceramics<\/b>: <b>Paolo Demo<\/b> \u00e8 uno sperimentatore,le sue collezioni in ceramica sono contenitori, sovradimensionati, a protezione di un segreto,un po&#8217; giocattoli e un po&#8217; opere d\u2019arte; \u00e8 il primo ad aver applicato la tecnica del PVD Physical Vapour Deposition alla ceramica di grandi dimensioni. Cos\u00ec come alla collezione di vasi Cumuli in Marmo Bianco Carrara e vetro soffiato a bocca disegnati da <b>Gumdesign<\/b> (<b>Gabriele Pardi<\/b> e <b>Laura Fiaschi<\/b>),per<b> IVV952<\/b>. E al tappeto Kame disegnato da <b>Ilaria Innocenti<\/b> per <b>Karpeta<\/b>. Nei bei locali di Opera Lounge, uno spazio unico dove si incontrano arte, bellezza e cultura, met\u00e0 parrucchiere met\u00e0 galleria d\u2019arte, sono perfette le sculture di sapone del duo parigino <b>Seem Soap<\/b> (<b>Mathilde Lehmann<\/b> e <b>Valentine S\u00e9e<\/b>). Quiil caff\u00e8 <b>Mokador<\/b> presenta il primo \u201cselfie-bar\u201d per design lovers: grazie alle macchine DADO OPTIMA, semplici da usare e dall\u2019estetica sofisticata, frutto della creativit\u00e0 del designer Gianni Bortolotti, riconosciuto a livello internazionale come uno dei maestri del disegno italiano, gli ospiti possono prepararsi da soli un buon espresso 100% italiano.Ed\u00e8 possibile conoscere anche il progetto vincitore della terza edizione di <b>TALENT\u2019S MANIFESTO<\/b> individuato attraverso una \u201ccall for young designer under 30\u201d sul sito <a href=\"http:\/\/www.thesignspeaking.com\/\">www.thesignspeaking.com<\/a> che ha per tema l\u2019outdoor e gli spazi pubblici per ricordare l\u2019evento \u201cInspired in Barcelona: in&#038;out\u201d che ha portato per la prima volta alla Milan Design Week 2017 il design catalano.<\/p>\n<p>TABLE AND SURROUNDINGS \u00e8 invece il titolo pensato per l\u2019evento al bistrot vegetariano <b>Rasoterra<\/b>, in Carrer de Palau 5, dove elementi di design aggiungono contenuti poetici e rituali intorno alla tavola e, come dice Alessandro Mendini, &#8220;l&#8217;oggetto diventa un amico emozionale&#8221;. Qui viene presentato per la prima volta il lavoro di branding realizzato da <b>STC Studio C<\/b>, a Milano e Berlino, del designer <b>Christoph Schnug<\/b> per <b>buah<\/b> (frutta in malese) giovane innovativa azienda che produce frutta essiccata a freddo, 100% naturale, che pu\u00f2 essere utilizzata per preparare frullati, muesli, insalate. Il packaging \u00e8 un tubo di carta fortemente iconico che pu\u00f2 essere utilizzato anche come misura per la preparazione di un numero infinito di ricette. Per l\u2019occasione, new look anche per il locale con le lampade d\u2019autore Segni di <b>Siru Lighting<\/b>che uniscono tecniche di lavorazione legate alla tradizione veneziana con l\u2019invenzione di forme innovative di <b>Gumdesign<\/b> ed elementi in ceramica disegnati da giovani progettisti per <b>Il Coccio design edition<\/b>, tra cui il vaso Collo e il contenitore Colletto di <b>Odo Fioravanti<\/b>, i due portacandele di <b>Sovrappensiero Design Studio<\/b>, i contenitori multiuso di <b>Carmelo Zocco<\/b> e il cestino Tino di <b>Mario Scairato<\/b>.<\/p>\n<p>In mostra anche alcune creazioni di <b>Tour de Fork<\/b>, studio multidisciplinare di design che si ispira al cibo e alla food culture. Fondato nel 2011 dal designer <b>Stefano Citi<\/b> e da <b>Claudia Castaldi<\/b>, fotografa e food stylist, che \u00e8 anche l\u2019autrice delle fotografie del libro di ricette a cui buah sta lavorando esposte in anteprima da Rasoterra.<\/p>\n<p><b>Rasoterra Bistrot Vegetari\u00e0<\/b><\/p>\n<p><b>Carrer de Palau, 5 &#8211; <\/b><b>Districto <\/b><b>Ciutat Vella<\/b><\/p>\n<p><b>6-14 June, 13-16h. \/ 19-23h.<\/b><\/p>\n<p><b>opening party 7 June, 16-19h.<\/b><\/p>\n<p><b>Opera Lounge<\/b><\/p>\n<p><b>Calle Mallorca 193<\/b><b> &#8211; <\/b><b>Districto Eixample<\/b><\/p>\n<p><b>6-14 June, 10-20h.<\/b><\/p>\n<p><b>opening party <\/b><b>8 June, 19-22h.<\/b><img decoding=\"async\" class=\"alignnone size-large wp-image-7956\" src=\"http:\/\/www.thesignspeaking.com\/wp-content\/uploads\/2017\/06\/1-seemsoapcpierreseiter-1024x768.jpg\" alt=\"\" width=\"1024\" height=\"768\" srcset=\"https:\/\/www.thesignspeaking.com\/wp-content\/uploads\/2017\/06\/1-seemsoapcpierreseiter-1024x768.jpg 1024w, https:\/\/www.thesignspeaking.com\/wp-content\/uploads\/2017\/06\/1-seemsoapcpierreseiter-300x225.jpg 300w, https:\/\/www.thesignspeaking.com\/wp-content\/uploads\/2017\/06\/1-seemsoapcpierreseiter-768x576.jpg 768w, https:\/\/www.thesignspeaking.com\/wp-content\/uploads\/2017\/06\/1-seemsoapcpierreseiter.jpg 1200w\" sizes=\"(max-width: 1024px) 100vw, 1024px\" \/> <img decoding=\"async\" class=\"alignnone size-large wp-image-7957\" src=\"http:\/\/www.thesignspeaking.com\/wp-content\/uploads\/2017\/06\/kame-683x1024.jpg\" alt=\"\" width=\"683\" height=\"1024\" srcset=\"https:\/\/www.thesignspeaking.com\/wp-content\/uploads\/2017\/06\/kame-683x1024.jpg 683w, https:\/\/www.thesignspeaking.com\/wp-content\/uploads\/2017\/06\/kame-200x300.jpg 200w, https:\/\/www.thesignspeaking.com\/wp-content\/uploads\/2017\/06\/kame-768x1152.jpg 768w, https:\/\/www.thesignspeaking.com\/wp-content\/uploads\/2017\/06\/kame.jpg 799w\" sizes=\"(max-width: 683px) 100vw, 683px\" \/> <img decoding=\"async\" class=\"alignnone size-large wp-image-7958\" src=\"http:\/\/www.thesignspeaking.com\/wp-content\/uploads\/2017\/06\/screenshot-2017-06-02-16.45.34-663x1024.jpg\" alt=\"\" width=\"663\" height=\"1024\" srcset=\"https:\/\/www.thesignspeaking.com\/wp-content\/uploads\/2017\/06\/screenshot-2017-06-02-16.45.34-663x1024.jpg 663w, https:\/\/www.thesignspeaking.com\/wp-content\/uploads\/2017\/06\/screenshot-2017-06-02-16.45.34-194x300.jpg 194w, https:\/\/www.thesignspeaking.com\/wp-content\/uploads\/2017\/06\/screenshot-2017-06-02-16.45.34.jpg 728w\" sizes=\"(max-width: 663px) 100vw, 663px\" \/><\/p>\n<\/span>","protected":false},"excerpt":{"rendered":"<p>From June 6-14 Opera Lounge and Rasoterra host some design world talent selected for the event by thesignspeaking network in concert with the inauguration of street artist Antonyo Marest\u2019s exhibition.<\/p>\n","protected":false},"author":3,"featured_media":7956,"comment_status":"open","ping_status":"open","sticky":false,"template":"","format":"standard","meta":[],"categories":[11],"tags":[],"_links":{"self":[{"href":"https:\/\/www.thesignspeaking.com\/it\/wp-json\/wp\/v2\/posts\/1566"}],"collection":[{"href":"https:\/\/www.thesignspeaking.com\/it\/wp-json\/wp\/v2\/posts"}],"about":[{"href":"https:\/\/www.thesignspeaking.com\/it\/wp-json\/wp\/v2\/types\/post"}],"author":[{"embeddable":true,"href":"https:\/\/www.thesignspeaking.com\/it\/wp-json\/wp\/v2\/users\/3"}],"replies":[{"embeddable":true,"href":"https:\/\/www.thesignspeaking.com\/it\/wp-json\/wp\/v2\/comments?post=1566"}],"version-history":[{"count":0,"href":"https:\/\/www.thesignspeaking.com\/it\/wp-json\/wp\/v2\/posts\/1566\/revisions"}],"wp:featuredmedia":[{"embeddable":true,"href":"https:\/\/www.thesignspeaking.com\/it\/wp-json\/wp\/v2\/media\/7956"}],"wp:attachment":[{"href":"https:\/\/www.thesignspeaking.com\/it\/wp-json\/wp\/v2\/media?parent=1566"}],"wp:term":[{"taxonomy":"category","embeddable":true,"href":"https:\/\/www.thesignspeaking.com\/it\/wp-json\/wp\/v2\/categories?post=1566"},{"taxonomy":"post_tag","embeddable":true,"href":"https:\/\/www.thesignspeaking.com\/it\/wp-json\/wp\/v2\/tags?post=1566"}],"curies":[{"name":"wp","href":"https:\/\/api.w.org\/{rel}","templated":true}]}}