{"id":15682,"date":"2021-12-10T13:26:01","date_gmt":"2021-12-10T12:26:01","guid":{"rendered":"https:\/\/www.thesignspeaking.com\/?p=15682"},"modified":"2021-12-10T13:39:17","modified_gmt":"2021-12-10T12:39:17","slug":"lb-gallery-presents-hot-here-our-team-that-is-hot","status":"publish","type":"post","link":"https:\/\/www.thesignspeaking.com\/it\/lb-gallery-presents-hot-here-our-team-that-is-hot\/","title":{"rendered":"L&#038;B Gallery presenta HOT (Here Our Team)\u2026 that is hot!"},"content":{"rendered":"<span class=\"cb-itemprop\" itemprop=\"reviewBody\">\n<h4 class=\"wp-block-heading\">In occasione della prima edizione di AR-DE, evento di arte e design prodotto dal Poble Nou Urban District, L&#038;B Gallery riapre con lavori post-COVID che ruotano intorno alla ripresa dell&#8217;interazione con l\u2019ambiente che ci circonda ma anche a tutti quei temi caldi che la societ\u00e0 sta sollevando in questo periodo<\/h4>\n\n\n\n<p>Dopo la lunga pausa pandemica e in coincidenza con la prima edizione di AR-DE, un evento di arte e design prodotto dal <a href=\"https:\/\/www.poblenouurbandistrict.com\/en\/\">Poble Nou Urban District<\/a> di Barcellona, il 10, l&#8217;11 e il 12 dicembre, <a href=\"https:\/\/www.lbcontemporaryart.com\/\">L&#038;B Gallery<\/a> \u00e8 lieta di riaprire le sue porte per presentare HOT, acronimo di Here Our Team.<\/p>\n\n\n\n<figure class=\"wp-block-image size-large\"><img decoding=\"async\" width=\"1024\" height=\"1024\" src=\"https:\/\/www.thesignspeaking.com\/wp-content\/uploads\/2021\/12\/ph_Sito-Mujica_for-adult-low-1024x1024.jpg\" alt=\"\" class=\"wp-image-15683\" srcset=\"https:\/\/www.thesignspeaking.com\/wp-content\/uploads\/2021\/12\/ph_Sito-Mujica_for-adult-low-1024x1024.jpg 1024w, https:\/\/www.thesignspeaking.com\/wp-content\/uploads\/2021\/12\/ph_Sito-Mujica_for-adult-low-300x300.jpg 300w, https:\/\/www.thesignspeaking.com\/wp-content\/uploads\/2021\/12\/ph_Sito-Mujica_for-adult-low-150x150.jpg 150w, https:\/\/www.thesignspeaking.com\/wp-content\/uploads\/2021\/12\/ph_Sito-Mujica_for-adult-low-768x768.jpg 768w, https:\/\/www.thesignspeaking.com\/wp-content\/uploads\/2021\/12\/ph_Sito-Mujica_for-adult-low-1536x1536.jpg 1536w, https:\/\/www.thesignspeaking.com\/wp-content\/uploads\/2021\/12\/ph_Sito-Mujica_for-adult-low-125x125.jpg 125w, https:\/\/www.thesignspeaking.com\/wp-content\/uploads\/2021\/12\/ph_Sito-Mujica_for-adult-low.jpg 1575w\" sizes=\"(max-width: 1024px) 100vw, 1024px\" \/><figcaption>For adult by Sito M\u00fajica<\/figcaption><\/figure>\n\n\n\n<p>La mostra HOT (Here Our Team), che ho personalmente curato, aperta fino all&#8217;11 febbraio 2022, \u00e8 un progetto post Covid-19 che ruota intorno alla ripresa dell&#8217;interazione con l\u2019ambiente che ci circonda e i cinque sensi, per aprirsi alla seduzione, ma anche a tutti quei temi caldi che la societ\u00e0 sta sollevando in questo periodo e mettendo in discussione in tutto il mondo: il riscaldamento globale, le rivendicazioni intorno alla violenza di genere o le minoranze\u2026<\/p>\n\n\n\n<figure class=\"wp-block-image size-large\"><img decoding=\"async\" width=\"1024\" height=\"768\" src=\"https:\/\/www.thesignspeaking.com\/wp-content\/uploads\/2021\/12\/KatiaGiuliani_40x30-low.jpg\" alt=\"\" class=\"wp-image-15690\" srcset=\"https:\/\/www.thesignspeaking.com\/wp-content\/uploads\/2021\/12\/KatiaGiuliani_40x30-low.jpg 1024w, https:\/\/www.thesignspeaking.com\/wp-content\/uploads\/2021\/12\/KatiaGiuliani_40x30-low-300x225.jpg 300w, https:\/\/www.thesignspeaking.com\/wp-content\/uploads\/2021\/12\/KatiaGiuliani_40x30-low-768x576.jpg 768w\" sizes=\"(max-width: 1024px) 100vw, 1024px\" \/><figcaption>Pratiche di Contatto Amoroso a Distanza di Katia Giuliani<\/figcaption><\/figure>\n\n\n\n<p>La mostra propone opere su diversi supporti e in diversi formati (pittura, scultura, ceramica, video, fotografia, acquarello, performance) di cinque artisti rappresentati dalla galleria &#8211; Anna Ill, Joan Ill, Sito Mujica, Xavi Mu\u00f1oz, Vanessa Pey &#8211; in dialogo con quattro artisti ospiti: Laura Marte, Katia Giuliani, Joaquin Jara e Manel de Aguas.<\/p>\n\n\n\n<div class=\"wp-block-image\"><figure class=\"aligncenter size-large\"><img decoding=\"async\" width=\"1024\" height=\"576\" src=\"https:\/\/www.thesignspeaking.com\/wp-content\/uploads\/2021\/12\/Vanessa-Pey_C13-low.jpg\" alt=\"\" class=\"wp-image-15687\" srcset=\"https:\/\/www.thesignspeaking.com\/wp-content\/uploads\/2021\/12\/Vanessa-Pey_C13-low.jpg 1024w, https:\/\/www.thesignspeaking.com\/wp-content\/uploads\/2021\/12\/Vanessa-Pey_C13-low-300x169.jpg 300w, https:\/\/www.thesignspeaking.com\/wp-content\/uploads\/2021\/12\/Vanessa-Pey_C13-low-768x432.jpg 768w\" sizes=\"(max-width: 1024px) 100vw, 1024px\" \/><figcaption>Falling by Vanessa Pey<\/figcaption><\/figure><\/div>\n\n\n\n<p>Tra le opere esposte, quella di Laura Marte &#8211; di cui \u00e8 in corso in questi giorni una mostra al <strong><a href=\"https:\/\/casalsolleric.palma.cat\/portal\/PALMA\/solleric\/contenedor1.jsp?seccion=s_fact_d4_v1.jsp&#038;contenido=138409&#038;tipo=2&#038;nivel=1400&#038;layout=contenedor1.jsp&#038;codResi=1&#038;language=ca&#038;codMenu=2297\">Casal Solleric<\/a><\/strong> di Palma di Maiorca &#8211; che si intitola <em>2003 > 2021<\/em> (parte della quale \u00e8 stata recentemente acquisita da Es Baluard), dedicata alle donne vittime di femminicidio. Il 2003 \u00e8 l&#8217;anno in cui si \u00e8 incominciato a contare il numero di donne assassinate dalla violenza maschile in Spagna. Ci furono quattordici morti solo in Catalogna, dove la prima fu Roc\u00edo Mart\u00edn C\u00e9spedes (11\/1\/2003 a Moi\u00e0, Barcellona), poi Silvia Scotto Gonz\u00e1lez (24\/01\/03 a L&#8217;Hospitalet), Gloria Sanz Silva (11\/02\/03 a Tarragona), mentre della quarta non si conosce il nome (27\/04\/03 a Girona).<\/p>\n\n\n\n<div class=\"wp-block-image\"><figure class=\"aligncenter size-large\"><img decoding=\"async\" width=\"1024\" height=\"724\" src=\"https:\/\/www.thesignspeaking.com\/wp-content\/uploads\/2021\/12\/Laura-Marte_2003-Cat-low.jpg\" alt=\"\" class=\"wp-image-15685\" srcset=\"https:\/\/www.thesignspeaking.com\/wp-content\/uploads\/2021\/12\/Laura-Marte_2003-Cat-low.jpg 1024w, https:\/\/www.thesignspeaking.com\/wp-content\/uploads\/2021\/12\/Laura-Marte_2003-Cat-low-300x212.jpg 300w, https:\/\/www.thesignspeaking.com\/wp-content\/uploads\/2021\/12\/Laura-Marte_2003-Cat-low-768x543.jpg 768w\" sizes=\"(max-width: 1024px) 100vw, 1024px\" \/><figcaption>2003 > 2021 by Laura Marte<\/figcaption><\/figure><\/div>\n\n\n\n<p>&#8220;<em>\u00c8 un lavoro in corso, iniziato qualche anno fa, in cui recupero la memoria, scrivendo i nomi delle donne assassinate, perch\u00e9 credo sia importante far conoscere i loro nomi, proprio perch\u00e9 sono sempre visti come dati&#8221;<\/em> racconta Laura Marte. &#8220;<em>Questi appaiono accanto a una mutandina su cui \u00e8 stampata con la legge modificata 1\/2004 (LOVGe). La legge organica del 28 dicembre sulle misure di protezione globale contro la violenza di genere, che \u00e8 pubblicata in ventitr\u00e9 pagine, l&#8217;ho esposta accanto alle mutandine e ai nomi. Nella mostra di Barcellona, dato che la prima fu proprio in Catalogna, ci saranno quattro mutandine con i nomi e una senza nome<\/em>&#8220;.<\/p>\n\n\n\n<p>Il lavoro di Xavi Mu\u00f1oz, che \u00e8 stato anche scelto come immagine della mostra HOT, rivendica la naturalezza del capezzolo femminile che, al giorno d&#8217;oggi, \u00e8 sessualizzato e quindi viene vietato o censurato nelle reti sociali. Un tema &#8220;caldo&#8221; come testimoniano anche il recente post su Instagram di <a href=\"https:\/\/www.instagram.com\/p\/CWtb5sSI031\/\">Madonna<\/a> o la vicenda, in occasione dell&#8217;ultimo Festival del Cinema di Venezia, legata alla rimozione, sempre da parte di Instagram, della locandina dell&#8217;ultimo film di Pedro Almodovar Madri Parallele poi ripristinata.<\/p>\n\n\n\n<figure class=\"wp-block-image size-large\"><img decoding=\"async\" width=\"768\" height=\"1024\" src=\"https:\/\/www.thesignspeaking.com\/wp-content\/uploads\/2021\/12\/Xavi-Munoz_IMG_20211123_120503-low-768x1024.jpg\" alt=\"\" class=\"wp-image-15688\" srcset=\"https:\/\/www.thesignspeaking.com\/wp-content\/uploads\/2021\/12\/Xavi-Munoz_IMG_20211123_120503-low-768x1024.jpg 768w, https:\/\/www.thesignspeaking.com\/wp-content\/uploads\/2021\/12\/Xavi-Munoz_IMG_20211123_120503-low-225x300.jpg 225w, https:\/\/www.thesignspeaking.com\/wp-content\/uploads\/2021\/12\/Xavi-Munoz_IMG_20211123_120503-low.jpg 1024w\" sizes=\"(max-width: 768px) 100vw, 768px\" \/><figcaption>Pink Mothers by Xavi Munoz<\/figcaption><\/figure>\n\n\n\n<p>Il giorno dell&#8217;inaugurazione alle ore 20 ci sar\u00e0 una performance sonora intitolata &#8216;Global Warming Concert&#8217; di Manel De Aguas (Barcellona, 1996), artista cyborg e attivista trans-specie noto per aver creato e installato due pinne sensoriali cibernetiche sulla sua testa. Si tratta della rappresentazione del riscaldamento globale negli ultimi cento anni, tradotto in suono grazie alle pinne sensoriali climatiche dell&#8217;artista. L&#8217;opera ha come obiettivo quello di dare voce all&#8217;atmosfera terrestre per aumentare la consapevolezza della crisi climatica che stiamo affrontando.<\/p>\n\n\n\n<p>Il programma della mostra include anche altre due performance: il concerto per violoncello solo di Mariona Camats il 21 gennaio e il 3 febbraio Joaquin Jara.<\/p>\n\n\n\n<div class=\"wp-block-image\"><figure class=\"aligncenter size-large\"><img decoding=\"async\" width=\"1024\" height=\"1024\" src=\"https:\/\/www.thesignspeaking.com\/wp-content\/uploads\/2021\/12\/Joaquin-Jara_IMG_9712-low-1024x1024.jpg\" alt=\"\" class=\"wp-image-15689\" srcset=\"https:\/\/www.thesignspeaking.com\/wp-content\/uploads\/2021\/12\/Joaquin-Jara_IMG_9712-low.jpg 1024w, https:\/\/www.thesignspeaking.com\/wp-content\/uploads\/2021\/12\/Joaquin-Jara_IMG_9712-low-300x300.jpg 300w, https:\/\/www.thesignspeaking.com\/wp-content\/uploads\/2021\/12\/Joaquin-Jara_IMG_9712-low-150x150.jpg 150w, https:\/\/www.thesignspeaking.com\/wp-content\/uploads\/2021\/12\/Joaquin-Jara_IMG_9712-low-768x768.jpg 768w, https:\/\/www.thesignspeaking.com\/wp-content\/uploads\/2021\/12\/Joaquin-Jara_IMG_9712-low-125x125.jpg 125w\" sizes=\"(max-width: 1024px) 100vw, 1024px\" \/><figcaption>Esfinge by Joaquin Jara<\/figcaption><\/figure><\/div>\n\n\n\n<p><strong><a href=\"https:\/\/www.poblenouurbandistrict.com\/en\/ar-de\/\">AR-DE<\/a><\/strong> \u00e8 un circuito di gallerie, showroom e musei che offrono le loro migliori proposte con l&#8217;obiettivo di promuovere l&#8217;arte e il design nel quartiere creativo Poble Nou a Barcellona, incoraggiando la vendita di creazioni di artisti e designer locali e internazionali, emergenti e affermati. Tre giorni per approfittare del ricco programma culturale e di questi spazi e avvicinarsi all&#8217;arte e al design in modo diverso.<\/p>\n\n\n\n<p>L&#8217;innovativo programma di AR-DE coincider\u00e0 con i gi\u00e0 noti Urban Talks, un ciclo di conferenze itineranti che mirano ad aprire un dibattito sulla cultura e la creativit\u00e0 nell&#8217;ambiente urbano.<\/p>\n\n\n\n<div class=\"wp-block-image\"><figure class=\"aligncenter size-large\"><img decoding=\"async\" width=\"1024\" height=\"683\" src=\"https:\/\/www.thesignspeaking.com\/wp-content\/uploads\/2021\/12\/AR-DE-1500x1000-1-1024x683.jpg\" alt=\"\" class=\"wp-image-15691\" srcset=\"https:\/\/www.thesignspeaking.com\/wp-content\/uploads\/2021\/12\/AR-DE-1500x1000-1-1024x683.jpg 1024w, https:\/\/www.thesignspeaking.com\/wp-content\/uploads\/2021\/12\/AR-DE-1500x1000-1-300x200.jpg 300w, https:\/\/www.thesignspeaking.com\/wp-content\/uploads\/2021\/12\/AR-DE-1500x1000-1-768x512.jpg 768w, https:\/\/www.thesignspeaking.com\/wp-content\/uploads\/2021\/12\/AR-DE-1500x1000-1-360x240.jpg 360w, https:\/\/www.thesignspeaking.com\/wp-content\/uploads\/2021\/12\/AR-DE-1500x1000-1.jpg 1500w\" sizes=\"(max-width: 1024px) 100vw, 1024px\" \/><\/figure><\/div>\n\n\n\n<p><\/p>\n\n\n\n<p><em>* The curator of the exhibition, Guendalina Perelli, is an expert in active communication in Milan and Barcelona and editor-in-chief of the design magazine thesignspeaking.<\/em><\/p>\n\n\n\n<p><\/p>\n\n\n\n<p><strong>HOT (Here Our Team)<\/strong><\/p>\n\n\n\n<p>When: December 10, 2021 &#8211; February 11, 2022<\/p>\n\n\n\n<p>Hours: 10am \u2013 2pm and 4pm \u2013 7pm<\/p>\n\n\n\n<p>Cocktail: December 10 at 7pm<\/p>\n\n\n\n<p>Where: C\/ \u00c0laba 58 | M Bogatell<\/p>\n\n\n\n<p><\/p>\n<\/span>","protected":false},"excerpt":{"rendered":"<p>In occasione della prima edizione di AR-DE, evento di arte e design prodotto dal Poble Nou Urban District, L&#038;B Gallery riapre con lavori post-COVID che ruotano intorno alla ripresa dell&#8217;interazione con l\u2019ambiente che ci circonda ma anche a tutti quei temi caldi che la societ\u00e0 sta sollevando in questo periodo Dopo la lunga pausa pandemica [&hellip;]<\/p>\n","protected":false},"author":4,"featured_media":15690,"comment_status":"open","ping_status":"open","sticky":false,"template":"","format":"standard","meta":[],"categories":[11],"tags":[34,53,35],"_links":{"self":[{"href":"https:\/\/www.thesignspeaking.com\/it\/wp-json\/wp\/v2\/posts\/15682"}],"collection":[{"href":"https:\/\/www.thesignspeaking.com\/it\/wp-json\/wp\/v2\/posts"}],"about":[{"href":"https:\/\/www.thesignspeaking.com\/it\/wp-json\/wp\/v2\/types\/post"}],"author":[{"embeddable":true,"href":"https:\/\/www.thesignspeaking.com\/it\/wp-json\/wp\/v2\/users\/4"}],"replies":[{"embeddable":true,"href":"https:\/\/www.thesignspeaking.com\/it\/wp-json\/wp\/v2\/comments?post=15682"}],"version-history":[{"count":4,"href":"https:\/\/www.thesignspeaking.com\/it\/wp-json\/wp\/v2\/posts\/15682\/revisions"}],"predecessor-version":[{"id":15697,"href":"https:\/\/www.thesignspeaking.com\/it\/wp-json\/wp\/v2\/posts\/15682\/revisions\/15697"}],"wp:featuredmedia":[{"embeddable":true,"href":"https:\/\/www.thesignspeaking.com\/it\/wp-json\/wp\/v2\/media\/15690"}],"wp:attachment":[{"href":"https:\/\/www.thesignspeaking.com\/it\/wp-json\/wp\/v2\/media?parent=15682"}],"wp:term":[{"taxonomy":"category","embeddable":true,"href":"https:\/\/www.thesignspeaking.com\/it\/wp-json\/wp\/v2\/categories?post=15682"},{"taxonomy":"post_tag","embeddable":true,"href":"https:\/\/www.thesignspeaking.com\/it\/wp-json\/wp\/v2\/tags?post=15682"}],"curies":[{"name":"wp","href":"https:\/\/api.w.org\/{rel}","templated":true}]}}