{"id":1574,"date":"2017-06-05T16:57:44","date_gmt":"2017-06-05T16:57:44","guid":{"rendered":"http:\/\/thesignspeaking.com\/2018\/02\/02\/antonyo-marest-a-restless-mind-a-factory-of-ideas-pure-ability-to-decontextualize-an-idea-to-make-it-bigger-3\/"},"modified":"2018-06-02T14:25:23","modified_gmt":"2018-06-02T12:25:23","slug":"antonyo-marest-a-restless-mind-a-factory-of-ideas-pure-ability-to-decontextualize-an-idea-to-make-it-bigger-3","status":"publish","type":"post","link":"https:\/\/www.thesignspeaking.com\/it\/antonyo-marest-a-restless-mind-a-factory-of-ideas-pure-ability-to-decontextualize-an-idea-to-make-it-bigger-3\/","title":{"rendered":"Antonyo Marest. A restless mind. A factory of ideas. Pure ability to decontextualize an idea to make it bigger"},"content":{"rendered":"<span class=\"cb-itemprop\" itemprop=\"reviewBody\"><p>A Barcellona \u2013 luogo dove si incontrano diverse culture e civilt\u00e0, il colore \u00e8 presente, dalle sue zone verdi al puro asfalto con l&#8217;influenza di tutta l&#8217;arte urbana che inonda la citt\u00e0, i graffiti e i murales.\u00a0<a href=\"http:\/\/antonyomarest.com\/\" target=\"_blank\" rel=\"noopener\">Antonyo Marest<\/a>\u00a0\u00a0si appropria di tutti questi elementi per dar vita alla narrazione delle sue opere in mostra dal 8 giugno al 31 agosto 2017 alla galleria\u00a0<a href=\"http:\/\/www.operalounge.es\/\" target=\"_blank\" rel=\"noopener\">Opera Lounge<\/a>\u00a0\u00a0 Curata da\u00a0<a href=\"http:\/\/www.escaleradeincendios.com\/\" target=\"_blank\" rel=\"noopener\">Escalera de Incendios<\/a>\u00a0\u00a0 la mostra STRAIT LINE \u00e8 la traduzione letterale di un concetto molto importante nel lavoro di Marest, dato che le linee sono il suo principale strumento di lavoro e sono presenti in tutto il suo lavoro.<\/p>\n<p>Si \u00e8 ispirato a Barcellona, capitale dell&#8217;arte contemporanea, che secondo Marest \u00e8 il luogo &#8220;<i>dove hai tutto, dove tutto quello a cui tieni \u00e8 dritto, una citt\u00e0 senza curve ma con punti che mi hanno segnato, amicizie, incontri, esperienze&#8230; e colore; il colore di questa citt\u00e0 mi incanta, il mare e la montagna&#8230; \u00e8 la porta d&#8217;Europa dove il design e la creativit\u00e0 vanno e vengono diritti e comunicano con gli europei, accompagnati da un sacco di colore e di gioia<\/i>&#8220;.<\/p>\n<p>Ispirato all&#8217;architettura e al colore della citt\u00e0, Marest crea una tavolozza di venticinque colori e geometrie in esclusiva per questa mostra: STRAIT LINE presenta quindici opere originali inedite in acrilico su carta di cotone da 600 gr realizzate a Barcellona.<\/p>\n<p>Nato nel Mediterraneo nel 1987 e con sede a Madrid, Antonyo Marest ha viaggiato in tutto il mondo, assorbendo la cultura della grafica dall&#8217;America all&#8217;Europa centrale. Tra le sue opere creative ci sono diverse esposizioni che hanno il merito di trasportare il suo talento dall&#8217;interno di un museo alla strada per far condividere la sua arte con il pubblico nella forma di pittura, scultura e fotografia. Oltre alla street art e ai graffiti, notevoli sono i suoi progetti di design industriale, per l\u2019interior, il tessile e l\u2019abbigliamento, i lavori di grafica e personalizzazione, le copertine di album, i poster, il merchandising, le campagne di marketing. Attualmente sviluppa i suoi progetti con il collettivo chiamato NOVO111.<\/p>\n<p>Tra i motivi pi\u00f9 rappresentati nel suo lavoro c\u2019\u00e8 la figura geometrica pseudo-triangolare che rappresenta un secchio in equilibrio. Un simbolo della crescita personale e del positivismo che resta incrollabile contro tutte le probabilit\u00e0. Una riflessione sulle nostre motivazioni per rimanere in piedi e andare avanti. Un altro motivo fondamentale \u00e8 il riferimento al gruppo Memphis, un movimento di progettazione architettonica e industriale di grande influenza negli anni &#8217;80. In diverse opere si vede come la combinazione &#8220;memphis&#8221; si mescola con stampe impossibili, colori esagerati e diseguali facendo riferimento alla lotta e alla comunione di stili, movimenti e tendenze nell&#8217;arte.<img decoding=\"async\" class=\"alignnone size-large wp-image-7944\" src=\"http:\/\/www.thesignspeaking.com\/wp-content\/uploads\/2017\/06\/hotel_me_madrid_2017low-1024x684.jpg\" alt=\"\" width=\"1024\" height=\"684\" srcset=\"https:\/\/www.thesignspeaking.com\/wp-content\/uploads\/2017\/06\/hotel_me_madrid_2017low-1024x684.jpg 1024w, https:\/\/www.thesignspeaking.com\/wp-content\/uploads\/2017\/06\/hotel_me_madrid_2017low-300x200.jpg 300w, https:\/\/www.thesignspeaking.com\/wp-content\/uploads\/2017\/06\/hotel_me_madrid_2017low-768x513.jpg 768w, https:\/\/www.thesignspeaking.com\/wp-content\/uploads\/2017\/06\/hotel_me_madrid_2017low-360x240.jpg 360w, https:\/\/www.thesignspeaking.com\/wp-content\/uploads\/2017\/06\/hotel_me_madrid_2017low.jpg 1200w\" sizes=\"(max-width: 1024px) 100vw, 1024px\" \/> <img decoding=\"async\" class=\"alignnone size-large wp-image-7945\" src=\"http:\/\/www.thesignspeaking.com\/wp-content\/uploads\/2017\/06\/retratolow-683x1024.jpg\" alt=\"\" width=\"683\" height=\"1024\" srcset=\"https:\/\/www.thesignspeaking.com\/wp-content\/uploads\/2017\/06\/retratolow-683x1024.jpg 683w, https:\/\/www.thesignspeaking.com\/wp-content\/uploads\/2017\/06\/retratolow-200x300.jpg 200w, https:\/\/www.thesignspeaking.com\/wp-content\/uploads\/2017\/06\/retratolow-768x1151.jpg 768w, https:\/\/www.thesignspeaking.com\/wp-content\/uploads\/2017\/06\/retratolow.jpg 1290w\" sizes=\"(max-width: 683px) 100vw, 683px\" \/> <img decoding=\"async\" class=\"alignnone size-large wp-image-7946\" src=\"http:\/\/www.thesignspeaking.com\/wp-content\/uploads\/2017\/06\/carrer1-antonyomarest-b.jpg\" alt=\"\" width=\"626\" height=\"882\" srcset=\"https:\/\/www.thesignspeaking.com\/wp-content\/uploads\/2017\/06\/carrer1-antonyomarest-b.jpg 626w, https:\/\/www.thesignspeaking.com\/wp-content\/uploads\/2017\/06\/carrer1-antonyomarest-b-213x300.jpg 213w\" sizes=\"(max-width: 626px) 100vw, 626px\" \/> <img decoding=\"async\" class=\"alignnone size-large wp-image-7947\" src=\"http:\/\/www.thesignspeaking.com\/wp-content\/uploads\/2017\/06\/carrer2-antonyomarest-b.jpg\" alt=\"\" width=\"616\" height=\"868\" srcset=\"https:\/\/www.thesignspeaking.com\/wp-content\/uploads\/2017\/06\/carrer2-antonyomarest-b.jpg 616w, https:\/\/www.thesignspeaking.com\/wp-content\/uploads\/2017\/06\/carrer2-antonyomarest-b-213x300.jpg 213w\" sizes=\"(max-width: 616px) 100vw, 616px\" \/> <img decoding=\"async\" class=\"alignnone size-large wp-image-7948\" src=\"http:\/\/www.thesignspeaking.com\/wp-content\/uploads\/2017\/06\/carrer3-antonyomarest-b.jpg\" alt=\"\" width=\"604\" height=\"874\" srcset=\"https:\/\/www.thesignspeaking.com\/wp-content\/uploads\/2017\/06\/carrer3-antonyomarest-b.jpg 604w, https:\/\/www.thesignspeaking.com\/wp-content\/uploads\/2017\/06\/carrer3-antonyomarest-b-207x300.jpg 207w\" sizes=\"(max-width: 604px) 100vw, 604px\" \/> <img decoding=\"async\" class=\"alignnone size-large wp-image-7949\" src=\"http:\/\/www.thesignspeaking.com\/wp-content\/uploads\/2017\/06\/skatepark-rabat-maroc-1024x682.jpg\" alt=\"\" width=\"1024\" height=\"682\" srcset=\"https:\/\/www.thesignspeaking.com\/wp-content\/uploads\/2017\/06\/skatepark-rabat-maroc-1024x682.jpg 1024w, https:\/\/www.thesignspeaking.com\/wp-content\/uploads\/2017\/06\/skatepark-rabat-maroc-300x200.jpg 300w, https:\/\/www.thesignspeaking.com\/wp-content\/uploads\/2017\/06\/skatepark-rabat-maroc-768x512.jpg 768w, https:\/\/www.thesignspeaking.com\/wp-content\/uploads\/2017\/06\/skatepark-rabat-maroc-360x240.jpg 360w, https:\/\/www.thesignspeaking.com\/wp-content\/uploads\/2017\/06\/skatepark-rabat-maroc.jpg 2000w\" sizes=\"(max-width: 1024px) 100vw, 1024px\" \/> <img decoding=\"async\" class=\"alignnone size-large wp-image-7950\" src=\"http:\/\/www.thesignspeaking.com\/wp-content\/uploads\/2017\/06\/absolut-estampa-1024x684.jpg\" alt=\"\" width=\"1024\" height=\"684\" srcset=\"https:\/\/www.thesignspeaking.com\/wp-content\/uploads\/2017\/06\/absolut-estampa-1024x684.jpg 1024w, https:\/\/www.thesignspeaking.com\/wp-content\/uploads\/2017\/06\/absolut-estampa-300x200.jpg 300w, https:\/\/www.thesignspeaking.com\/wp-content\/uploads\/2017\/06\/absolut-estampa-768x513.jpg 768w, https:\/\/www.thesignspeaking.com\/wp-content\/uploads\/2017\/06\/absolut-estampa-360x240.jpg 360w, https:\/\/www.thesignspeaking.com\/wp-content\/uploads\/2017\/06\/absolut-estampa.jpg 2000w\" sizes=\"(max-width: 1024px) 100vw, 1024px\" \/> <img decoding=\"async\" class=\"alignnone size-large wp-image-7951\" src=\"http:\/\/www.thesignspeaking.com\/wp-content\/uploads\/2017\/06\/vans2-antonyomarest-1024x529.jpg\" alt=\"\" width=\"1024\" height=\"529\" srcset=\"https:\/\/www.thesignspeaking.com\/wp-content\/uploads\/2017\/06\/vans2-antonyomarest-1024x529.jpg 1024w, https:\/\/www.thesignspeaking.com\/wp-content\/uploads\/2017\/06\/vans2-antonyomarest-300x155.jpg 300w, https:\/\/www.thesignspeaking.com\/wp-content\/uploads\/2017\/06\/vans2-antonyomarest-768x397.jpg 768w, https:\/\/www.thesignspeaking.com\/wp-content\/uploads\/2017\/06\/vans2-antonyomarest.jpg 2000w\" sizes=\"(max-width: 1024px) 100vw, 1024px\" \/> <img decoding=\"async\" class=\"alignnone size-large wp-image-7952\" src=\"http:\/\/www.thesignspeaking.com\/wp-content\/uploads\/2017\/06\/side-a-1024x768.jpg\" alt=\"\" width=\"1024\" height=\"768\" srcset=\"https:\/\/www.thesignspeaking.com\/wp-content\/uploads\/2017\/06\/side-a-1024x768.jpg 1024w, https:\/\/www.thesignspeaking.com\/wp-content\/uploads\/2017\/06\/side-a-300x225.jpg 300w, https:\/\/www.thesignspeaking.com\/wp-content\/uploads\/2017\/06\/side-a-768x576.jpg 768w, https:\/\/www.thesignspeaking.com\/wp-content\/uploads\/2017\/06\/side-a.jpg 2000w\" sizes=\"(max-width: 1024px) 100vw, 1024px\" \/><\/p>\n<\/span>","protected":false},"excerpt":{"rendered":"<p>STRAIT LINE exhibition at Opera Lounge gallery in Barcelona from 8 June to 31 August 2017<\/p>\n","protected":false},"author":3,"featured_media":7944,"comment_status":"open","ping_status":"open","sticky":false,"template":"","format":"standard","meta":[],"categories":[11],"tags":[],"_links":{"self":[{"href":"https:\/\/www.thesignspeaking.com\/it\/wp-json\/wp\/v2\/posts\/1574"}],"collection":[{"href":"https:\/\/www.thesignspeaking.com\/it\/wp-json\/wp\/v2\/posts"}],"about":[{"href":"https:\/\/www.thesignspeaking.com\/it\/wp-json\/wp\/v2\/types\/post"}],"author":[{"embeddable":true,"href":"https:\/\/www.thesignspeaking.com\/it\/wp-json\/wp\/v2\/users\/3"}],"replies":[{"embeddable":true,"href":"https:\/\/www.thesignspeaking.com\/it\/wp-json\/wp\/v2\/comments?post=1574"}],"version-history":[{"count":0,"href":"https:\/\/www.thesignspeaking.com\/it\/wp-json\/wp\/v2\/posts\/1574\/revisions"}],"wp:featuredmedia":[{"embeddable":true,"href":"https:\/\/www.thesignspeaking.com\/it\/wp-json\/wp\/v2\/media\/7944"}],"wp:attachment":[{"href":"https:\/\/www.thesignspeaking.com\/it\/wp-json\/wp\/v2\/media?parent=1574"}],"wp:term":[{"taxonomy":"category","embeddable":true,"href":"https:\/\/www.thesignspeaking.com\/it\/wp-json\/wp\/v2\/categories?post=1574"},{"taxonomy":"post_tag","embeddable":true,"href":"https:\/\/www.thesignspeaking.com\/it\/wp-json\/wp\/v2\/tags?post=1574"}],"curies":[{"name":"wp","href":"https:\/\/api.w.org\/{rel}","templated":true}]}}