{"id":15811,"date":"2022-02-02T15:41:49","date_gmt":"2022-02-02T14:41:49","guid":{"rendered":"https:\/\/www.thesignspeaking.com\/?p=15811"},"modified":"2022-02-04T17:45:50","modified_gmt":"2022-02-04T16:45:50","slug":"fundacio-mies-van-der-rohe-program-of-activities-for-2022","status":"publish","type":"post","link":"https:\/\/www.thesignspeaking.com\/it\/fundacio-mies-van-der-rohe-program-of-activities-for-2022\/","title":{"rendered":"Fondazione Mies van der Rohe, il programma delle attivit\u00e0 del 2022"},"content":{"rendered":"<span class=\"cb-itemprop\" itemprop=\"reviewBody\">\n<h4 class=\"wp-block-heading\">Nel programma si distinguono la 17a edizione del Premio dell&#8217;Unione Europea per l&#8217;Architettura Contemporanea, il Premio Mies van der Rohe, il Lilly Reich Grant per l&#8217;uguaglianza nell&#8217;architettura e gli interventi nel padiglione.<\/h4>\n\n\n\n<div class=\"wp-block-image\"><figure class=\"aligncenter size-large\"><img decoding=\"async\" width=\"1024\" height=\"636\" src=\"https:\/\/www.thesignspeaking.com\/wp-content\/uploads\/2022\/02\/Mies-van-der-Rohe-Pavilion-@Marcela-Grassi_5.jpg\" alt=\"\" class=\"wp-image-15815\" srcset=\"https:\/\/www.thesignspeaking.com\/wp-content\/uploads\/2022\/02\/Mies-van-der-Rohe-Pavilion-@Marcela-Grassi_5.jpg 1024w, https:\/\/www.thesignspeaking.com\/wp-content\/uploads\/2022\/02\/Mies-van-der-Rohe-Pavilion-@Marcela-Grassi_5-300x186.jpg 300w, https:\/\/www.thesignspeaking.com\/wp-content\/uploads\/2022\/02\/Mies-van-der-Rohe-Pavilion-@Marcela-Grassi_5-768x477.jpg 768w\" sizes=\"(max-width: 1024px) 100vw, 1024px\" \/><\/figure><\/div>\n\n\n\n<p>Il 27 gennaio a Barcellona, la <strong><a href=\"http:\/\/www.miesbcn.com\">Fondazione Mies van der Rohe<\/a><\/strong> ha presentato il suo programma di attivit\u00e0 per l&#8217;anno 2022, che \u00e8 uno dei pi\u00f9 internazionali e variegati proposti ad oggi e che ne conferma il ruolo di protagonista culturale nella diffusione di architettura, arte, musica, danza o cinema. <\/p>\n\n\n\n<p>Il Padiglione diventa uno spazio d&#8217;incontro per progettare i futuri modi di vivere coniugando cultura, natura, inclusione sociale e ricerca.<\/p>\n\n\n\n<div class=\"wp-block-image\"><figure class=\"aligncenter size-large\"><img decoding=\"async\" width=\"1024\" height=\"571\" src=\"https:\/\/www.thesignspeaking.com\/wp-content\/uploads\/2022\/02\/Mies-van-der-Rohe-Pavilion-@Marcela-Grassi_11.jpg\" alt=\"\" class=\"wp-image-15837\" srcset=\"https:\/\/www.thesignspeaking.com\/wp-content\/uploads\/2022\/02\/Mies-van-der-Rohe-Pavilion-@Marcela-Grassi_11.jpg 1024w, https:\/\/www.thesignspeaking.com\/wp-content\/uploads\/2022\/02\/Mies-van-der-Rohe-Pavilion-@Marcela-Grassi_11-300x167.jpg 300w, https:\/\/www.thesignspeaking.com\/wp-content\/uploads\/2022\/02\/Mies-van-der-Rohe-Pavilion-@Marcela-Grassi_11-768x428.jpg 768w\" sizes=\"(max-width: 1024px) 100vw, 1024px\" \/><figcaption>Mies van der Rohe Pavilion, photo: Marcela Grassi<\/figcaption><\/figure><\/div>\n\n\n\n<h5 class=\"wp-block-heading\">Premio Mies UE<\/h5>\n\n\n\n<p>Il 12 maggio, l&#8217;EU Mies Award porter\u00e0 a Barcellona le voci e i dibattiti pi\u00f9 attuali dell&#8217;architettura contemporanea. Il ruolo dell&#8217;architettura nel raggiungimento dell&#8217;equit\u00e0 e della democrazia attraverso l&#8217;inclusione e l&#8217;accettazione della diversit\u00e0 sar\u00e0 l&#8217;aspetto pi\u00f9 rilevante delle conversazioni tra gli autori e i committenti delle opere vincitrici e finaliste, i rinomati membri della giuria e i rappresentanti politici come il Commissario per l&#8217;innovazione, la ricerca, la cultura, l&#8217;educazione e la giovent\u00f9 della Commissione Europea, Mariya Gabriel, responsabile anche dei programmi Horizon Europe e Creative Europe. Questa grande festa, aperta a tutti, permetter\u00e0 anche ai visitatori di approfondire le 40 opere selezionate tra le 532 candidate in una mostra itinerante che inizier\u00e0 il suo tour a Barcellona e parteciper\u00e0 alla cerimonia di premiazione &#8211; con sorprese incluse &#8211; nella spianata del Padiglione Mies van der Rohe. Questo 2022, la mostra viagger\u00e0 a Colonia, Bruxelles e Vienna. L&#8217;EU Mies Award sar\u00e0 presentato anche ad altre citt\u00e0 europee come Belgrado nel contesto del BINA Festival, la Settimana Internazionale di Architettura di Belgrado, e a citt\u00e0 di altri continenti come Montevideo o Shanghai.<\/p>\n\n\n\n<p>Alla fine dell&#8217;anno, inizier\u00e0 il Young Talent Architecture Award 2023, che riunir\u00e0 scuole di architettura, giovani architetti e le proposte pi\u00f9 eccezionali su come affrontare le sfide del momento e del futuro. L&#8217;edizione di quest&#8217;anno \u00e8 speciale per il coinvolgimento della Fundaci\u00f3 Mies van der Rohe nelle attivit\u00e0 dell&#8217;Anno Europeo della Giovent\u00f9.<\/p>\n\n\n\n<p>Inoltre, il materiale dell&#8217;Archivio del Premio Mies dell&#8217;UE ha reso possibili quattro mostre, in quattro luoghi diversi: &#8220;Transformation strategies: architecture that cares&#8221; al padiglione lituano di Expo 2020 Dubai, &#8220;EU Mies Award in Poland&#8221; allo Zodiak di Varsavia, &#8220;YTAA 2020&#8221; all&#8217;Universit\u00e0 di A Coru\u00f1a e &#8220;Large-scale transformation, a new sustainability challenge. Kleiburg ad Amsterdam, Grand Parc a Bordeaux&#8221; sugli alloggi collettivi a Le Pavillon de Caen. Quest&#8217;ultima mostra viagger\u00e0 durante il primo semestre a Madrid nel contesto del Forum Internazionale dell&#8217;Unione Internazionale degli Architetti &#8211; &#8220;Affordable Housing Activation&#8221;.<\/p>\n\n\n\n<div class=\"wp-block-image\"><figure class=\"aligncenter size-large\"><img decoding=\"async\" width=\"1024\" height=\"684\" src=\"https:\/\/www.thesignspeaking.com\/wp-content\/uploads\/2022\/02\/Mies-van-der-Rohe-Pavilion-@Marcela-Grassi_13.jpg\" alt=\"\" class=\"wp-image-15838\" srcset=\"https:\/\/www.thesignspeaking.com\/wp-content\/uploads\/2022\/02\/Mies-van-der-Rohe-Pavilion-@Marcela-Grassi_13.jpg 1024w, https:\/\/www.thesignspeaking.com\/wp-content\/uploads\/2022\/02\/Mies-van-der-Rohe-Pavilion-@Marcela-Grassi_13-300x200.jpg 300w, https:\/\/www.thesignspeaking.com\/wp-content\/uploads\/2022\/02\/Mies-van-der-Rohe-Pavilion-@Marcela-Grassi_13-768x513.jpg 768w, https:\/\/www.thesignspeaking.com\/wp-content\/uploads\/2022\/02\/Mies-van-der-Rohe-Pavilion-@Marcela-Grassi_13-360x240.jpg 360w\" sizes=\"(max-width: 1024px) 100vw, 1024px\" \/><figcaption>Mies van der Rohe Pavilion, photo: Marcela Grassi<\/figcaption><\/figure><\/div>\n\n\n\n<h5 class=\"wp-block-heading\">Borsa di studio Lilly Reich<\/h5>\n\n\n\n<p>I risultati dei lavori di ricerca vincitori della seconda edizione del Lilly Reich Grant saranno presentati l&#8217;8 marzo con un&#8217;anteprima del documentario &#8220;[On Set with] Lilly Reich&#8221; di Laura Lizondo Sevilla, D\u00e9bora Domingo Calabuig e Avelina Prat Garc\u00eda che successivamente sar\u00e0 presentato nella sua interezza come evento collaterale del Barcelona International Architecture Film Festival &#8211; BARQ 2022 (10-15 maggio) e la presentazione dei lavori dei tre vincitori della categoria High School Research Works. In coincidenza del 16 giugno con il 137\u00b0 anniversario della nascita dell&#8217;architetto tedesco, sar\u00e0 lanciata la terza edizione della borsa di studio, le cui proposte vincitrici saranno rese pubbliche nella Giornata Mondiale dell&#8217;Architettura, il primo luned\u00ec di ottobre.<\/p>\n\n\n\n<div class=\"wp-block-image\"><figure class=\"aligncenter size-large\"><img decoding=\"async\" width=\"1024\" height=\"581\" src=\"https:\/\/www.thesignspeaking.com\/wp-content\/uploads\/2022\/02\/Mies-van-der-Rohe-Pavilion-@Marcela-Grassi_1.jpg\" alt=\"\" class=\"wp-image-15832\" srcset=\"https:\/\/www.thesignspeaking.com\/wp-content\/uploads\/2022\/02\/Mies-van-der-Rohe-Pavilion-@Marcela-Grassi_1.jpg 1024w, https:\/\/www.thesignspeaking.com\/wp-content\/uploads\/2022\/02\/Mies-van-der-Rohe-Pavilion-@Marcela-Grassi_1-300x170.jpg 300w, https:\/\/www.thesignspeaking.com\/wp-content\/uploads\/2022\/02\/Mies-van-der-Rohe-Pavilion-@Marcela-Grassi_1-768x436.jpg 768w\" sizes=\"(max-width: 1024px) 100vw, 1024px\" \/><figcaption>Mies van der Rohe Pavilion, photo: Marcela Grassi<\/figcaption><\/figure><\/div>\n\n\n\n<h5 class=\"wp-block-heading\">Interventi<\/h5>\n\n\n\n<p>Il padiglione inviter\u00e0 architetti, scultori, designer, musicisti e altri artisti a discutere e riflettere sulle sfide a cui si deve rispondere a livello globale. La naturalizzazione del laghetto spicca con l&#8217;introduzione delle piante acquatiche che il Padiglione aveva originariamente nel 1929, fornendo un cambio di immagine a una delle opere di architettura pi\u00f9 apprezzate della citt\u00e0 a livello mondiale: &#8220;Ninfee&#8221; (Centrale, Varsavia) . Si evidenzier\u00e0 anche il dinamismo e la vitalit\u00e0 che gli interventi &#8220;Psicoarquitectura&#8221; (\u00d3scar Abraham Pab\u00f3n, Caracas-Barcellona), &#8220;Mass Madera&#8221; (Vicente Guallart e Daniel Ib\u00e1\u00f1ez, New York-Barcellona), &#8220;The Grid&#8221; (Eugenia L\u00f3pez Reus &#038; Miguel Jaime, CritTeam, Barcellona) e &#8220;The Mineral Model&#8221; (Ciro Najle, Josep Ferrando e Anna Font, Buenos Aires-Barcellona), che approfondiranno la materialit\u00e0 del Padiglione e l&#8217;impatto delle industrie creative e di costruzione.<\/p>\n\n\n\n<h5 class=\"wp-block-heading\">Musica, cinema, danza e lettura<\/h5>\n\n\n\n<p>L&#8217;architettura e la musica sono state storicamente legate, alimentando i loro processi creativi e fornendosi di nuovi elementi compositivi. L&#8217;acustica dello spazio \u00e8 essenziale per la comunicazione e la collaborazione con Barcelona Obertura e la Fundaci\u00f3n Goethe che permetter\u00e0, da diverse interpretazioni, di apprezzare lo spazio del Padiglione.<\/p>\n\n\n\n<p>Il cinema \u00e8 stato essenziale nel modo di vedere e interpretare lo spazio architettonico e urbano e riflettere sull&#8217;ambiente abitato. Questo interesse per la settima arte \u00e8 sottolineato dalla promozione della Fundaci\u00f3 al Festival Internazionale del Cinema di Architettura &#8211; BARQ (10-15 maggio), dalle proposte di programmazione del ciclo &#8220;Per Amor a les Arts&#8221; alla Filmoteca de Catalunya e in estate, Pantalla Pavell\u00f3, che quest&#8217;anno ci porter\u00e0 nella vita di architetti e architetture.<\/p>\n\n\n\n<div class=\"wp-block-image\"><figure class=\"aligncenter size-large\"><img decoding=\"async\" width=\"1024\" height=\"533\" src=\"https:\/\/www.thesignspeaking.com\/wp-content\/uploads\/2022\/02\/Mies-van-der-Rohe-Pavilion-@Marcela-Grassi_9.jpg\" alt=\"\" class=\"wp-image-15836\" srcset=\"https:\/\/www.thesignspeaking.com\/wp-content\/uploads\/2022\/02\/Mies-van-der-Rohe-Pavilion-@Marcela-Grassi_9.jpg 1024w, https:\/\/www.thesignspeaking.com\/wp-content\/uploads\/2022\/02\/Mies-van-der-Rohe-Pavilion-@Marcela-Grassi_9-300x156.jpg 300w, https:\/\/www.thesignspeaking.com\/wp-content\/uploads\/2022\/02\/Mies-van-der-Rohe-Pavilion-@Marcela-Grassi_9-768x400.jpg 768w\" sizes=\"(max-width: 1024px) 100vw, 1024px\" \/><figcaption>Mies van der Rohe Pavilion, photo: Marcela Grassi<\/figcaption><\/figure><\/div>\n\n\n\n<p>Sant Jordi \u00e8 l&#8217;occasione per godere della lettura in questo luogo unico di Montju\u00efc e Barcellona. La selezione di titoli nella libreria del Padiglione e i suoi spazi sempre diversi sono il luogo ideale per trascorrere la Giornata Internazionale del Libro. Durante questo fine settimana del 23-24 aprile, oltre ai libri, anche la danza invader\u00e0 il Padiglione con &#8220;Desire de parag\u00fcas&#8221; della compagnia Van Holzer, un viaggio attraverso il Padiglione attraverso il movimento.<\/p>\n\n\n\n<p>Durante l&#8217;anno, saranno presentate tre nuove pubblicazioni legate agli interventi che permettono di continuare a riflettere attraverso i contributi di critici e fotografi. &#8220;It begins with one word&#8221; di Katarzyna Krakowiak e Marcin Sczcelina, &#8220;Beautiful Failures&#8221; di Stella Rahola e Roger Paez (con Elisava) e &#8220;L&#8217;estadi, el pavell\u00f3 i el palau&#8221; di D\u00f2menec (con MACBA), si aggiungeranno alla collezione del catalogo degli Interventi al Padiglione Mies van der Rohe.<\/p>\n\n\n\n<div class=\"wp-block-image\"><figure class=\"aligncenter size-large\"><img decoding=\"async\" width=\"1024\" height=\"684\" src=\"https:\/\/www.thesignspeaking.com\/wp-content\/uploads\/2022\/02\/Mies-van-der-Rohe-Pavilion-@Marcela-Grassi_7.jpg\" alt=\"\" class=\"wp-image-15835\" srcset=\"https:\/\/www.thesignspeaking.com\/wp-content\/uploads\/2022\/02\/Mies-van-der-Rohe-Pavilion-@Marcela-Grassi_7.jpg 1024w, https:\/\/www.thesignspeaking.com\/wp-content\/uploads\/2022\/02\/Mies-van-der-Rohe-Pavilion-@Marcela-Grassi_7-300x200.jpg 300w, https:\/\/www.thesignspeaking.com\/wp-content\/uploads\/2022\/02\/Mies-van-der-Rohe-Pavilion-@Marcela-Grassi_7-768x513.jpg 768w, https:\/\/www.thesignspeaking.com\/wp-content\/uploads\/2022\/02\/Mies-van-der-Rohe-Pavilion-@Marcela-Grassi_7-360x240.jpg 360w\" sizes=\"(max-width: 1024px) 100vw, 1024px\" \/><figcaption>Mies van der Rohe Pavilion, photo: Marcela Grassi<\/figcaption><\/figure><\/div>\n\n\n\n<h5 class=\"wp-block-heading\">Divulgazione<\/h5>\n\n\n\n<p>I formati di comunicazione digitale che sono stati implementati durante la pandemia hanno dimostrato di essere uno strumento estremamente utile per la partecipazione di un pubblico pi\u00f9 ampio e diversificato e saranno incorporati a complemento delle loro esperienze faccia a faccia. In questa avventura mista, spicca la nuova audioguida per conoscere il Padiglione in un modo totalmente nuovo ed esperienziale, insieme alle nuove unit\u00e0 didattiche per le scuole, che si aggiungono al programma educativo della Fundaci\u00f3, che l&#8217;anno scorso ha ricevuto 233 gruppi scolastici.<\/p>\n\n\n\n<p>Per tutto il 2022, ogni prima domenica del mese, si terranno gli Open Day: 2 gennaio, 6 febbraio, 6 marzo, 3 aprile, 1 maggio, 5 giugno, 3 luglio, 7 agosto, 4 settembre, 2 ottobre, 6 novembre e 4 dicembre oltre ai giorni di Santa Eul\u00e0lia, San Jordi, la Merc\u00e8 e la Notte dei Musei.<\/p>\n\n\n\n<p>Tutte le attivit\u00e0 del 2022 possono essere consultate sul sito web e sui profili social della fondazione.<\/p>\n\n\n\n<p>PER RIVEDERE LA PRESENTAZIONE DEL PROGRAMMA: <a href=\"https:\/\/mies.link\/LIVE_Programa2022\">https:\/\/mies.link\/LIVE_Programa2022<\/a><\/p>\n\n\n\n<div class=\"wp-block-image\"><figure class=\"aligncenter size-large\"><img decoding=\"async\" width=\"1024\" height=\"636\" src=\"https:\/\/www.thesignspeaking.com\/wp-content\/uploads\/2022\/02\/Mies-van-der-Rohe-Pavilion-@Marcela-Grassi_3.jpg\" alt=\"\" class=\"wp-image-15833\" srcset=\"https:\/\/www.thesignspeaking.com\/wp-content\/uploads\/2022\/02\/Mies-van-der-Rohe-Pavilion-@Marcela-Grassi_3.jpg 1024w, https:\/\/www.thesignspeaking.com\/wp-content\/uploads\/2022\/02\/Mies-van-der-Rohe-Pavilion-@Marcela-Grassi_3-300x186.jpg 300w, https:\/\/www.thesignspeaking.com\/wp-content\/uploads\/2022\/02\/Mies-van-der-Rohe-Pavilion-@Marcela-Grassi_3-768x477.jpg 768w\" sizes=\"(max-width: 1024px) 100vw, 1024px\" \/><figcaption>Mies van der Rohe Pavilion, photo: Marcela Grassi<\/figcaption><\/figure><\/div>\n\n\n\n<p><\/p>\n\n\n\n<p><\/p>\n<\/span>","protected":false},"excerpt":{"rendered":"<p>Nel programma si distinguono la 17a edizione del Premio dell&#8217;Unione Europea per l&#8217;Architettura Contemporanea, il Premio Mies van der Rohe, il Lilly Reich Grant per l&#8217;uguaglianza nell&#8217;architettura e gli interventi nel padiglione. Il 27 gennaio a Barcellona, la Fondazione Mies van der Rohe ha presentato il suo programma di attivit\u00e0 per l&#8217;anno 2022, che \u00e8 [&hellip;]<\/p>\n","protected":false},"author":4,"featured_media":15815,"comment_status":"open","ping_status":"open","sticky":false,"template":"","format":"standard","meta":[],"categories":[11],"tags":[],"_links":{"self":[{"href":"https:\/\/www.thesignspeaking.com\/it\/wp-json\/wp\/v2\/posts\/15811"}],"collection":[{"href":"https:\/\/www.thesignspeaking.com\/it\/wp-json\/wp\/v2\/posts"}],"about":[{"href":"https:\/\/www.thesignspeaking.com\/it\/wp-json\/wp\/v2\/types\/post"}],"author":[{"embeddable":true,"href":"https:\/\/www.thesignspeaking.com\/it\/wp-json\/wp\/v2\/users\/4"}],"replies":[{"embeddable":true,"href":"https:\/\/www.thesignspeaking.com\/it\/wp-json\/wp\/v2\/comments?post=15811"}],"version-history":[{"count":6,"href":"https:\/\/www.thesignspeaking.com\/it\/wp-json\/wp\/v2\/posts\/15811\/revisions"}],"predecessor-version":[{"id":15844,"href":"https:\/\/www.thesignspeaking.com\/it\/wp-json\/wp\/v2\/posts\/15811\/revisions\/15844"}],"wp:featuredmedia":[{"embeddable":true,"href":"https:\/\/www.thesignspeaking.com\/it\/wp-json\/wp\/v2\/media\/15815"}],"wp:attachment":[{"href":"https:\/\/www.thesignspeaking.com\/it\/wp-json\/wp\/v2\/media?parent=15811"}],"wp:term":[{"taxonomy":"category","embeddable":true,"href":"https:\/\/www.thesignspeaking.com\/it\/wp-json\/wp\/v2\/categories?post=15811"},{"taxonomy":"post_tag","embeddable":true,"href":"https:\/\/www.thesignspeaking.com\/it\/wp-json\/wp\/v2\/tags?post=15811"}],"curies":[{"name":"wp","href":"https:\/\/api.w.org\/{rel}","templated":true}]}}