{"id":1582,"date":"2017-06-08T16:49:27","date_gmt":"2017-06-08T14:49:27","guid":{"rendered":"http:\/\/thesignspeaking.com\/2018\/02\/02\/jerusalem-design-week-2017-from-june-8-15-islands-evokes-the-power-of-design\/"},"modified":"2018-06-02T14:21:01","modified_gmt":"2018-06-02T12:21:01","slug":"jerusalem-design-week-2017-from-june-8-15-islands-evokes-the-power-of-design","status":"publish","type":"post","link":"https:\/\/www.thesignspeaking.com\/it\/jerusalem-design-week-2017-from-june-8-15-islands-evokes-the-power-of-design\/","title":{"rendered":"Jerusalem Design Week 2017, from June 8-15 &#8220;Islands&#8221; evokes the power of design"},"content":{"rendered":"<span class=\"cb-itemprop\" itemprop=\"reviewBody\"><p>Fino al 15 giugno a Gerusalemme, una delle citt\u00e0 pi\u00f9 famose al mondo che sta rapidamente diventando un hub del design contemporaneo e internazionale, si terr\u00e0 la sesta edizione della\u00a0<a href=\"http:\/\/jdw.co.il\/\" target=\"\"><b>Jerusalem Design Week<\/b><\/a>\u00a0(JDW), un&#8217;iniziativa di\u00a0<a href=\"http:\/\/hansen.co.il\/en\/\" target=\"\"><b>Hansen House<\/b><\/a>\u00a0&#8211; Center for Design, Media and Technology.<\/p>\n<p>Il tema di quest&#8217;anno, esplorato attraverso varie tematiche, con un articolato programma di mostre e interventi in pi\u00f9 location, \u00e8 <i>Islands<\/i>, riflessione sul cambiamento globale in un\u2019ottica introspettiva e una ridefinizione del concetto di politica, cultura e barriere sociali. Gerusalemme, una citt\u00e0 costruita su sette colline e sede di una moltitudine di comunit\u00e0 culturalmente diverse, \u00e8 in realt\u00e0 sia fisicamente che praticamente una collezione di isole che si manifestano attraverso una multi compresenza che ha definito Gerusalemme fin dai tempi antichi.<\/p>\n<p>Lo spostamento verso un mondo introspettivo da parte delle nazioni, delle comunit\u00e0 e degli individui e la ridefinizione delle barriere sono i temi globali del nostro tempo. Con la crescita di immigrazione e nazionalismi e la diminuzione del senso di sicurezza e salvezza, la globalizzazione viene sostituita dalla ricerca di appartenenza e famiglia, fenomeno attualmente in corso sia nel mondo fisico che nel mondo virtuale.<\/p>\n<p>Riconoscendo queste attuali tendenze socio-politiche, la Jerusalem Design Week intende avviare un dibattito su come il design affronti questi temi e incoraggi lo scambio culturale e la comprensione inaugurando una serie di appuntamenti che proseguiranno nei futuri festival interpretati ogni anno secondo i diversi temi.<\/p>\n<p>Creando legami unici e collaborazioni con istituzioni e partner di tutto il mondo, la Jerusalem Design Week si concentra sull&#8217;ampliamento del dialogo su questioni uniche sia a livello globale che per la citt\u00e0, con una forte enfasi sugli aspetti sociali del design e sulla sua possibilit\u00e0 di influenzare sia i singoli sia le comunit\u00e0.<\/p>\n<p>Il team curatoriale della Jerusalem Design Week, con Anat Safran come Direttore Artistico e Tal Erez come Chief Curator, gestita da Ayelet Dror per\u00a0<a href=\"http:\/\/ranwolf.co.il\/en\/\" target=\"\"><b>Ran Wolf Urban Planning and Project Management<\/b><\/a>, ha invitato oltre cinquanta designer israeliani e internazionali a presentare nuovi lavori, installazioni e progetti sul tema delle \u201cisole\u201d.<\/p>\n<p>&#8220;<i>Il nostro obiettivo \u00e8 quello di creare una piattaforma multicanale per i progettisti di tutte le discipline perch\u00e9 possano esprimere la loro creativit\u00e0 esplorando ogni anno un tema. La complessit\u00e0 del luogo in cui viviamo e lavoriamo, combinata con un&#8217;energia creativa effervescente, \u00e8 un terreno fertile per una straordinaria e unica esperienza: quest&#8217;anno Islands festeggia ed abbraccia il potere del design e la sua capacit\u00e0 unica di trascendere i confini internazionali, evocando il dialogo tra oltre cento delle menti pi\u00f9 diverse e creative del mondo<\/i>&#8221; dice Anat Safran, Artistic direttore della Jerusalem Design Week.<img decoding=\"async\" class=\"alignnone size-large wp-image-7938\" src=\"http:\/\/www.thesignspeaking.com\/wp-content\/uploads\/2017\/06\/poster_print-image-credit-jerusalem-design-week-732x1024.jpg\" alt=\"\" width=\"732\" height=\"1024\" srcset=\"https:\/\/www.thesignspeaking.com\/wp-content\/uploads\/2017\/06\/poster_print-image-credit-jerusalem-design-week-732x1024.jpg 732w, https:\/\/www.thesignspeaking.com\/wp-content\/uploads\/2017\/06\/poster_print-image-credit-jerusalem-design-week-214x300.jpg 214w, https:\/\/www.thesignspeaking.com\/wp-content\/uploads\/2017\/06\/poster_print-image-credit-jerusalem-design-week-768x1075.jpg 768w, https:\/\/www.thesignspeaking.com\/wp-content\/uploads\/2017\/06\/poster_print-image-credit-jerusalem-design-week.jpg 1448w\" sizes=\"(max-width: 732px) 100vw, 732px\" \/> <img decoding=\"async\" class=\"alignnone size-large wp-image-7941\" src=\"http:\/\/www.thesignspeaking.com\/wp-content\/uploads\/2017\/06\/jerusalem-design-week-muslin-brothers-image-credit-itai-benit-683x1024.jpg\" alt=\"\" width=\"683\" height=\"1024\" srcset=\"https:\/\/www.thesignspeaking.com\/wp-content\/uploads\/2017\/06\/jerusalem-design-week-muslin-brothers-image-credit-itai-benit-683x1024.jpg 683w, https:\/\/www.thesignspeaking.com\/wp-content\/uploads\/2017\/06\/jerusalem-design-week-muslin-brothers-image-credit-itai-benit-200x300.jpg 200w, https:\/\/www.thesignspeaking.com\/wp-content\/uploads\/2017\/06\/jerusalem-design-week-muslin-brothers-image-credit-itai-benit-768x1152.jpg 768w, https:\/\/www.thesignspeaking.com\/wp-content\/uploads\/2017\/06\/jerusalem-design-week-muslin-brothers-image-credit-itai-benit.jpg 1667w\" sizes=\"(max-width: 683px) 100vw, 683px\" \/> <img decoding=\"async\" class=\"alignnone size-large wp-image-7940\" src=\"http:\/\/www.thesignspeaking.com\/wp-content\/uploads\/2017\/06\/lithuanian-design-forum-sunset_rise-by-emko-designer-barbora-adamonyte--683x1024.jpg\" alt=\"\" width=\"683\" height=\"1024\" srcset=\"https:\/\/www.thesignspeaking.com\/wp-content\/uploads\/2017\/06\/lithuanian-design-forum-sunset_rise-by-emko-designer-barbora-adamonyte--683x1024.jpg 683w, https:\/\/www.thesignspeaking.com\/wp-content\/uploads\/2017\/06\/lithuanian-design-forum-sunset_rise-by-emko-designer-barbora-adamonyte--200x300.jpg 200w, https:\/\/www.thesignspeaking.com\/wp-content\/uploads\/2017\/06\/lithuanian-design-forum-sunset_rise-by-emko-designer-barbora-adamonyte--768x1151.jpg 768w\" sizes=\"(max-width: 683px) 100vw, 683px\" \/> <img decoding=\"async\" class=\"alignnone size-large wp-image-7939\" src=\"http:\/\/www.thesignspeaking.com\/wp-content\/uploads\/2017\/06\/ronen-bably-studio-magenta-image-credit-lee-zakai-1024x683.jpg\" alt=\"\" width=\"1024\" height=\"683\" srcset=\"https:\/\/www.thesignspeaking.com\/wp-content\/uploads\/2017\/06\/ronen-bably-studio-magenta-image-credit-lee-zakai-1024x683.jpg 1024w, https:\/\/www.thesignspeaking.com\/wp-content\/uploads\/2017\/06\/ronen-bably-studio-magenta-image-credit-lee-zakai-300x200.jpg 300w, https:\/\/www.thesignspeaking.com\/wp-content\/uploads\/2017\/06\/ronen-bably-studio-magenta-image-credit-lee-zakai-768x512.jpg 768w, https:\/\/www.thesignspeaking.com\/wp-content\/uploads\/2017\/06\/ronen-bably-studio-magenta-image-credit-lee-zakai-360x240.jpg 360w\" sizes=\"(max-width: 1024px) 100vw, 1024px\" \/><\/p>\n<\/span>","protected":false},"excerpt":{"rendered":"<p>An exploration of design as a bridge between social, political and cultural boundaries that aims to start a conversation on how design addresses these notions and encourages cultural exchange<\/p>\n","protected":false},"author":3,"featured_media":7938,"comment_status":"open","ping_status":"open","sticky":false,"template":"","format":"standard","meta":[],"categories":[11],"tags":[],"_links":{"self":[{"href":"https:\/\/www.thesignspeaking.com\/it\/wp-json\/wp\/v2\/posts\/1582"}],"collection":[{"href":"https:\/\/www.thesignspeaking.com\/it\/wp-json\/wp\/v2\/posts"}],"about":[{"href":"https:\/\/www.thesignspeaking.com\/it\/wp-json\/wp\/v2\/types\/post"}],"author":[{"embeddable":true,"href":"https:\/\/www.thesignspeaking.com\/it\/wp-json\/wp\/v2\/users\/3"}],"replies":[{"embeddable":true,"href":"https:\/\/www.thesignspeaking.com\/it\/wp-json\/wp\/v2\/comments?post=1582"}],"version-history":[{"count":0,"href":"https:\/\/www.thesignspeaking.com\/it\/wp-json\/wp\/v2\/posts\/1582\/revisions"}],"wp:featuredmedia":[{"embeddable":true,"href":"https:\/\/www.thesignspeaking.com\/it\/wp-json\/wp\/v2\/media\/7938"}],"wp:attachment":[{"href":"https:\/\/www.thesignspeaking.com\/it\/wp-json\/wp\/v2\/media?parent=1582"}],"wp:term":[{"taxonomy":"category","embeddable":true,"href":"https:\/\/www.thesignspeaking.com\/it\/wp-json\/wp\/v2\/categories?post=1582"},{"taxonomy":"post_tag","embeddable":true,"href":"https:\/\/www.thesignspeaking.com\/it\/wp-json\/wp\/v2\/tags?post=1582"}],"curies":[{"name":"wp","href":"https:\/\/api.w.org\/{rel}","templated":true}]}}